{"id":51157,"date":"2020-10-23T10:30:47","date_gmt":"2020-10-23T08:30:47","guid":{"rendered":"https:\/\/colegioaleman.net\/?p=51157"},"modified":"2024-02-22T09:35:00","modified_gmt":"2024-02-22T08:35:00","slug":"el-bosque-tema-central-de-la-agenda-2030","status":"publish","type":"post","link":"https:\/\/colegioaleman.net\/de\/el-bosque-tema-central-de-la-agenda-2030\/","title":{"rendered":"El bosque tema central de la Agenda 2030"},"content":{"rendered":"<p style=\"text-align: justify;\">\n<p style=\"text-align: justify;\">En el <strong>curso escolar 2020-21<\/strong> se ha iniciado la implantaci\u00f3n de la <strong>Agenda 2030 Escolar<\/strong> en los colegios de San Sebasti\u00e1n, que como el Deutsche Schule San Alberto Magno, han mostrado su comprimo con el medio ambiente y han participado en las diversas actividades organizadas desde la <a href=\"https:\/\/www.cristinaenea.eus\/es\/mnu\/centro-de-recursos-ambientales-agenda-21-escolar\">Fundaci\u00f3n Cristina Enea<\/a>. Este a\u00f1o el tema que se tratar\u00e1 ser\u00e1 &#8222;el bosque&#8220;.<\/p>\n<p style=\"text-align: justify;\">Cerca de 17.000 alumnos y alumnas de los 28 colegios donostiarras participantes reflexionar\u00e1n durante este curso sobre los beneficios, y tambi\u00e9n los peligros del bosque. Nuestro alumnado realizar\u00e1 un diagn\u00f3stico de la situaci\u00f3n municipal y de nuestro entorno y as\u00ed poder presentar las mejoras que consideren oportunas. Estas propuestas, que primero ser\u00e1n debatidas en clase, las llevar\u00e1n hasta el Ayuntamiento de San Sebasti\u00e1n para plante\u00e1rselas al alcalde, Eneko Goia, del que esperan obtener un compromiso para llevarlas a cabo.<\/p>\n<p style=\"text-align: justify;\">La <strong>Asamblea General de Naciones Unidas<\/strong> aprob\u00f3 en <strong>2015<\/strong> por unanimidad la <strong>Agenda 2030 para el Desarrollo Sostenible<\/strong>. Un plan de acci\u00f3n universal que est\u00e1 enfocado a favorecer el desarrollo humano con car\u00e1cter sostenible en el \u00e1mbito econ\u00f3mico, social y del medio ambiente. La<strong> Agenda 2030 <\/strong>retoma los Objetivos de desarrollo del Milenio (2000-2015) y da un nuevo impulso al compromiso para la consecuci\u00f3n de los 17 Objetivos de Desarrollo Sostenible (ODS).<\/p>\n","protected":false},"excerpt":{"rendered":"<p>En el curso escolar 2020-21 se ha iniciado la implantaci\u00f3n de la Agenda 2030 Escolar en los colegios de San Sebasti\u00e1n, que como el Deutsche Schule San Alberto Magno, han mostrado su comprimo con el medio ambiente y han participado en las diversas actividades organizadas desde la Fundaci\u00f3n Cristina Enea. Este a\u00f1o el tema que [&hellip;]<\/p>\n","protected":false},"author":4,"featured_media":61034,"comment_status":"closed","ping_status":"closed","sticky":false,"template":"","format":"standard","meta":{"site-sidebar-layout":"default","site-content-layout":"","ast-site-content-layout":"default","site-content-style":"default","site-sidebar-style":"default","ast-global-header-display":"","ast-banner-title-visibility":"","ast-main-header-display":"","ast-hfb-above-header-display":"","ast-hfb-below-header-display":"","ast-hfb-mobile-header-display":"","site-post-title":"","ast-breadcrumbs-content":"","ast-featured-img":"","footer-sml-layout":"","ast-disable-related-posts":"","theme-transparent-header-meta":"","adv-header-id-meta":"","stick-header-meta":"","header-above-stick-meta":"","header-main-stick-meta":"","header-below-stick-meta":"","astra-migrate-meta-layouts":"set","ast-page-background-enabled":"default","ast-page-background-meta":{"desktop":{"background-color":"var(--ast-global-color-4)","background-image":"","background-repeat":"repeat","background-position":"center center","background-size":"auto","background-attachment":"scroll","background-type":"","background-media":"","overlay-type":"","overlay-color":"","overlay-opacity":"","overlay-gradient":""},"tablet":{"background-color":"","background-image":"","background-repeat":"repeat","background-position":"center center","background-size":"auto","background-attachment":"scroll","background-type":"","background-media":"","overlay-type":"","overlay-color":"","overlay-opacity":"","overlay-gradient":""},"mobile":{"background-color":"","background-image":"","background-repeat":"repeat","background-position":"center center","background-size":"auto","background-attachment":"scroll","background-type":"","background-media":"","overlay-type":"","overlay-color":"","overlay-opacity":"","overlay-gradient":""}},"ast-content-background-meta":{"desktop":{"background-color":"var(--ast-global-color-5)","background-image":"","background-repeat":"repeat","background-position":"center center","background-size":"auto","background-attachment":"scroll","background-type":"","background-media":"","overlay-type":"","overlay-color":"","overlay-opacity":"","overlay-gradient":""},"tablet":{"background-color":"var(--ast-global-color-5)","background-image":"","background-repeat":"repeat","background-position":"center center","background-size":"auto","background-attachment":"scroll","background-type":"","background-media":"","overlay-type":"","overlay-color":"","overlay-opacity":"","overlay-gradient":""},"mobile":{"background-color":"var(--ast-global-color-5)","background-image":"","background-repeat":"repeat","background-position":"center center","background-size":"auto","background-attachment":"scroll","background-type":"","background-media":"","overlay-type":"","overlay-color":"","overlay-opacity":"","overlay-gradient":""}},"footnotes":""},"categories":[22],"tags":[],"class_list":["post-51157","post","type-post","status-publish","format-standard","has-post-thumbnail","hentry","category-noticias"],"yoast_head":"<!-- This site is optimized with the Yoast SEO plugin v27.4 - https:\/\/yoast.com\/product\/yoast-seo-wordpress\/ -->\n<title>El bosque tema central de la Agenda 2030<\/title>\n<meta name=\"robots\" content=\"index, follow, max-snippet:-1, max-image-preview:large, max-video-preview:-1\" \/>\n<link rel=\"canonical\" href=\"https:\/\/colegioaleman.net\/de\/el-bosque-tema-central-de-la-agenda-2030\/\" \/>\n<meta property=\"og:locale\" content=\"de_DE\" \/>\n<meta property=\"og:type\" content=\"article\" \/>\n<meta property=\"og:title\" content=\"El bosque tema central de la Agenda 2030\" \/>\n<meta property=\"og:description\" content=\"En el curso escolar 2020-21 se ha iniciado la implantaci\u00f3n de la Agenda 2030 Escolar en los colegios de San Sebasti\u00e1n, que como el Deutsche Schule San Alberto Magno, han mostrado su comprimo con el medio ambiente y han participado en las diversas actividades organizadas desde la Fundaci\u00f3n Cristina Enea. Este a\u00f1o el tema que [&hellip;]\" \/>\n<meta property=\"og:url\" content=\"https:\/\/colegioaleman.net\/de\/el-bosque-tema-central-de-la-agenda-2030\/\" \/>\n<meta property=\"og:site_name\" content=\"Deutsche Schule San Sebasti&aacute;n\" \/>\n<meta property=\"article:published_time\" content=\"2020-10-23T08:30:47+00:00\" \/>\n<meta property=\"article:modified_time\" content=\"2024-02-22T08:35:00+00:00\" \/>\n<meta property=\"og:image\" content=\"https:\/\/colegioaleman.net\/wp-content\/uploads\/2024\/02\/bosque.jpg\" \/>\n\t<meta property=\"og:image:width\" content=\"878\" \/>\n\t<meta property=\"og:image:height\" content=\"658\" \/>\n\t<meta property=\"og:image:type\" content=\"image\/jpeg\" \/>\n<meta name=\"author\" content=\"Deutsche Schule\" \/>\n<meta name=\"twitter:card\" content=\"summary_large_image\" \/>\n<meta name=\"twitter:label1\" content=\"Verfasst von\" \/>\n\t<meta name=\"twitter:data1\" content=\"Deutsche Schule\" \/>\n\t<meta name=\"twitter:label2\" content=\"Gesch\u00e4tzte Lesezeit\" \/>\n\t<meta name=\"twitter:data2\" content=\"1\u00a0Minute\" \/>\n<script type=\"application\/ld+json\" class=\"yoast-schema-graph\">{\"@context\":\"https:\\\/\\\/schema.org\",\"@graph\":[{\"@type\":\"NewsArticle\",\"@id\":\"https:\\\/\\\/colegioaleman.net\\\/de\\\/el-bosque-tema-central-de-la-agenda-2030\\\/#article\",\"isPartOf\":{\"@id\":\"https:\\\/\\\/colegioaleman.net\\\/de\\\/el-bosque-tema-central-de-la-agenda-2030\\\/\"},\"author\":{\"name\":\"Deutsche Schule\",\"@id\":\"https:\\\/\\\/colegioaleman.net\\\/de\\\/#\\\/schema\\\/person\\\/d45e1d2da47784535d1ce5b89bc177a6\"},\"headline\":\"El bosque tema central de la Agenda 2030\",\"datePublished\":\"2020-10-23T08:30:47+00:00\",\"dateModified\":\"2024-02-22T08:35:00+00:00\",\"mainEntityOfPage\":{\"@id\":\"https:\\\/\\\/colegioaleman.net\\\/de\\\/el-bosque-tema-central-de-la-agenda-2030\\\/\"},\"wordCount\":227,\"image\":{\"@id\":\"https:\\\/\\\/colegioaleman.net\\\/de\\\/el-bosque-tema-central-de-la-agenda-2030\\\/#primaryimage\"},\"thumbnailUrl\":\"https:\\\/\\\/colegioaleman.net\\\/wp-content\\\/uploads\\\/2024\\\/02\\\/bosque.jpg\",\"articleSection\":[\"Novedades DS\"],\"inLanguage\":\"de\"},{\"@type\":[\"WebPage\",\"ItemPage\"],\"@id\":\"https:\\\/\\\/colegioaleman.net\\\/de\\\/el-bosque-tema-central-de-la-agenda-2030\\\/\",\"url\":\"https:\\\/\\\/colegioaleman.net\\\/de\\\/el-bosque-tema-central-de-la-agenda-2030\\\/\",\"name\":\"El bosque tema central de la Agenda 2030\",\"isPartOf\":{\"@id\":\"https:\\\/\\\/colegioaleman.net\\\/de\\\/#website\"},\"primaryImageOfPage\":{\"@id\":\"https:\\\/\\\/colegioaleman.net\\\/de\\\/el-bosque-tema-central-de-la-agenda-2030\\\/#primaryimage\"},\"image\":{\"@id\":\"https:\\\/\\\/colegioaleman.net\\\/de\\\/el-bosque-tema-central-de-la-agenda-2030\\\/#primaryimage\"},\"thumbnailUrl\":\"https:\\\/\\\/colegioaleman.net\\\/wp-content\\\/uploads\\\/2024\\\/02\\\/bosque.jpg\",\"datePublished\":\"2020-10-23T08:30:47+00:00\",\"dateModified\":\"2024-02-22T08:35:00+00:00\",\"author\":{\"@id\":\"https:\\\/\\\/colegioaleman.net\\\/de\\\/#\\\/schema\\\/person\\\/d45e1d2da47784535d1ce5b89bc177a6\"},\"breadcrumb\":{\"@id\":\"https:\\\/\\\/colegioaleman.net\\\/de\\\/el-bosque-tema-central-de-la-agenda-2030\\\/#breadcrumb\"},\"inLanguage\":\"de\",\"potentialAction\":[{\"@type\":\"ReadAction\",\"target\":[\"https:\\\/\\\/colegioaleman.net\\\/de\\\/el-bosque-tema-central-de-la-agenda-2030\\\/\"]}]},{\"@type\":\"ImageObject\",\"inLanguage\":\"de\",\"@id\":\"https:\\\/\\\/colegioaleman.net\\\/de\\\/el-bosque-tema-central-de-la-agenda-2030\\\/#primaryimage\",\"url\":\"https:\\\/\\\/colegioaleman.net\\\/wp-content\\\/uploads\\\/2024\\\/02\\\/bosque.jpg\",\"contentUrl\":\"https:\\\/\\\/colegioaleman.net\\\/wp-content\\\/uploads\\\/2024\\\/02\\\/bosque.jpg\",\"width\":878,\"height\":658},{\"@type\":\"BreadcrumbList\",\"@id\":\"https:\\\/\\\/colegioaleman.net\\\/de\\\/el-bosque-tema-central-de-la-agenda-2030\\\/#breadcrumb\",\"itemListElement\":[{\"@type\":\"ListItem\",\"position\":1,\"name\":\"Home\",\"item\":\"https:\\\/\\\/colegioaleman.net\\\/de\\\/\"},{\"@type\":\"ListItem\",\"position\":2,\"name\":\"El bosque tema central de la Agenda 2030\"}]},{\"@type\":\"WebSite\",\"@id\":\"https:\\\/\\\/colegioaleman.net\\\/de\\\/#website\",\"url\":\"https:\\\/\\\/colegioaleman.net\\\/de\\\/\",\"name\":\"Deutsche Schule San Sebasti&aacute;n\",\"description\":\"Colegio Alem&aacute;n San Alberto Magno\",\"potentialAction\":[{\"@type\":\"SearchAction\",\"target\":{\"@type\":\"EntryPoint\",\"urlTemplate\":\"https:\\\/\\\/colegioaleman.net\\\/de\\\/?s={search_term_string}\"},\"query-input\":{\"@type\":\"PropertyValueSpecification\",\"valueRequired\":true,\"valueName\":\"search_term_string\"}}],\"inLanguage\":\"de\"},{\"@type\":\"Person\",\"@id\":\"https:\\\/\\\/colegioaleman.net\\\/de\\\/#\\\/schema\\\/person\\\/d45e1d2da47784535d1ce5b89bc177a6\",\"name\":\"Deutsche Schule\",\"image\":{\"@type\":\"ImageObject\",\"inLanguage\":\"de\",\"@id\":\"https:\\\/\\\/secure.gravatar.com\\\/avatar\\\/?s=96&d=mm&r=g\",\"url\":\"https:\\\/\\\/secure.gravatar.com\\\/avatar\\\/?s=96&d=mm&r=g\",\"contentUrl\":\"https:\\\/\\\/secure.gravatar.com\\\/avatar\\\/?s=96&d=mm&r=g\",\"caption\":\"Deutsche Schule\"}}]}<\/script>\n<!-- \/ Yoast SEO plugin. -->","yoast_head_json":{"title":"El bosque tema central de la Agenda 2030","robots":{"index":"index","follow":"follow","max-snippet":"max-snippet:-1","max-image-preview":"max-image-preview:large","max-video-preview":"max-video-preview:-1"},"canonical":"https:\/\/colegioaleman.net\/de\/el-bosque-tema-central-de-la-agenda-2030\/","og_locale":"de_DE","og_type":"article","og_title":"El bosque tema central de la Agenda 2030","og_description":"En el curso escolar 2020-21 se ha iniciado la implantaci\u00f3n de la Agenda 2030 Escolar en los colegios de San Sebasti\u00e1n, que como el Deutsche Schule San Alberto Magno, han mostrado su comprimo con el medio ambiente y han participado en las diversas actividades organizadas desde la Fundaci\u00f3n Cristina Enea. Este a\u00f1o el tema que [&hellip;]","og_url":"https:\/\/colegioaleman.net\/de\/el-bosque-tema-central-de-la-agenda-2030\/","og_site_name":"Deutsche Schule San Sebasti&aacute;n","article_published_time":"2020-10-23T08:30:47+00:00","article_modified_time":"2024-02-22T08:35:00+00:00","og_image":[{"width":878,"height":658,"url":"https:\/\/colegioaleman.net\/wp-content\/uploads\/2024\/02\/bosque.jpg","type":"image\/jpeg"}],"author":"Deutsche Schule","twitter_card":"summary_large_image","twitter_misc":{"Verfasst von":"Deutsche Schule","Gesch\u00e4tzte Lesezeit":"1\u00a0Minute"},"schema":{"@context":"https:\/\/schema.org","@graph":[{"@type":"NewsArticle","@id":"https:\/\/colegioaleman.net\/de\/el-bosque-tema-central-de-la-agenda-2030\/#article","isPartOf":{"@id":"https:\/\/colegioaleman.net\/de\/el-bosque-tema-central-de-la-agenda-2030\/"},"author":{"name":"Deutsche Schule","@id":"https:\/\/colegioaleman.net\/de\/#\/schema\/person\/d45e1d2da47784535d1ce5b89bc177a6"},"headline":"El bosque tema central de la Agenda 2030","datePublished":"2020-10-23T08:30:47+00:00","dateModified":"2024-02-22T08:35:00+00:00","mainEntityOfPage":{"@id":"https:\/\/colegioaleman.net\/de\/el-bosque-tema-central-de-la-agenda-2030\/"},"wordCount":227,"image":{"@id":"https:\/\/colegioaleman.net\/de\/el-bosque-tema-central-de-la-agenda-2030\/#primaryimage"},"thumbnailUrl":"https:\/\/colegioaleman.net\/wp-content\/uploads\/2024\/02\/bosque.jpg","articleSection":["Novedades DS"],"inLanguage":"de"},{"@type":["WebPage","ItemPage"],"@id":"https:\/\/colegioaleman.net\/de\/el-bosque-tema-central-de-la-agenda-2030\/","url":"https:\/\/colegioaleman.net\/de\/el-bosque-tema-central-de-la-agenda-2030\/","name":"El bosque tema central de la Agenda 2030","isPartOf":{"@id":"https:\/\/colegioaleman.net\/de\/#website"},"primaryImageOfPage":{"@id":"https:\/\/colegioaleman.net\/de\/el-bosque-tema-central-de-la-agenda-2030\/#primaryimage"},"image":{"@id":"https:\/\/colegioaleman.net\/de\/el-bosque-tema-central-de-la-agenda-2030\/#primaryimage"},"thumbnailUrl":"https:\/\/colegioaleman.net\/wp-content\/uploads\/2024\/02\/bosque.jpg","datePublished":"2020-10-23T08:30:47+00:00","dateModified":"2024-02-22T08:35:00+00:00","author":{"@id":"https:\/\/colegioaleman.net\/de\/#\/schema\/person\/d45e1d2da47784535d1ce5b89bc177a6"},"breadcrumb":{"@id":"https:\/\/colegioaleman.net\/de\/el-bosque-tema-central-de-la-agenda-2030\/#breadcrumb"},"inLanguage":"de","potentialAction":[{"@type":"ReadAction","target":["https:\/\/colegioaleman.net\/de\/el-bosque-tema-central-de-la-agenda-2030\/"]}]},{"@type":"ImageObject","inLanguage":"de","@id":"https:\/\/colegioaleman.net\/de\/el-bosque-tema-central-de-la-agenda-2030\/#primaryimage","url":"https:\/\/colegioaleman.net\/wp-content\/uploads\/2024\/02\/bosque.jpg","contentUrl":"https:\/\/colegioaleman.net\/wp-content\/uploads\/2024\/02\/bosque.jpg","width":878,"height":658},{"@type":"BreadcrumbList","@id":"https:\/\/colegioaleman.net\/de\/el-bosque-tema-central-de-la-agenda-2030\/#breadcrumb","itemListElement":[{"@type":"ListItem","position":1,"name":"Home","item":"https:\/\/colegioaleman.net\/de\/"},{"@type":"ListItem","position":2,"name":"El bosque tema central de la Agenda 2030"}]},{"@type":"WebSite","@id":"https:\/\/colegioaleman.net\/de\/#website","url":"https:\/\/colegioaleman.net\/de\/","name":"Deutsche Schule San Sebasti&aacute;n","description":"Colegio Alem&aacute;n San Alberto Magno","potentialAction":[{"@type":"SearchAction","target":{"@type":"EntryPoint","urlTemplate":"https:\/\/colegioaleman.net\/de\/?s={search_term_string}"},"query-input":{"@type":"PropertyValueSpecification","valueRequired":true,"valueName":"search_term_string"}}],"inLanguage":"de"},{"@type":"Person","@id":"https:\/\/colegioaleman.net\/de\/#\/schema\/person\/d45e1d2da47784535d1ce5b89bc177a6","name":"Deutsche Schule","image":{"@type":"ImageObject","inLanguage":"de","@id":"https:\/\/secure.gravatar.com\/avatar\/?s=96&d=mm&r=g","url":"https:\/\/secure.gravatar.com\/avatar\/?s=96&d=mm&r=g","contentUrl":"https:\/\/secure.gravatar.com\/avatar\/?s=96&d=mm&r=g","caption":"Deutsche Schule"}}]}},"_links":{"self":[{"href":"https:\/\/colegioaleman.net\/de\/wp-json\/wp\/v2\/posts\/51157","targetHints":{"allow":["GET"]}}],"collection":[{"href":"https:\/\/colegioaleman.net\/de\/wp-json\/wp\/v2\/posts"}],"about":[{"href":"https:\/\/colegioaleman.net\/de\/wp-json\/wp\/v2\/types\/post"}],"author":[{"embeddable":true,"href":"https:\/\/colegioaleman.net\/de\/wp-json\/wp\/v2\/users\/4"}],"replies":[{"embeddable":true,"href":"https:\/\/colegioaleman.net\/de\/wp-json\/wp\/v2\/comments?post=51157"}],"version-history":[{"count":0,"href":"https:\/\/colegioaleman.net\/de\/wp-json\/wp\/v2\/posts\/51157\/revisions"}],"wp:featuredmedia":[{"embeddable":true,"href":"https:\/\/colegioaleman.net\/de\/wp-json\/wp\/v2\/media\/61034"}],"wp:attachment":[{"href":"https:\/\/colegioaleman.net\/de\/wp-json\/wp\/v2\/media?parent=51157"}],"wp:term":[{"taxonomy":"category","embeddable":true,"href":"https:\/\/colegioaleman.net\/de\/wp-json\/wp\/v2\/categories?post=51157"},{"taxonomy":"post_tag","embeddable":true,"href":"https:\/\/colegioaleman.net\/de\/wp-json\/wp\/v2\/tags?post=51157"}],"curies":[{"name":"wp","href":"https:\/\/api.w.org\/{rel}","templated":true}]}}