{"id":57793,"date":"2023-09-12T11:28:14","date_gmt":"2023-09-12T09:28:14","guid":{"rendered":"https:\/\/colegioaleman.net\/?p=57793"},"modified":"2024-02-23T10:39:08","modified_gmt":"2024-02-23T09:39:08","slug":"schultute-2023","status":"publish","type":"post","link":"https:\/\/colegioaleman.net\/de\/schultute-2023\/","title":{"rendered":"Schult\u00fcte 2023"},"content":{"rendered":"<p>Un a\u00f1o m\u00e1s, celebramos Schult\u00fcte 2023 con educaci\u00f3n primaria<\/p>\n<p>Die Einschulungsfeier con su tradicional Schult\u00fcte, es la fiesta que celebra el alumnado de 1\u00ba EP por motivo de su escolarizaci\u00f3n tras superar la fase de Kindergarten. \u00a1Celebramos la fiesta del cucurucho!!<\/p>\n<p>Se trata de un evento en el que las tutoras y los tutores de 1\u00ba EP dan la bienvenida al alumnado por motivo de su inicio en la nueva etapa, que es recibido adem\u00e1s, con una peque\u00f1a obra de teatro por parte del alumnado de 4\u00ba EP<\/p>\n<p>Tras la actuaci\u00f3n, el alumnado de 4\u00ba EP hace entrega de la &#8222;Schult\u00fcte&#8220; a cada alumno y alumna, un colorido cucurucho de cart\u00f3n repleto de bol\u00edgrafos, l\u00e1pices de colores, sacapuntas, goma de borrar y el correspondiente estuche, para que guarden en \u00e9l todo el material escolar que han recibido.<\/p>\n\n\n<figure class=\"wp-block-gallery has-nested-images columns-default is-cropped wp-block-gallery-1 is-layout-flex wp-block-gallery-is-layout-flex\">\n<figure class=\"wp-block-image size-large\"><img fetchpriority=\"high\" decoding=\"async\" width=\"1024\" height=\"768\" data-id=\"61770\" src=\"https:\/\/colegioaleman.net\/wp-content\/uploads\/2024\/02\/1-15-1024x768.jpg\" alt=\"\" class=\"wp-image-61770\" srcset=\"https:\/\/colegioaleman.net\/wp-content\/uploads\/2024\/02\/1-15-1024x768.jpg 1024w, https:\/\/colegioaleman.net\/wp-content\/uploads\/2024\/02\/1-15-300x225.jpg 300w, https:\/\/colegioaleman.net\/wp-content\/uploads\/2024\/02\/1-15-768x576.jpg 768w, https:\/\/colegioaleman.net\/wp-content\/uploads\/2024\/02\/1-15.jpg 1080w\" sizes=\"(max-width: 1024px) 100vw, 1024px\" \/><\/figure>\n\n\n\n<figure class=\"wp-block-image size-large\"><img decoding=\"async\" width=\"1024\" height=\"768\" data-id=\"61771\" src=\"https:\/\/colegioaleman.net\/wp-content\/uploads\/2024\/02\/2-15-1024x768.jpg\" alt=\"\" class=\"wp-image-61771\" srcset=\"https:\/\/colegioaleman.net\/wp-content\/uploads\/2024\/02\/2-15-1024x768.jpg 1024w, https:\/\/colegioaleman.net\/wp-content\/uploads\/2024\/02\/2-15-300x225.jpg 300w, https:\/\/colegioaleman.net\/wp-content\/uploads\/2024\/02\/2-15-768x576.jpg 768w, https:\/\/colegioaleman.net\/wp-content\/uploads\/2024\/02\/2-15.jpg 1080w\" sizes=\"(max-width: 1024px) 100vw, 1024px\" \/><\/figure>\n<\/figure>\n","protected":false},"excerpt":{"rendered":"<p>Un a\u00f1o m\u00e1s, celebramos Schult\u00fcte 2023 con educaci\u00f3n primaria Die Einschulungsfeier con su tradicional Schult\u00fcte, es la fiesta que celebra el alumnado de 1\u00ba EP por motivo de su escolarizaci\u00f3n tras superar la fase de Kindergarten. \u00a1Celebramos la fiesta del cucurucho!! Se trata de un evento en el que las tutoras y los tutores de [&hellip;]<\/p>\n","protected":false},"author":4,"featured_media":61774,"comment_status":"closed","ping_status":"closed","sticky":false,"template":"","format":"standard","meta":{"site-sidebar-layout":"default","site-content-layout":"","ast-site-content-layout":"default","site-content-style":"default","site-sidebar-style":"default","ast-global-header-display":"","ast-banner-title-visibility":"","ast-main-header-display":"","ast-hfb-above-header-display":"","ast-hfb-below-header-display":"","ast-hfb-mobile-header-display":"","site-post-title":"","ast-breadcrumbs-content":"","ast-featured-img":"disabled","footer-sml-layout":"","ast-disable-related-posts":"","theme-transparent-header-meta":"","adv-header-id-meta":"","stick-header-meta":"","header-above-stick-meta":"","header-main-stick-meta":"","header-below-stick-meta":"","astra-migrate-meta-layouts":"set","ast-page-background-enabled":"default","ast-page-background-meta":{"desktop":{"background-color":"var(--ast-global-color-4)","background-image":"","background-repeat":"repeat","background-position":"center center","background-size":"auto","background-attachment":"scroll","background-type":"","background-media":"","overlay-type":"","overlay-color":"","overlay-opacity":"","overlay-gradient":""},"tablet":{"background-color":"","background-image":"","background-repeat":"repeat","background-position":"center center","background-size":"auto","background-attachment":"scroll","background-type":"","background-media":"","overlay-type":"","overlay-color":"","overlay-opacity":"","overlay-gradient":""},"mobile":{"background-color":"","background-image":"","background-repeat":"repeat","background-position":"center center","background-size":"auto","background-attachment":"scroll","background-type":"","background-media":"","overlay-type":"","overlay-color":"","overlay-opacity":"","overlay-gradient":""}},"ast-content-background-meta":{"desktop":{"background-color":"var(--ast-global-color-5)","background-image":"","background-repeat":"repeat","background-position":"center center","background-size":"auto","background-attachment":"scroll","background-type":"","background-media":"","overlay-type":"","overlay-color":"","overlay-opacity":"","overlay-gradient":""},"tablet":{"background-color":"var(--ast-global-color-5)","background-image":"","background-repeat":"repeat","background-position":"center center","background-size":"auto","background-attachment":"scroll","background-type":"","background-media":"","overlay-type":"","overlay-color":"","overlay-opacity":"","overlay-gradient":""},"mobile":{"background-color":"var(--ast-global-color-5)","background-image":"","background-repeat":"repeat","background-position":"center center","background-size":"auto","background-attachment":"scroll","background-type":"","background-media":"","overlay-type":"","overlay-color":"","overlay-opacity":"","overlay-gradient":""}},"footnotes":""},"categories":[19],"tags":[],"class_list":["post-57793","post","type-post","status-publish","format-standard","has-post-thumbnail","hentry","category-primaria"],"yoast_head":"<!-- This site is optimized with the Yoast SEO plugin v27.4 - https:\/\/yoast.com\/product\/yoast-seo-wordpress\/ -->\n<title>Schult\u00fcte 2023<\/title>\n<meta name=\"robots\" content=\"index, follow, max-snippet:-1, max-image-preview:large, max-video-preview:-1\" \/>\n<link rel=\"canonical\" href=\"https:\/\/colegioaleman.net\/de\/schultute-2023\/\" \/>\n<meta property=\"og:locale\" content=\"de_DE\" \/>\n<meta property=\"og:type\" content=\"article\" \/>\n<meta property=\"og:title\" content=\"Schult\u00fcte 2023\" \/>\n<meta property=\"og:description\" content=\"Un a\u00f1o m\u00e1s, celebramos Schult\u00fcte 2023 con educaci\u00f3n primaria Die Einschulungsfeier con su tradicional Schult\u00fcte, es la fiesta que celebra el alumnado de 1\u00ba EP por motivo de su escolarizaci\u00f3n tras superar la fase de Kindergarten. \u00a1Celebramos la fiesta del cucurucho!! Se trata de un evento en el que las tutoras y los tutores de [&hellip;]\" \/>\n<meta property=\"og:url\" content=\"https:\/\/colegioaleman.net\/de\/schultute-2023\/\" \/>\n<meta property=\"og:site_name\" content=\"Deutsche Schule San Sebasti&aacute;n\" \/>\n<meta property=\"article:published_time\" content=\"2023-09-12T09:28:14+00:00\" \/>\n<meta property=\"article:modified_time\" content=\"2024-02-23T09:39:08+00:00\" \/>\n<meta property=\"og:image\" content=\"https:\/\/colegioaleman.net\/wp-content\/uploads\/2023\/09\/1.jpg\" \/>\n\t<meta property=\"og:image:width\" content=\"1080\" \/>\n\t<meta property=\"og:image:height\" content=\"810\" \/>\n\t<meta property=\"og:image:type\" content=\"image\/jpeg\" \/>\n<meta name=\"author\" content=\"Deutsche Schule\" \/>\n<meta name=\"twitter:card\" content=\"summary_large_image\" \/>\n<meta name=\"twitter:label1\" content=\"Verfasst von\" \/>\n\t<meta name=\"twitter:data1\" content=\"Deutsche Schule\" \/>\n\t<meta name=\"twitter:label2\" content=\"Gesch\u00e4tzte Lesezeit\" \/>\n\t<meta name=\"twitter:data2\" content=\"2\u00a0Minuten\" \/>\n<script type=\"application\/ld+json\" class=\"yoast-schema-graph\">{\"@context\":\"https:\\\/\\\/schema.org\",\"@graph\":[{\"@type\":\"NewsArticle\",\"@id\":\"https:\\\/\\\/colegioaleman.net\\\/de\\\/schultute-2023\\\/#article\",\"isPartOf\":{\"@id\":\"https:\\\/\\\/colegioaleman.net\\\/de\\\/schultute-2023\\\/\"},\"author\":{\"name\":\"Deutsche Schule\",\"@id\":\"https:\\\/\\\/colegioaleman.net\\\/de\\\/#\\\/schema\\\/person\\\/d45e1d2da47784535d1ce5b89bc177a6\"},\"headline\":\"Schult\u00fcte 2023\",\"datePublished\":\"2023-09-12T09:28:14+00:00\",\"dateModified\":\"2024-02-23T09:39:08+00:00\",\"mainEntityOfPage\":{\"@id\":\"https:\\\/\\\/colegioaleman.net\\\/de\\\/schultute-2023\\\/\"},\"wordCount\":147,\"image\":{\"@id\":\"https:\\\/\\\/colegioaleman.net\\\/de\\\/schultute-2023\\\/#primaryimage\"},\"thumbnailUrl\":\"https:\\\/\\\/colegioaleman.net\\\/wp-content\\\/uploads\\\/2023\\\/09\\\/1.jpg\",\"articleSection\":[\"Primaria\"],\"inLanguage\":\"de\"},{\"@type\":[\"WebPage\",\"ItemPage\"],\"@id\":\"https:\\\/\\\/colegioaleman.net\\\/de\\\/schultute-2023\\\/\",\"url\":\"https:\\\/\\\/colegioaleman.net\\\/de\\\/schultute-2023\\\/\",\"name\":\"Schult\u00fcte 2023\",\"isPartOf\":{\"@id\":\"https:\\\/\\\/colegioaleman.net\\\/de\\\/#website\"},\"primaryImageOfPage\":{\"@id\":\"https:\\\/\\\/colegioaleman.net\\\/de\\\/schultute-2023\\\/#primaryimage\"},\"image\":{\"@id\":\"https:\\\/\\\/colegioaleman.net\\\/de\\\/schultute-2023\\\/#primaryimage\"},\"thumbnailUrl\":\"https:\\\/\\\/colegioaleman.net\\\/wp-content\\\/uploads\\\/2023\\\/09\\\/1.jpg\",\"datePublished\":\"2023-09-12T09:28:14+00:00\",\"dateModified\":\"2024-02-23T09:39:08+00:00\",\"author\":{\"@id\":\"https:\\\/\\\/colegioaleman.net\\\/de\\\/#\\\/schema\\\/person\\\/d45e1d2da47784535d1ce5b89bc177a6\"},\"breadcrumb\":{\"@id\":\"https:\\\/\\\/colegioaleman.net\\\/de\\\/schultute-2023\\\/#breadcrumb\"},\"inLanguage\":\"de\",\"potentialAction\":[{\"@type\":\"ReadAction\",\"target\":[\"https:\\\/\\\/colegioaleman.net\\\/de\\\/schultute-2023\\\/\"]}]},{\"@type\":\"ImageObject\",\"inLanguage\":\"de\",\"@id\":\"https:\\\/\\\/colegioaleman.net\\\/de\\\/schultute-2023\\\/#primaryimage\",\"url\":\"https:\\\/\\\/colegioaleman.net\\\/wp-content\\\/uploads\\\/2023\\\/09\\\/1.jpg\",\"contentUrl\":\"https:\\\/\\\/colegioaleman.net\\\/wp-content\\\/uploads\\\/2023\\\/09\\\/1.jpg\",\"width\":1080,\"height\":810},{\"@type\":\"BreadcrumbList\",\"@id\":\"https:\\\/\\\/colegioaleman.net\\\/de\\\/schultute-2023\\\/#breadcrumb\",\"itemListElement\":[{\"@type\":\"ListItem\",\"position\":1,\"name\":\"Home\",\"item\":\"https:\\\/\\\/colegioaleman.net\\\/de\\\/\"},{\"@type\":\"ListItem\",\"position\":2,\"name\":\"Schult\u00fcte 2023\"}]},{\"@type\":\"WebSite\",\"@id\":\"https:\\\/\\\/colegioaleman.net\\\/de\\\/#website\",\"url\":\"https:\\\/\\\/colegioaleman.net\\\/de\\\/\",\"name\":\"Deutsche Schule San Sebasti&aacute;n\",\"description\":\"Colegio Alem&aacute;n San Alberto Magno\",\"potentialAction\":[{\"@type\":\"SearchAction\",\"target\":{\"@type\":\"EntryPoint\",\"urlTemplate\":\"https:\\\/\\\/colegioaleman.net\\\/de\\\/?s={search_term_string}\"},\"query-input\":{\"@type\":\"PropertyValueSpecification\",\"valueRequired\":true,\"valueName\":\"search_term_string\"}}],\"inLanguage\":\"de\"},{\"@type\":\"Person\",\"@id\":\"https:\\\/\\\/colegioaleman.net\\\/de\\\/#\\\/schema\\\/person\\\/d45e1d2da47784535d1ce5b89bc177a6\",\"name\":\"Deutsche Schule\",\"image\":{\"@type\":\"ImageObject\",\"inLanguage\":\"de\",\"@id\":\"https:\\\/\\\/secure.gravatar.com\\\/avatar\\\/?s=96&d=mm&r=g\",\"url\":\"https:\\\/\\\/secure.gravatar.com\\\/avatar\\\/?s=96&d=mm&r=g\",\"contentUrl\":\"https:\\\/\\\/secure.gravatar.com\\\/avatar\\\/?s=96&d=mm&r=g\",\"caption\":\"Deutsche Schule\"}}]}<\/script>\n<!-- \/ Yoast SEO plugin. -->","yoast_head_json":{"title":"Schult\u00fcte 2023","robots":{"index":"index","follow":"follow","max-snippet":"max-snippet:-1","max-image-preview":"max-image-preview:large","max-video-preview":"max-video-preview:-1"},"canonical":"https:\/\/colegioaleman.net\/de\/schultute-2023\/","og_locale":"de_DE","og_type":"article","og_title":"Schult\u00fcte 2023","og_description":"Un a\u00f1o m\u00e1s, celebramos Schult\u00fcte 2023 con educaci\u00f3n primaria Die Einschulungsfeier con su tradicional Schult\u00fcte, es la fiesta que celebra el alumnado de 1\u00ba EP por motivo de su escolarizaci\u00f3n tras superar la fase de Kindergarten. \u00a1Celebramos la fiesta del cucurucho!! Se trata de un evento en el que las tutoras y los tutores de [&hellip;]","og_url":"https:\/\/colegioaleman.net\/de\/schultute-2023\/","og_site_name":"Deutsche Schule San Sebasti&aacute;n","article_published_time":"2023-09-12T09:28:14+00:00","article_modified_time":"2024-02-23T09:39:08+00:00","og_image":[{"width":1080,"height":810,"url":"https:\/\/colegioaleman.net\/wp-content\/uploads\/2023\/09\/1.jpg","type":"image\/jpeg"}],"author":"Deutsche Schule","twitter_card":"summary_large_image","twitter_misc":{"Verfasst von":"Deutsche Schule","Gesch\u00e4tzte Lesezeit":"2\u00a0Minuten"},"schema":{"@context":"https:\/\/schema.org","@graph":[{"@type":"NewsArticle","@id":"https:\/\/colegioaleman.net\/de\/schultute-2023\/#article","isPartOf":{"@id":"https:\/\/colegioaleman.net\/de\/schultute-2023\/"},"author":{"name":"Deutsche Schule","@id":"https:\/\/colegioaleman.net\/de\/#\/schema\/person\/d45e1d2da47784535d1ce5b89bc177a6"},"headline":"Schult\u00fcte 2023","datePublished":"2023-09-12T09:28:14+00:00","dateModified":"2024-02-23T09:39:08+00:00","mainEntityOfPage":{"@id":"https:\/\/colegioaleman.net\/de\/schultute-2023\/"},"wordCount":147,"image":{"@id":"https:\/\/colegioaleman.net\/de\/schultute-2023\/#primaryimage"},"thumbnailUrl":"https:\/\/colegioaleman.net\/wp-content\/uploads\/2023\/09\/1.jpg","articleSection":["Primaria"],"inLanguage":"de"},{"@type":["WebPage","ItemPage"],"@id":"https:\/\/colegioaleman.net\/de\/schultute-2023\/","url":"https:\/\/colegioaleman.net\/de\/schultute-2023\/","name":"Schult\u00fcte 2023","isPartOf":{"@id":"https:\/\/colegioaleman.net\/de\/#website"},"primaryImageOfPage":{"@id":"https:\/\/colegioaleman.net\/de\/schultute-2023\/#primaryimage"},"image":{"@id":"https:\/\/colegioaleman.net\/de\/schultute-2023\/#primaryimage"},"thumbnailUrl":"https:\/\/colegioaleman.net\/wp-content\/uploads\/2023\/09\/1.jpg","datePublished":"2023-09-12T09:28:14+00:00","dateModified":"2024-02-23T09:39:08+00:00","author":{"@id":"https:\/\/colegioaleman.net\/de\/#\/schema\/person\/d45e1d2da47784535d1ce5b89bc177a6"},"breadcrumb":{"@id":"https:\/\/colegioaleman.net\/de\/schultute-2023\/#breadcrumb"},"inLanguage":"de","potentialAction":[{"@type":"ReadAction","target":["https:\/\/colegioaleman.net\/de\/schultute-2023\/"]}]},{"@type":"ImageObject","inLanguage":"de","@id":"https:\/\/colegioaleman.net\/de\/schultute-2023\/#primaryimage","url":"https:\/\/colegioaleman.net\/wp-content\/uploads\/2023\/09\/1.jpg","contentUrl":"https:\/\/colegioaleman.net\/wp-content\/uploads\/2023\/09\/1.jpg","width":1080,"height":810},{"@type":"BreadcrumbList","@id":"https:\/\/colegioaleman.net\/de\/schultute-2023\/#breadcrumb","itemListElement":[{"@type":"ListItem","position":1,"name":"Home","item":"https:\/\/colegioaleman.net\/de\/"},{"@type":"ListItem","position":2,"name":"Schult\u00fcte 2023"}]},{"@type":"WebSite","@id":"https:\/\/colegioaleman.net\/de\/#website","url":"https:\/\/colegioaleman.net\/de\/","name":"Deutsche Schule San Sebasti&aacute;n","description":"Colegio Alem&aacute;n San Alberto Magno","potentialAction":[{"@type":"SearchAction","target":{"@type":"EntryPoint","urlTemplate":"https:\/\/colegioaleman.net\/de\/?s={search_term_string}"},"query-input":{"@type":"PropertyValueSpecification","valueRequired":true,"valueName":"search_term_string"}}],"inLanguage":"de"},{"@type":"Person","@id":"https:\/\/colegioaleman.net\/de\/#\/schema\/person\/d45e1d2da47784535d1ce5b89bc177a6","name":"Deutsche Schule","image":{"@type":"ImageObject","inLanguage":"de","@id":"https:\/\/secure.gravatar.com\/avatar\/?s=96&d=mm&r=g","url":"https:\/\/secure.gravatar.com\/avatar\/?s=96&d=mm&r=g","contentUrl":"https:\/\/secure.gravatar.com\/avatar\/?s=96&d=mm&r=g","caption":"Deutsche Schule"}}]}},"_links":{"self":[{"href":"https:\/\/colegioaleman.net\/de\/wp-json\/wp\/v2\/posts\/57793","targetHints":{"allow":["GET"]}}],"collection":[{"href":"https:\/\/colegioaleman.net\/de\/wp-json\/wp\/v2\/posts"}],"about":[{"href":"https:\/\/colegioaleman.net\/de\/wp-json\/wp\/v2\/types\/post"}],"author":[{"embeddable":true,"href":"https:\/\/colegioaleman.net\/de\/wp-json\/wp\/v2\/users\/4"}],"replies":[{"embeddable":true,"href":"https:\/\/colegioaleman.net\/de\/wp-json\/wp\/v2\/comments?post=57793"}],"version-history":[{"count":0,"href":"https:\/\/colegioaleman.net\/de\/wp-json\/wp\/v2\/posts\/57793\/revisions"}],"wp:featuredmedia":[{"embeddable":true,"href":"https:\/\/colegioaleman.net\/de\/wp-json\/wp\/v2\/media\/61774"}],"wp:attachment":[{"href":"https:\/\/colegioaleman.net\/de\/wp-json\/wp\/v2\/media?parent=57793"}],"wp:term":[{"taxonomy":"category","embeddable":true,"href":"https:\/\/colegioaleman.net\/de\/wp-json\/wp\/v2\/categories?post=57793"},{"taxonomy":"post_tag","embeddable":true,"href":"https:\/\/colegioaleman.net\/de\/wp-json\/wp\/v2\/tags?post=57793"}],"curies":[{"name":"wp","href":"https:\/\/api.w.org\/{rel}","templated":true}]}}