{"id":66992,"date":"2024-06-14T12:12:22","date_gmt":"2024-06-14T10:12:22","guid":{"rendered":"https:\/\/colegioaleman.net\/?p=66992"},"modified":"2024-06-14T12:07:20","modified_gmt":"2024-06-14T10:07:20","slug":"nachhaltiges-projekt-die-ersten-tage-in-fuessen-fuer-die-teilnehmenden-schueler-und-schuelerinnen-der-8-und-10-klasse","status":"publish","type":"post","link":"https:\/\/colegioaleman.net\/de\/nachhaltiges-projekt-die-ersten-tage-in-fuessen-fuer-die-teilnehmenden-schueler-und-schuelerinnen-der-8-und-10-klasse\/","title":{"rendered":"Nachhaltiges Projekt: Die ersten Tage in F\u00fcssen f\u00fcr die teilnehmenden Sch\u00fcler und Sch\u00fclerinnen der 8. und 10. Klasse"},"content":{"rendered":"\n<p><strong><strong>Nachhaltig reisen ist spannend<\/strong><\/strong><\/p>\n\n\n\n<p>Neues Projekt, Nachhaltiges Projekt, nachhaltige Transportmittel, einmal durch Europa.<\/p>\n\n\n\n<p>Auf unserer Reise machten wir Stopp am Eiffelturm, rasten mit 300 km\/h durch Frankreich und nach einem langem Tag erreichten wir das Allg\u00e4u am Fu\u00dfe der Alpen.<\/p>\n\n\n\n<figure class=\"wp-block-gallery has-nested-images columns-default is-cropped wp-block-gallery-1 is-layout-flex wp-block-gallery-is-layout-flex\">\n<figure class=\"wp-block-image size-large\"><img fetchpriority=\"high\" decoding=\"async\" width=\"1024\" height=\"1024\" data-id=\"66950\" src=\"https:\/\/colegioaleman.net\/wp-content\/uploads\/\/1-7-1024x1024.jpg\" alt=\"\" class=\"wp-image-66950\" srcset=\"https:\/\/colegioaleman.net\/wp-content\/uploads\/1-7-1024x1024.jpg 1024w, https:\/\/colegioaleman.net\/wp-content\/uploads\/1-7-300x300.jpg 300w, https:\/\/colegioaleman.net\/wp-content\/uploads\/1-7-150x150.jpg 150w, https:\/\/colegioaleman.net\/wp-content\/uploads\/1-7-768x768.jpg 768w, https:\/\/colegioaleman.net\/wp-content\/uploads\/1-7-700x700.jpg 700w, https:\/\/colegioaleman.net\/wp-content\/uploads\/1-7.jpg 1080w\" sizes=\"(max-width: 1024px) 100vw, 1024px\" \/><\/figure>\n\n\n\n<figure class=\"wp-block-image size-large\"><img decoding=\"async\" width=\"1024\" height=\"1024\" data-id=\"66951\" src=\"https:\/\/colegioaleman.net\/wp-content\/uploads\/2-8-1024x1024.jpg\" alt=\"\" class=\"wp-image-66951\" srcset=\"https:\/\/colegioaleman.net\/wp-content\/uploads\/2-8-1024x1024.jpg 1024w, https:\/\/colegioaleman.net\/wp-content\/uploads\/2-8-300x300.jpg 300w, https:\/\/colegioaleman.net\/wp-content\/uploads\/2-8-150x150.jpg 150w, https:\/\/colegioaleman.net\/wp-content\/uploads\/2-8-768x768.jpg 768w, https:\/\/colegioaleman.net\/wp-content\/uploads\/2-8-700x700.jpg 700w, https:\/\/colegioaleman.net\/wp-content\/uploads\/2-8.jpg 1080w\" sizes=\"(max-width: 1024px) 100vw, 1024px\" \/><\/figure>\n\n\n\n<figure class=\"wp-block-image size-large\"><img decoding=\"async\" width=\"1024\" height=\"1024\" data-id=\"66954\" src=\"https:\/\/colegioaleman.net\/wp-content\/uploads\/\/3-8-1024x1024.jpg\" alt=\"\" class=\"wp-image-66954\" srcset=\"https:\/\/colegioaleman.net\/wp-content\/uploads\/3-8-1024x1024.jpg 1024w, https:\/\/colegioaleman.net\/wp-content\/uploads\/3-8-300x300.jpg 300w, https:\/\/colegioaleman.net\/wp-content\/uploads\/3-8-150x150.jpg 150w, https:\/\/colegioaleman.net\/wp-content\/uploads\/3-8-768x768.jpg 768w, https:\/\/colegioaleman.net\/wp-content\/uploads\/3-8-700x700.jpg 700w, https:\/\/colegioaleman.net\/wp-content\/uploads\/3-8.jpg 1080w\" sizes=\"(max-width: 1024px) 100vw, 1024px\" \/><\/figure>\n\n\n\n<figure class=\"wp-block-image size-large\"><img loading=\"lazy\" decoding=\"async\" width=\"1024\" height=\"1024\" data-id=\"66953\" src=\"https:\/\/colegioaleman.net\/wp-content\/uploads\/\/4-8-1024x1024.jpg\" alt=\"\" class=\"wp-image-66953\" srcset=\"https:\/\/colegioaleman.net\/wp-content\/uploads\/4-8-1024x1024.jpg 1024w, https:\/\/colegioaleman.net\/wp-content\/uploads\/4-8-300x300.jpg 300w, https:\/\/colegioaleman.net\/wp-content\/uploads\/4-8-150x150.jpg 150w, https:\/\/colegioaleman.net\/wp-content\/uploads\/4-8-768x768.jpg 768w, https:\/\/colegioaleman.net\/wp-content\/uploads\/4-8-700x700.jpg 700w, https:\/\/colegioaleman.net\/wp-content\/uploads\/4-8.jpg 1080w\" sizes=\"(max-width: 1024px) 100vw, 1024px\" \/><\/figure>\n\n\n\n<figure class=\"wp-block-image size-large\"><img loading=\"lazy\" decoding=\"async\" width=\"1024\" height=\"1024\" data-id=\"66952\" src=\"https:\/\/colegioaleman.net\/wp-content\/uploads\/5-8-1024x1024.jpg\" alt=\"\" class=\"wp-image-66952\" srcset=\"https:\/\/colegioaleman.net\/wp-content\/uploads\/5-8-1024x1024.jpg 1024w, https:\/\/colegioaleman.net\/wp-content\/uploads\/5-8-300x300.jpg 300w, https:\/\/colegioaleman.net\/wp-content\/uploads\/5-8-150x150.jpg 150w, https:\/\/colegioaleman.net\/wp-content\/uploads\/5-8-768x768.jpg 768w, https:\/\/colegioaleman.net\/wp-content\/uploads\/5-8-700x700.jpg 700w, https:\/\/colegioaleman.net\/wp-content\/uploads\/5-8.jpg 1080w\" sizes=\"(max-width: 1024px) 100vw, 1024px\" \/><\/figure>\n<\/figure>\n\n\n\n<p><strong><strong>F\u00fcssen, eine Stadt voller Geschichte und Geschichten<\/strong><\/strong><\/p>\n\n\n\n<p>Am Morgen besuchten wir die F\u00fcssener Altstadt und erfuhren von alten R\u00f6merstra\u00dfen, wilden Schlachten und Mythen rund um die mehr als 2000 Jahre alte Geschichte der Stadt F\u00fcssen.\u00a0<\/p>\n\n\n\n<figure class=\"wp-block-gallery has-nested-images columns-default is-cropped wp-block-gallery-2 is-layout-flex wp-block-gallery-is-layout-flex\">\n<figure class=\"wp-block-image size-large\"><img loading=\"lazy\" decoding=\"async\" width=\"1024\" height=\"1024\" data-id=\"66965\" src=\"https:\/\/colegioaleman.net\/wp-content\/uploads\/\/1-8-1024x1024.jpg\" alt=\"\" class=\"wp-image-66965\" srcset=\"https:\/\/colegioaleman.net\/wp-content\/uploads\/1-8-1024x1024.jpg 1024w, https:\/\/colegioaleman.net\/wp-content\/uploads\/1-8-300x300.jpg 300w, https:\/\/colegioaleman.net\/wp-content\/uploads\/1-8-150x150.jpg 150w, https:\/\/colegioaleman.net\/wp-content\/uploads\/1-8-768x768.jpg 768w, https:\/\/colegioaleman.net\/wp-content\/uploads\/1-8-700x700.jpg 700w, https:\/\/colegioaleman.net\/wp-content\/uploads\/1-8.jpg 1080w\" sizes=\"(max-width: 1024px) 100vw, 1024px\" \/><\/figure>\n\n\n\n<figure class=\"wp-block-image size-large\"><img loading=\"lazy\" decoding=\"async\" width=\"1024\" height=\"1024\" data-id=\"66962\" src=\"https:\/\/colegioaleman.net\/wp-content\/uploads\/2-9-1024x1024.jpg\" alt=\"\" class=\"wp-image-66962\" srcset=\"https:\/\/colegioaleman.net\/wp-content\/uploads\/2-9-1024x1024.jpg 1024w, https:\/\/colegioaleman.net\/wp-content\/uploads\/2-9-300x300.jpg 300w, https:\/\/colegioaleman.net\/wp-content\/uploads\/2-9-150x150.jpg 150w, https:\/\/colegioaleman.net\/wp-content\/uploads\/2-9-768x768.jpg 768w, https:\/\/colegioaleman.net\/wp-content\/uploads\/2-9-700x700.jpg 700w, https:\/\/colegioaleman.net\/wp-content\/uploads\/2-9.jpg 1080w\" sizes=\"(max-width: 1024px) 100vw, 1024px\" \/><\/figure>\n\n\n\n<figure class=\"wp-block-image size-large\"><img loading=\"lazy\" decoding=\"async\" width=\"1024\" height=\"1024\" data-id=\"66964\" src=\"https:\/\/colegioaleman.net\/wp-content\/uploads\/\/3-9-1024x1024.jpg\" alt=\"\" class=\"wp-image-66964\" srcset=\"https:\/\/colegioaleman.net\/wp-content\/uploads\/3-9-1024x1024.jpg 1024w, https:\/\/colegioaleman.net\/wp-content\/uploads\/3-9-300x300.jpg 300w, https:\/\/colegioaleman.net\/wp-content\/uploads\/3-9-150x150.jpg 150w, https:\/\/colegioaleman.net\/wp-content\/uploads\/3-9-768x768.jpg 768w, https:\/\/colegioaleman.net\/wp-content\/uploads\/3-9-700x700.jpg 700w, https:\/\/colegioaleman.net\/wp-content\/uploads\/3-9.jpg 1080w\" sizes=\"(max-width: 1024px) 100vw, 1024px\" \/><\/figure>\n\n\n\n<figure class=\"wp-block-image size-large\"><img loading=\"lazy\" decoding=\"async\" width=\"1024\" height=\"1024\" data-id=\"66963\" src=\"https:\/\/colegioaleman.net\/wp-content\/uploads\/4-9-1024x1024.jpg\" alt=\"\" class=\"wp-image-66963\" srcset=\"https:\/\/colegioaleman.net\/wp-content\/uploads\/4-9-1024x1024.jpg 1024w, https:\/\/colegioaleman.net\/wp-content\/uploads\/4-9-300x300.jpg 300w, https:\/\/colegioaleman.net\/wp-content\/uploads\/4-9-150x150.jpg 150w, https:\/\/colegioaleman.net\/wp-content\/uploads\/4-9-768x768.jpg 768w, https:\/\/colegioaleman.net\/wp-content\/uploads\/4-9-700x700.jpg 700w, https:\/\/colegioaleman.net\/wp-content\/uploads\/4-9.jpg 1080w\" sizes=\"(max-width: 1024px) 100vw, 1024px\" \/><\/figure>\n\n\n\n<figure class=\"wp-block-image size-large\"><img loading=\"lazy\" decoding=\"async\" width=\"1024\" height=\"1024\" data-id=\"66961\" src=\"https:\/\/colegioaleman.net\/wp-content\/uploads\/\/5-9-1024x1024.jpg\" alt=\"\" class=\"wp-image-66961\" srcset=\"https:\/\/colegioaleman.net\/wp-content\/uploads\/5-9-1024x1024.jpg 1024w, https:\/\/colegioaleman.net\/wp-content\/uploads\/5-9-300x300.jpg 300w, https:\/\/colegioaleman.net\/wp-content\/uploads\/5-9-150x150.jpg 150w, https:\/\/colegioaleman.net\/wp-content\/uploads\/5-9-768x768.jpg 768w, https:\/\/colegioaleman.net\/wp-content\/uploads\/5-9-700x700.jpg 700w, https:\/\/colegioaleman.net\/wp-content\/uploads\/5-9.jpg 1080w\" sizes=\"(max-width: 1024px) 100vw, 1024px\" \/><\/figure>\n\n\n\n<figure class=\"wp-block-image size-large\"><img loading=\"lazy\" decoding=\"async\" width=\"1024\" height=\"1024\" data-id=\"66968\" src=\"https:\/\/colegioaleman.net\/wp-content\/uploads\/\/6-7-1024x1024.jpg\" alt=\"\" class=\"wp-image-66968\" srcset=\"https:\/\/colegioaleman.net\/wp-content\/uploads\/6-7-1024x1024.jpg 1024w, https:\/\/colegioaleman.net\/wp-content\/uploads\/6-7-300x300.jpg 300w, https:\/\/colegioaleman.net\/wp-content\/uploads\/6-7-150x150.jpg 150w, https:\/\/colegioaleman.net\/wp-content\/uploads\/6-7-768x768.jpg 768w, https:\/\/colegioaleman.net\/wp-content\/uploads\/6-7-700x700.jpg 700w, https:\/\/colegioaleman.net\/wp-content\/uploads\/6-7.jpg 1080w\" sizes=\"(max-width: 1024px) 100vw, 1024px\" \/><\/figure>\n<\/figure>\n\n\n\n<p><strong>Nachhaltigkeit am Beispiel Wald erleben<\/strong><\/p>\n\n\n\n<p>Am Nachmittag besuchten wir das Walderlebniszentrum (<a href=\"https:\/\/www.walderlebniszentrum.eu\/\" target=\"_blank\" rel=\"noreferrer noopener\">https:\/\/www.walderlebniszentrum.eu\/<\/a>), wo die F\u00f6rsterin, Petra, uns spielerisch zeigte, wie der Wald funktioniert und wie wichtig er f\u00fcr uns ist. So macht lernen Spa\u00df!<\/p>\n\n\n\n<figure class=\"wp-block-gallery has-nested-images columns-default is-cropped wp-block-gallery-3 is-layout-flex wp-block-gallery-is-layout-flex\">\n<figure class=\"wp-block-image size-large\"><img loading=\"lazy\" decoding=\"async\" width=\"1024\" height=\"1024\" data-id=\"66975\" src=\"https:\/\/colegioaleman.net\/wp-content\/uploads\/\/1-9-1024x1024.jpg\" alt=\"\" class=\"wp-image-66975\" srcset=\"https:\/\/colegioaleman.net\/wp-content\/uploads\/1-9-1024x1024.jpg 1024w, https:\/\/colegioaleman.net\/wp-content\/uploads\/1-9-300x300.jpg 300w, https:\/\/colegioaleman.net\/wp-content\/uploads\/1-9-150x150.jpg 150w, https:\/\/colegioaleman.net\/wp-content\/uploads\/1-9-768x768.jpg 768w, https:\/\/colegioaleman.net\/wp-content\/uploads\/1-9-700x700.jpg 700w, https:\/\/colegioaleman.net\/wp-content\/uploads\/1-9.jpg 1080w\" sizes=\"(max-width: 1024px) 100vw, 1024px\" \/><\/figure>\n\n\n\n<figure class=\"wp-block-image size-large\"><img loading=\"lazy\" decoding=\"async\" width=\"1024\" height=\"1024\" data-id=\"66976\" src=\"https:\/\/colegioaleman.net\/wp-content\/uploads\/2-10-1024x1024.jpg\" alt=\"\" class=\"wp-image-66976\" srcset=\"https:\/\/colegioaleman.net\/wp-content\/uploads\/2-10-1024x1024.jpg 1024w, https:\/\/colegioaleman.net\/wp-content\/uploads\/2-10-300x300.jpg 300w, https:\/\/colegioaleman.net\/wp-content\/uploads\/2-10-150x150.jpg 150w, https:\/\/colegioaleman.net\/wp-content\/uploads\/2-10-768x768.jpg 768w, https:\/\/colegioaleman.net\/wp-content\/uploads\/2-10-700x700.jpg 700w, https:\/\/colegioaleman.net\/wp-content\/uploads\/2-10.jpg 1080w\" sizes=\"(max-width: 1024px) 100vw, 1024px\" \/><\/figure>\n<\/figure>\n\n\n\n<p><strong>Der Lech, Lebensraum, Heimat und Touristenattraktion\u00a0<\/strong><\/p>\n\n\n\n<p>Am zweiten Tag zeigte uns der Naturschutzreferent der Alpenvereinssektion F\u00fcssen (<a href=\"https:\/\/alpenverein-fuessen.de\/\" target=\"_blank\" rel=\"noreferrer noopener\">https:\/\/alpenverein-fuessen.de\/<\/a>) den Fluss Lech und erkl\u00e4rte uns eine Bedeutung f\u00fcr die Geschichte der Stadt F\u00fcssen, den Wandel von seiner Bedeutung als Energiequelle hin zur Attraktion und seiner Bedeutung f\u00fcr Tiere, Pflanzen und Einheimische.<\/p>\n\n\n\n<figure class=\"wp-block-gallery has-nested-images columns-default is-cropped wp-block-gallery-4 is-layout-flex wp-block-gallery-is-layout-flex\">\n<figure class=\"wp-block-image size-large\"><img loading=\"lazy\" decoding=\"async\" width=\"1024\" height=\"1024\" data-id=\"66980\" src=\"https:\/\/colegioaleman.net\/wp-content\/uploads\/\/1-10-1024x1024.jpg\" alt=\"\" class=\"wp-image-66980\" srcset=\"https:\/\/colegioaleman.net\/wp-content\/uploads\/1-10-1024x1024.jpg 1024w, https:\/\/colegioaleman.net\/wp-content\/uploads\/1-10-300x300.jpg 300w, https:\/\/colegioaleman.net\/wp-content\/uploads\/1-10-150x150.jpg 150w, https:\/\/colegioaleman.net\/wp-content\/uploads\/1-10-768x768.jpg 768w, https:\/\/colegioaleman.net\/wp-content\/uploads\/1-10-700x700.jpg 700w, https:\/\/colegioaleman.net\/wp-content\/uploads\/1-10.jpg 1080w\" sizes=\"(max-width: 1024px) 100vw, 1024px\" \/><\/figure>\n\n\n\n<figure class=\"wp-block-image size-large\"><img loading=\"lazy\" decoding=\"async\" width=\"1024\" height=\"1024\" data-id=\"66979\" src=\"https:\/\/colegioaleman.net\/wp-content\/uploads\/\/2-11-1024x1024.jpg\" alt=\"\" class=\"wp-image-66979\" srcset=\"https:\/\/colegioaleman.net\/wp-content\/uploads\/2-11-1024x1024.jpg 1024w, https:\/\/colegioaleman.net\/wp-content\/uploads\/2-11-300x300.jpg 300w, https:\/\/colegioaleman.net\/wp-content\/uploads\/2-11-150x150.jpg 150w, https:\/\/colegioaleman.net\/wp-content\/uploads\/2-11-768x768.jpg 768w, https:\/\/colegioaleman.net\/wp-content\/uploads\/2-11-700x700.jpg 700w, https:\/\/colegioaleman.net\/wp-content\/uploads\/2-11.jpg 1080w\" sizes=\"(max-width: 1024px) 100vw, 1024px\" \/><\/figure>\n\n\n\n<figure class=\"wp-block-image size-large\"><img loading=\"lazy\" decoding=\"async\" width=\"1024\" height=\"1024\" data-id=\"66984\" src=\"https:\/\/colegioaleman.net\/wp-content\/uploads\/\/3-10-1024x1024.jpg\" alt=\"\" class=\"wp-image-66984\" srcset=\"https:\/\/colegioaleman.net\/wp-content\/uploads\/3-10-1024x1024.jpg 1024w, https:\/\/colegioaleman.net\/wp-content\/uploads\/3-10-300x300.jpg 300w, https:\/\/colegioaleman.net\/wp-content\/uploads\/3-10-150x150.jpg 150w, https:\/\/colegioaleman.net\/wp-content\/uploads\/3-10-768x768.jpg 768w, https:\/\/colegioaleman.net\/wp-content\/uploads\/3-10-700x700.jpg 700w, https:\/\/colegioaleman.net\/wp-content\/uploads\/3-10.jpg 1080w\" sizes=\"(max-width: 1024px) 100vw, 1024px\" \/><\/figure>\n<\/figure>\n","protected":false},"excerpt":{"rendered":"<p>Nachhaltig reisen ist spannend Neues Projekt, Nachhaltiges Projekt, nachhaltige Transportmittel, einmal durch Europa. Auf unserer Reise machten wir Stopp am Eiffelturm, rasten mit 300 km\/h durch Frankreich und nach einem langem Tag erreichten wir das Allg\u00e4u am Fu\u00dfe der Alpen. F\u00fcssen, eine Stadt voller Geschichte und Geschichten Am Morgen besuchten wir die F\u00fcssener Altstadt und [&hellip;]<\/p>\n","protected":false},"author":7,"featured_media":66990,"comment_status":"closed","ping_status":"closed","sticky":false,"template":"","format":"standard","meta":{"site-sidebar-layout":"default","site-content-layout":"","ast-site-content-layout":"default","site-content-style":"default","site-sidebar-style":"default","ast-global-header-display":"","ast-banner-title-visibility":"","ast-main-header-display":"","ast-hfb-above-header-display":"","ast-hfb-below-header-display":"","ast-hfb-mobile-header-display":"","site-post-title":"","ast-breadcrumbs-content":"","ast-featured-img":"","footer-sml-layout":"","ast-disable-related-posts":"","theme-transparent-header-meta":"","adv-header-id-meta":"","stick-header-meta":"","header-above-stick-meta":"","header-main-stick-meta":"","header-below-stick-meta":"","astra-migrate-meta-layouts":"set","ast-page-background-enabled":"default","ast-page-background-meta":{"desktop":{"background-color":"var(--ast-global-color-4)","background-image":"","background-repeat":"repeat","background-position":"center center","background-size":"auto","background-attachment":"scroll","background-type":"","background-media":"","overlay-type":"","overlay-color":"","overlay-opacity":"","overlay-gradient":""},"tablet":{"background-color":"","background-image":"","background-repeat":"repeat","background-position":"center center","background-size":"auto","background-attachment":"scroll","background-type":"","background-media":"","overlay-type":"","overlay-color":"","overlay-opacity":"","overlay-gradient":""},"mobile":{"background-color":"","background-image":"","background-repeat":"repeat","background-position":"center center","background-size":"auto","background-attachment":"scroll","background-type":"","background-media":"","overlay-type":"","overlay-color":"","overlay-opacity":"","overlay-gradient":""}},"ast-content-background-meta":{"desktop":{"background-color":"var(--ast-global-color-5)","background-image":"","background-repeat":"repeat","background-position":"center center","background-size":"auto","background-attachment":"scroll","background-type":"","background-media":"","overlay-type":"","overlay-color":"","overlay-opacity":"","overlay-gradient":""},"tablet":{"background-color":"var(--ast-global-color-5)","background-image":"","background-repeat":"repeat","background-position":"center center","background-size":"auto","background-attachment":"scroll","background-type":"","background-media":"","overlay-type":"","overlay-color":"","overlay-opacity":"","overlay-gradient":""},"mobile":{"background-color":"var(--ast-global-color-5)","background-image":"","background-repeat":"repeat","background-position":"center center","background-size":"auto","background-attachment":"scroll","background-type":"","background-media":"","overlay-type":"","overlay-color":"","overlay-opacity":"","overlay-gradient":""}},"footnotes":""},"categories":[92],"tags":[],"class_list":["post-66992","post","type-post","status-publish","format-standard","has-post-thumbnail","hentry","category-sekundarstufe"],"yoast_head":"<!-- This site is optimized with the Yoast SEO plugin v27.4 - https:\/\/yoast.com\/product\/yoast-seo-wordpress\/ -->\n<title>Nachhaltiges Projekt: Die ersten Tage in F\u00fcssen f\u00fcr die teilnehmenden Sch\u00fcler und Sch\u00fclerinnen der 8. und 10. Klasse<\/title>\n<meta name=\"robots\" content=\"index, follow, max-snippet:-1, max-image-preview:large, max-video-preview:-1\" \/>\n<link rel=\"canonical\" href=\"https:\/\/colegioaleman.net\/de\/nachhaltiges-projekt-die-ersten-tage-in-fuessen-fuer-die-teilnehmenden-schueler-und-schuelerinnen-der-8-und-10-klasse\/\" \/>\n<meta property=\"og:locale\" content=\"de_DE\" \/>\n<meta property=\"og:type\" content=\"article\" \/>\n<meta property=\"og:title\" content=\"Nachhaltiges Projekt: Die ersten Tage in F\u00fcssen f\u00fcr die teilnehmenden Sch\u00fcler und Sch\u00fclerinnen der 8. und 10. Klasse\" \/>\n<meta property=\"og:description\" content=\"Nachhaltig reisen ist spannend Neues Projekt, Nachhaltiges Projekt, nachhaltige Transportmittel, einmal durch Europa. Auf unserer Reise machten wir Stopp am Eiffelturm, rasten mit 300 km\/h durch Frankreich und nach einem langem Tag erreichten wir das Allg\u00e4u am Fu\u00dfe der Alpen. F\u00fcssen, eine Stadt voller Geschichte und Geschichten Am Morgen besuchten wir die F\u00fcssener Altstadt und [&hellip;]\" \/>\n<meta property=\"og:url\" content=\"https:\/\/colegioaleman.net\/de\/nachhaltiges-projekt-die-ersten-tage-in-fuessen-fuer-die-teilnehmenden-schueler-und-schuelerinnen-der-8-und-10-klasse\/\" \/>\n<meta property=\"og:site_name\" content=\"Deutsche Schule San Sebasti&aacute;n\" \/>\n<meta property=\"article:published_time\" content=\"2024-06-14T10:12:22+00:00\" \/>\n<meta property=\"og:image\" content=\"https:\/\/colegioaleman.net\/wp-content\/uploads\/PORTADA-FUSSEN.jpg\" \/>\n\t<meta property=\"og:image:width\" content=\"1080\" \/>\n\t<meta property=\"og:image:height\" content=\"810\" \/>\n\t<meta property=\"og:image:type\" content=\"image\/jpeg\" \/>\n<meta name=\"author\" content=\"Comunicaci\u00f3n DS\" \/>\n<meta name=\"twitter:card\" content=\"summary_large_image\" \/>\n<meta name=\"twitter:label1\" content=\"Verfasst von\" \/>\n\t<meta name=\"twitter:data1\" content=\"Comunicaci\u00f3n DS\" \/>\n\t<meta name=\"twitter:label2\" content=\"Gesch\u00e4tzte Lesezeit\" \/>\n\t<meta name=\"twitter:data2\" content=\"5\u00a0Minuten\" \/>\n<script type=\"application\/ld+json\" class=\"yoast-schema-graph\">{\"@context\":\"https:\\\/\\\/schema.org\",\"@graph\":[{\"@type\":\"NewsArticle\",\"@id\":\"https:\\\/\\\/colegioaleman.net\\\/de\\\/nachhaltiges-projekt-die-ersten-tage-in-fuessen-fuer-die-teilnehmenden-schueler-und-schuelerinnen-der-8-und-10-klasse\\\/#article\",\"isPartOf\":{\"@id\":\"https:\\\/\\\/colegioaleman.net\\\/de\\\/nachhaltiges-projekt-die-ersten-tage-in-fuessen-fuer-die-teilnehmenden-schueler-und-schuelerinnen-der-8-und-10-klasse\\\/\"},\"author\":{\"name\":\"Comunicaci\u00f3n DS\",\"@id\":\"https:\\\/\\\/colegioaleman.net\\\/de\\\/#\\\/schema\\\/person\\\/6bcd7d12143d885834326c35f509a440\"},\"headline\":\"Nachhaltiges Projekt: Die ersten Tage in F\u00fcssen f\u00fcr die teilnehmenden Sch\u00fcler und Sch\u00fclerinnen der 8. und 10. Klasse\",\"datePublished\":\"2024-06-14T10:12:22+00:00\",\"mainEntityOfPage\":{\"@id\":\"https:\\\/\\\/colegioaleman.net\\\/de\\\/nachhaltiges-projekt-die-ersten-tage-in-fuessen-fuer-die-teilnehmenden-schueler-und-schuelerinnen-der-8-und-10-klasse\\\/\"},\"wordCount\":196,\"image\":{\"@id\":\"https:\\\/\\\/colegioaleman.net\\\/de\\\/nachhaltiges-projekt-die-ersten-tage-in-fuessen-fuer-die-teilnehmenden-schueler-und-schuelerinnen-der-8-und-10-klasse\\\/#primaryimage\"},\"thumbnailUrl\":\"https:\\\/\\\/colegioaleman.net\\\/wp-content\\\/uploads\\\/PORTADA-FUSSEN.jpg\",\"articleSection\":[\"Sekundarstufe\"],\"inLanguage\":\"de\"},{\"@type\":[\"WebPage\",\"ItemPage\"],\"@id\":\"https:\\\/\\\/colegioaleman.net\\\/de\\\/nachhaltiges-projekt-die-ersten-tage-in-fuessen-fuer-die-teilnehmenden-schueler-und-schuelerinnen-der-8-und-10-klasse\\\/\",\"url\":\"https:\\\/\\\/colegioaleman.net\\\/de\\\/nachhaltiges-projekt-die-ersten-tage-in-fuessen-fuer-die-teilnehmenden-schueler-und-schuelerinnen-der-8-und-10-klasse\\\/\",\"name\":\"Nachhaltiges Projekt: Die ersten Tage in F\u00fcssen f\u00fcr die teilnehmenden Sch\u00fcler und Sch\u00fclerinnen der 8. und 10. Klasse\",\"isPartOf\":{\"@id\":\"https:\\\/\\\/colegioaleman.net\\\/de\\\/#website\"},\"primaryImageOfPage\":{\"@id\":\"https:\\\/\\\/colegioaleman.net\\\/de\\\/nachhaltiges-projekt-die-ersten-tage-in-fuessen-fuer-die-teilnehmenden-schueler-und-schuelerinnen-der-8-und-10-klasse\\\/#primaryimage\"},\"image\":{\"@id\":\"https:\\\/\\\/colegioaleman.net\\\/de\\\/nachhaltiges-projekt-die-ersten-tage-in-fuessen-fuer-die-teilnehmenden-schueler-und-schuelerinnen-der-8-und-10-klasse\\\/#primaryimage\"},\"thumbnailUrl\":\"https:\\\/\\\/colegioaleman.net\\\/wp-content\\\/uploads\\\/PORTADA-FUSSEN.jpg\",\"datePublished\":\"2024-06-14T10:12:22+00:00\",\"author\":{\"@id\":\"https:\\\/\\\/colegioaleman.net\\\/de\\\/#\\\/schema\\\/person\\\/6bcd7d12143d885834326c35f509a440\"},\"breadcrumb\":{\"@id\":\"https:\\\/\\\/colegioaleman.net\\\/de\\\/nachhaltiges-projekt-die-ersten-tage-in-fuessen-fuer-die-teilnehmenden-schueler-und-schuelerinnen-der-8-und-10-klasse\\\/#breadcrumb\"},\"inLanguage\":\"de\",\"potentialAction\":[{\"@type\":\"ReadAction\",\"target\":[\"https:\\\/\\\/colegioaleman.net\\\/de\\\/nachhaltiges-projekt-die-ersten-tage-in-fuessen-fuer-die-teilnehmenden-schueler-und-schuelerinnen-der-8-und-10-klasse\\\/\"]}]},{\"@type\":\"ImageObject\",\"inLanguage\":\"de\",\"@id\":\"https:\\\/\\\/colegioaleman.net\\\/de\\\/nachhaltiges-projekt-die-ersten-tage-in-fuessen-fuer-die-teilnehmenden-schueler-und-schuelerinnen-der-8-und-10-klasse\\\/#primaryimage\",\"url\":\"https:\\\/\\\/colegioaleman.net\\\/wp-content\\\/uploads\\\/PORTADA-FUSSEN.jpg\",\"contentUrl\":\"https:\\\/\\\/colegioaleman.net\\\/wp-content\\\/uploads\\\/PORTADA-FUSSEN.jpg\",\"width\":1080,\"height\":810},{\"@type\":\"BreadcrumbList\",\"@id\":\"https:\\\/\\\/colegioaleman.net\\\/de\\\/nachhaltiges-projekt-die-ersten-tage-in-fuessen-fuer-die-teilnehmenden-schueler-und-schuelerinnen-der-8-und-10-klasse\\\/#breadcrumb\",\"itemListElement\":[{\"@type\":\"ListItem\",\"position\":1,\"name\":\"Home\",\"item\":\"https:\\\/\\\/colegioaleman.net\\\/de\\\/\"},{\"@type\":\"ListItem\",\"position\":2,\"name\":\"Nachhaltiges Projekt: Die ersten Tage in F\u00fcssen f\u00fcr die teilnehmenden Sch\u00fcler und Sch\u00fclerinnen der 8. und 10. Klasse\"}]},{\"@type\":\"WebSite\",\"@id\":\"https:\\\/\\\/colegioaleman.net\\\/de\\\/#website\",\"url\":\"https:\\\/\\\/colegioaleman.net\\\/de\\\/\",\"name\":\"Deutsche Schule San Sebasti&aacute;n\",\"description\":\"Colegio Alem&aacute;n San Alberto Magno\",\"potentialAction\":[{\"@type\":\"SearchAction\",\"target\":{\"@type\":\"EntryPoint\",\"urlTemplate\":\"https:\\\/\\\/colegioaleman.net\\\/de\\\/?s={search_term_string}\"},\"query-input\":{\"@type\":\"PropertyValueSpecification\",\"valueRequired\":true,\"valueName\":\"search_term_string\"}}],\"inLanguage\":\"de\"},{\"@type\":\"Person\",\"@id\":\"https:\\\/\\\/colegioaleman.net\\\/de\\\/#\\\/schema\\\/person\\\/6bcd7d12143d885834326c35f509a440\",\"name\":\"Comunicaci\u00f3n DS\",\"image\":{\"@type\":\"ImageObject\",\"inLanguage\":\"de\",\"@id\":\"https:\\\/\\\/secure.gravatar.com\\\/avatar\\\/4276d527a7afb9697a8e116a1f4a8676e75dca38469c7643daff85877db5147b?s=96&d=mm&r=g\",\"url\":\"https:\\\/\\\/secure.gravatar.com\\\/avatar\\\/4276d527a7afb9697a8e116a1f4a8676e75dca38469c7643daff85877db5147b?s=96&d=mm&r=g\",\"contentUrl\":\"https:\\\/\\\/secure.gravatar.com\\\/avatar\\\/4276d527a7afb9697a8e116a1f4a8676e75dca38469c7643daff85877db5147b?s=96&d=mm&r=g\",\"caption\":\"Comunicaci\u00f3n DS\"}}]}<\/script>\n<!-- \/ Yoast SEO plugin. -->","yoast_head_json":{"title":"Nachhaltiges Projekt: Die ersten Tage in F\u00fcssen f\u00fcr die teilnehmenden Sch\u00fcler und Sch\u00fclerinnen der 8. und 10. Klasse","robots":{"index":"index","follow":"follow","max-snippet":"max-snippet:-1","max-image-preview":"max-image-preview:large","max-video-preview":"max-video-preview:-1"},"canonical":"https:\/\/colegioaleman.net\/de\/nachhaltiges-projekt-die-ersten-tage-in-fuessen-fuer-die-teilnehmenden-schueler-und-schuelerinnen-der-8-und-10-klasse\/","og_locale":"de_DE","og_type":"article","og_title":"Nachhaltiges Projekt: Die ersten Tage in F\u00fcssen f\u00fcr die teilnehmenden Sch\u00fcler und Sch\u00fclerinnen der 8. und 10. Klasse","og_description":"Nachhaltig reisen ist spannend Neues Projekt, Nachhaltiges Projekt, nachhaltige Transportmittel, einmal durch Europa. Auf unserer Reise machten wir Stopp am Eiffelturm, rasten mit 300 km\/h durch Frankreich und nach einem langem Tag erreichten wir das Allg\u00e4u am Fu\u00dfe der Alpen. F\u00fcssen, eine Stadt voller Geschichte und Geschichten Am Morgen besuchten wir die F\u00fcssener Altstadt und [&hellip;]","og_url":"https:\/\/colegioaleman.net\/de\/nachhaltiges-projekt-die-ersten-tage-in-fuessen-fuer-die-teilnehmenden-schueler-und-schuelerinnen-der-8-und-10-klasse\/","og_site_name":"Deutsche Schule San Sebasti&aacute;n","article_published_time":"2024-06-14T10:12:22+00:00","og_image":[{"width":1080,"height":810,"url":"https:\/\/colegioaleman.net\/wp-content\/uploads\/PORTADA-FUSSEN.jpg","type":"image\/jpeg"}],"author":"Comunicaci\u00f3n DS","twitter_card":"summary_large_image","twitter_misc":{"Verfasst von":"Comunicaci\u00f3n DS","Gesch\u00e4tzte Lesezeit":"5\u00a0Minuten"},"schema":{"@context":"https:\/\/schema.org","@graph":[{"@type":"NewsArticle","@id":"https:\/\/colegioaleman.net\/de\/nachhaltiges-projekt-die-ersten-tage-in-fuessen-fuer-die-teilnehmenden-schueler-und-schuelerinnen-der-8-und-10-klasse\/#article","isPartOf":{"@id":"https:\/\/colegioaleman.net\/de\/nachhaltiges-projekt-die-ersten-tage-in-fuessen-fuer-die-teilnehmenden-schueler-und-schuelerinnen-der-8-und-10-klasse\/"},"author":{"name":"Comunicaci\u00f3n DS","@id":"https:\/\/colegioaleman.net\/de\/#\/schema\/person\/6bcd7d12143d885834326c35f509a440"},"headline":"Nachhaltiges Projekt: Die ersten Tage in F\u00fcssen f\u00fcr die teilnehmenden Sch\u00fcler und Sch\u00fclerinnen der 8. und 10. Klasse","datePublished":"2024-06-14T10:12:22+00:00","mainEntityOfPage":{"@id":"https:\/\/colegioaleman.net\/de\/nachhaltiges-projekt-die-ersten-tage-in-fuessen-fuer-die-teilnehmenden-schueler-und-schuelerinnen-der-8-und-10-klasse\/"},"wordCount":196,"image":{"@id":"https:\/\/colegioaleman.net\/de\/nachhaltiges-projekt-die-ersten-tage-in-fuessen-fuer-die-teilnehmenden-schueler-und-schuelerinnen-der-8-und-10-klasse\/#primaryimage"},"thumbnailUrl":"https:\/\/colegioaleman.net\/wp-content\/uploads\/PORTADA-FUSSEN.jpg","articleSection":["Sekundarstufe"],"inLanguage":"de"},{"@type":["WebPage","ItemPage"],"@id":"https:\/\/colegioaleman.net\/de\/nachhaltiges-projekt-die-ersten-tage-in-fuessen-fuer-die-teilnehmenden-schueler-und-schuelerinnen-der-8-und-10-klasse\/","url":"https:\/\/colegioaleman.net\/de\/nachhaltiges-projekt-die-ersten-tage-in-fuessen-fuer-die-teilnehmenden-schueler-und-schuelerinnen-der-8-und-10-klasse\/","name":"Nachhaltiges Projekt: Die ersten Tage in F\u00fcssen f\u00fcr die teilnehmenden Sch\u00fcler und Sch\u00fclerinnen der 8. und 10. Klasse","isPartOf":{"@id":"https:\/\/colegioaleman.net\/de\/#website"},"primaryImageOfPage":{"@id":"https:\/\/colegioaleman.net\/de\/nachhaltiges-projekt-die-ersten-tage-in-fuessen-fuer-die-teilnehmenden-schueler-und-schuelerinnen-der-8-und-10-klasse\/#primaryimage"},"image":{"@id":"https:\/\/colegioaleman.net\/de\/nachhaltiges-projekt-die-ersten-tage-in-fuessen-fuer-die-teilnehmenden-schueler-und-schuelerinnen-der-8-und-10-klasse\/#primaryimage"},"thumbnailUrl":"https:\/\/colegioaleman.net\/wp-content\/uploads\/PORTADA-FUSSEN.jpg","datePublished":"2024-06-14T10:12:22+00:00","author":{"@id":"https:\/\/colegioaleman.net\/de\/#\/schema\/person\/6bcd7d12143d885834326c35f509a440"},"breadcrumb":{"@id":"https:\/\/colegioaleman.net\/de\/nachhaltiges-projekt-die-ersten-tage-in-fuessen-fuer-die-teilnehmenden-schueler-und-schuelerinnen-der-8-und-10-klasse\/#breadcrumb"},"inLanguage":"de","potentialAction":[{"@type":"ReadAction","target":["https:\/\/colegioaleman.net\/de\/nachhaltiges-projekt-die-ersten-tage-in-fuessen-fuer-die-teilnehmenden-schueler-und-schuelerinnen-der-8-und-10-klasse\/"]}]},{"@type":"ImageObject","inLanguage":"de","@id":"https:\/\/colegioaleman.net\/de\/nachhaltiges-projekt-die-ersten-tage-in-fuessen-fuer-die-teilnehmenden-schueler-und-schuelerinnen-der-8-und-10-klasse\/#primaryimage","url":"https:\/\/colegioaleman.net\/wp-content\/uploads\/PORTADA-FUSSEN.jpg","contentUrl":"https:\/\/colegioaleman.net\/wp-content\/uploads\/PORTADA-FUSSEN.jpg","width":1080,"height":810},{"@type":"BreadcrumbList","@id":"https:\/\/colegioaleman.net\/de\/nachhaltiges-projekt-die-ersten-tage-in-fuessen-fuer-die-teilnehmenden-schueler-und-schuelerinnen-der-8-und-10-klasse\/#breadcrumb","itemListElement":[{"@type":"ListItem","position":1,"name":"Home","item":"https:\/\/colegioaleman.net\/de\/"},{"@type":"ListItem","position":2,"name":"Nachhaltiges Projekt: Die ersten Tage in F\u00fcssen f\u00fcr die teilnehmenden Sch\u00fcler und Sch\u00fclerinnen der 8. und 10. Klasse"}]},{"@type":"WebSite","@id":"https:\/\/colegioaleman.net\/de\/#website","url":"https:\/\/colegioaleman.net\/de\/","name":"Deutsche Schule San Sebasti&aacute;n","description":"Colegio Alem&aacute;n San Alberto Magno","potentialAction":[{"@type":"SearchAction","target":{"@type":"EntryPoint","urlTemplate":"https:\/\/colegioaleman.net\/de\/?s={search_term_string}"},"query-input":{"@type":"PropertyValueSpecification","valueRequired":true,"valueName":"search_term_string"}}],"inLanguage":"de"},{"@type":"Person","@id":"https:\/\/colegioaleman.net\/de\/#\/schema\/person\/6bcd7d12143d885834326c35f509a440","name":"Comunicaci\u00f3n DS","image":{"@type":"ImageObject","inLanguage":"de","@id":"https:\/\/secure.gravatar.com\/avatar\/4276d527a7afb9697a8e116a1f4a8676e75dca38469c7643daff85877db5147b?s=96&d=mm&r=g","url":"https:\/\/secure.gravatar.com\/avatar\/4276d527a7afb9697a8e116a1f4a8676e75dca38469c7643daff85877db5147b?s=96&d=mm&r=g","contentUrl":"https:\/\/secure.gravatar.com\/avatar\/4276d527a7afb9697a8e116a1f4a8676e75dca38469c7643daff85877db5147b?s=96&d=mm&r=g","caption":"Comunicaci\u00f3n DS"}}]}},"_links":{"self":[{"href":"https:\/\/colegioaleman.net\/de\/wp-json\/wp\/v2\/posts\/66992","targetHints":{"allow":["GET"]}}],"collection":[{"href":"https:\/\/colegioaleman.net\/de\/wp-json\/wp\/v2\/posts"}],"about":[{"href":"https:\/\/colegioaleman.net\/de\/wp-json\/wp\/v2\/types\/post"}],"author":[{"embeddable":true,"href":"https:\/\/colegioaleman.net\/de\/wp-json\/wp\/v2\/users\/7"}],"replies":[{"embeddable":true,"href":"https:\/\/colegioaleman.net\/de\/wp-json\/wp\/v2\/comments?post=66992"}],"version-history":[{"count":0,"href":"https:\/\/colegioaleman.net\/de\/wp-json\/wp\/v2\/posts\/66992\/revisions"}],"wp:featuredmedia":[{"embeddable":true,"href":"https:\/\/colegioaleman.net\/de\/wp-json\/wp\/v2\/media\/66990"}],"wp:attachment":[{"href":"https:\/\/colegioaleman.net\/de\/wp-json\/wp\/v2\/media?parent=66992"}],"wp:term":[{"taxonomy":"category","embeddable":true,"href":"https:\/\/colegioaleman.net\/de\/wp-json\/wp\/v2\/categories?post=66992"},{"taxonomy":"post_tag","embeddable":true,"href":"https:\/\/colegioaleman.net\/de\/wp-json\/wp\/v2\/tags?post=66992"}],"curies":[{"name":"wp","href":"https:\/\/api.w.org\/{rel}","templated":true}]}}