{"id":68905,"date":"2025-01-14T08:26:00","date_gmt":"2025-01-14T07:26:00","guid":{"rendered":"https:\/\/colegioaleman.net\/?p=68905"},"modified":"2025-01-17T08:53:33","modified_gmt":"2025-01-17T07:53:33","slug":"charlas-y-formaciones-sobre-altas-capacidades-en-deutsche-schule","status":"publish","type":"post","link":"https:\/\/colegioaleman.net\/de\/charlas-y-formaciones-sobre-altas-capacidades-en-deutsche-schule\/","title":{"rendered":"Charlas y formaciones sobre Altas Capacidades en Deutsche Schule"},"content":{"rendered":"\n<figure class=\"wp-block-image size-large is-resized\"><img fetchpriority=\"high\" decoding=\"async\" width=\"1100\" height=\"700\" src=\"https:\/\/colegioaleman.net\/wp-content\/uploads\/2-1024x652.png\" alt=\"\" class=\"wp-image-68906\" style=\"width:568px;height:auto\" srcset=\"https:\/\/colegioaleman.net\/wp-content\/uploads\/2-1024x652.png 1024w, https:\/\/colegioaleman.net\/wp-content\/uploads\/2-300x191.png 300w, https:\/\/colegioaleman.net\/wp-content\/uploads\/2-768x489.png 768w, https:\/\/colegioaleman.net\/wp-content\/uploads\/2.png 1100w\" sizes=\"(max-width: 1100px) 100vw, 1100px\" \/><\/figure>\n\n\n\n<p><strong>&#8222;Entendiendo las Altas Capacidades&#8220; &#8211; Por Nerea L\u00f3pez<\/strong><\/p>\n\n\n\n<p>El lunes 13 contamos con la visita de la neuropsic\u00f3loga Nerea L\u00f3pez en Deutsche Schule San Sebasti\u00e1n. Nos ofreci\u00f3 una charla enriquecedora sobre altas capacidades, profundizando en las caracter\u00edsticas y perfiles de estos ni\u00f1os y ni\u00f1as. <\/p>\n\n\n\n<p>Su intervenci\u00f3n nos ayud\u00f3 a comprender mejor c\u00f3mo apoyarles para desarrollar al m\u00e1ximo sus capacidades y resolvi\u00f3 muchas de nuestras dudas. <\/p>\n\n\n\n<p>Nerea L\u00f3pez es neuropsic\u00f3loga experta en desarrollo emocional y familias (con M\u00e1ster universitario en Altas Capacidades)<\/p>\n\n\n\n<p>\u00a1Gracias, Nerea, por esta valiosa jornada formativa dirigida tanto a las familias como al personal del colegio!<\/p>\n\n\n\n<p>Continuamos apostando por el aprendizaje continuo para seguir ofreciendo el mejor acompa\u00f1amiento a nuestro alumnado.<\/p>\n\n\n\n<figure class=\"wp-block-gallery has-nested-images columns-default is-cropped wp-block-gallery-1 is-layout-flex wp-block-gallery-is-layout-flex\">\n<figure class=\"wp-block-image size-large\"><img decoding=\"async\" width=\"1024\" height=\"1024\" data-id=\"68909\" src=\"https:\/\/colegioaleman.net\/wp-content\/uploads\/1-1-1024x1024.png\" alt=\"\" class=\"wp-image-68909\" srcset=\"https:\/\/colegioaleman.net\/wp-content\/uploads\/1-1-1024x1024.png 1024w, https:\/\/colegioaleman.net\/wp-content\/uploads\/1-1-300x300.png 300w, https:\/\/colegioaleman.net\/wp-content\/uploads\/1-1-150x150.png 150w, https:\/\/colegioaleman.net\/wp-content\/uploads\/1-1-768x768.png 768w, https:\/\/colegioaleman.net\/wp-content\/uploads\/1-1-700x700.png 700w, https:\/\/colegioaleman.net\/wp-content\/uploads\/1-1.png 1080w\" sizes=\"(max-width: 1024px) 100vw, 1024px\" \/><\/figure>\n\n\n\n<figure class=\"wp-block-image size-large\"><img decoding=\"async\" width=\"1024\" height=\"1024\" data-id=\"68914\" src=\"https:\/\/colegioaleman.net\/wp-content\/uploads\/2-1-1024x1024.png\" alt=\"\" class=\"wp-image-68914\" srcset=\"https:\/\/colegioaleman.net\/wp-content\/uploads\/2-1-1024x1024.png 1024w, https:\/\/colegioaleman.net\/wp-content\/uploads\/2-1-300x300.png 300w, https:\/\/colegioaleman.net\/wp-content\/uploads\/2-1-150x150.png 150w, https:\/\/colegioaleman.net\/wp-content\/uploads\/2-1-768x768.png 768w, https:\/\/colegioaleman.net\/wp-content\/uploads\/2-1-700x700.png 700w, https:\/\/colegioaleman.net\/wp-content\/uploads\/2-1.png 1080w\" sizes=\"(max-width: 1024px) 100vw, 1024px\" \/><\/figure>\n\n\n\n<figure class=\"wp-block-image size-large\"><img loading=\"lazy\" decoding=\"async\" width=\"1024\" height=\"1024\" data-id=\"68910\" src=\"https:\/\/colegioaleman.net\/wp-content\/uploads\/3-1024x1024.png\" alt=\"\" class=\"wp-image-68910\" srcset=\"https:\/\/colegioaleman.net\/wp-content\/uploads\/3-1024x1024.png 1024w, https:\/\/colegioaleman.net\/wp-content\/uploads\/3-300x300.png 300w, https:\/\/colegioaleman.net\/wp-content\/uploads\/3-150x150.png 150w, https:\/\/colegioaleman.net\/wp-content\/uploads\/3-768x768.png 768w, https:\/\/colegioaleman.net\/wp-content\/uploads\/3-700x700.png 700w, https:\/\/colegioaleman.net\/wp-content\/uploads\/3.png 1080w\" sizes=\"(max-width: 1024px) 100vw, 1024px\" \/><\/figure>\n\n\n\n<figure class=\"wp-block-image size-large\"><img loading=\"lazy\" decoding=\"async\" width=\"1080\" height=\"1080\" data-id=\"68912\" src=\"https:\/\/colegioaleman.net\/wp-content\/uploads\/4-1024x1024.png\" alt=\"\" class=\"wp-image-68912\" srcset=\"https:\/\/colegioaleman.net\/wp-content\/uploads\/4-1024x1024.png 1024w, https:\/\/colegioaleman.net\/wp-content\/uploads\/4-300x300.png 300w, https:\/\/colegioaleman.net\/wp-content\/uploads\/4-150x150.png 150w, https:\/\/colegioaleman.net\/wp-content\/uploads\/4-768x768.png 768w, https:\/\/colegioaleman.net\/wp-content\/uploads\/4-700x700.png 700w, https:\/\/colegioaleman.net\/wp-content\/uploads\/4.png 1080w\" sizes=\"(max-width: 1080px) 100vw, 1080px\" \/><\/figure>\n<\/figure>\n","protected":false},"excerpt":{"rendered":"<p>&#8222;Entendiendo las Altas Capacidades&#8220; &#8211; Por Nerea L\u00f3pez El lunes 13 contamos con la visita de la neuropsic\u00f3loga Nerea L\u00f3pez en Deutsche Schule San Sebasti\u00e1n. Nos ofreci\u00f3 una charla enriquecedora sobre altas capacidades, profundizando en las caracter\u00edsticas y perfiles de estos ni\u00f1os y ni\u00f1as. Su intervenci\u00f3n nos ayud\u00f3 a comprender mejor c\u00f3mo apoyarles para desarrollar [&hellip;]<\/p>\n","protected":false},"author":7,"featured_media":68921,"comment_status":"closed","ping_status":"closed","sticky":false,"template":"","format":"standard","meta":{"site-sidebar-layout":"default","site-content-layout":"","ast-site-content-layout":"default","site-content-style":"default","site-sidebar-style":"default","ast-global-header-display":"","ast-banner-title-visibility":"","ast-main-header-display":"","ast-hfb-above-header-display":"","ast-hfb-below-header-display":"","ast-hfb-mobile-header-display":"","site-post-title":"","ast-breadcrumbs-content":"","ast-featured-img":"disabled","footer-sml-layout":"","ast-disable-related-posts":"","theme-transparent-header-meta":"","adv-header-id-meta":"","stick-header-meta":"","header-above-stick-meta":"","header-main-stick-meta":"","header-below-stick-meta":"","astra-migrate-meta-layouts":"set","ast-page-background-enabled":"default","ast-page-background-meta":{"desktop":{"background-color":"var(--ast-global-color-4)","background-image":"","background-repeat":"repeat","background-position":"center center","background-size":"auto","background-attachment":"scroll","background-type":"","background-media":"","overlay-type":"","overlay-color":"","overlay-opacity":"","overlay-gradient":""},"tablet":{"background-color":"","background-image":"","background-repeat":"repeat","background-position":"center center","background-size":"auto","background-attachment":"scroll","background-type":"","background-media":"","overlay-type":"","overlay-color":"","overlay-opacity":"","overlay-gradient":""},"mobile":{"background-color":"","background-image":"","background-repeat":"repeat","background-position":"center center","background-size":"auto","background-attachment":"scroll","background-type":"","background-media":"","overlay-type":"","overlay-color":"","overlay-opacity":"","overlay-gradient":""}},"ast-content-background-meta":{"desktop":{"background-color":"var(--ast-global-color-5)","background-image":"","background-repeat":"repeat","background-position":"center center","background-size":"auto","background-attachment":"scroll","background-type":"","background-media":"","overlay-type":"","overlay-color":"","overlay-opacity":"","overlay-gradient":""},"tablet":{"background-color":"var(--ast-global-color-5)","background-image":"","background-repeat":"repeat","background-position":"center center","background-size":"auto","background-attachment":"scroll","background-type":"","background-media":"","overlay-type":"","overlay-color":"","overlay-opacity":"","overlay-gradient":""},"mobile":{"background-color":"var(--ast-global-color-5)","background-image":"","background-repeat":"repeat","background-position":"center center","background-size":"auto","background-attachment":"scroll","background-type":"","background-media":"","overlay-type":"","overlay-color":"","overlay-opacity":"","overlay-gradient":""}},"footnotes":""},"categories":[88,22],"tags":[],"class_list":["post-68905","post","type-post","status-publish","format-standard","has-post-thumbnail","hentry","category-eventos","category-noticias"],"yoast_head":"<!-- This site is optimized with the Yoast SEO plugin v27.4 - https:\/\/yoast.com\/product\/yoast-seo-wordpress\/ -->\n<title>&quot;Entendiendo las Altas Capacidades&quot; - Deutsche Schule San Sebasti\u00e1n<\/title>\n<meta name=\"description\" content=\"Nerea L\u00f3pez, neuropsic\u00f3loga, imparte formaciones y charlas sobre Altas Capacidades a familias y personal de Deutsche Schule San Sebasti\u00e1n\" \/>\n<meta name=\"robots\" content=\"index, follow, max-snippet:-1, max-image-preview:large, max-video-preview:-1\" \/>\n<link rel=\"canonical\" href=\"https:\/\/colegioaleman.net\/de\/charlas-y-formaciones-sobre-altas-capacidades-en-deutsche-schule\/\" \/>\n<meta property=\"og:locale\" content=\"de_DE\" \/>\n<meta property=\"og:type\" content=\"article\" \/>\n<meta property=\"og:title\" content=\"&quot;Entendiendo las Altas Capacidades&quot; - Deutsche Schule San Sebasti\u00e1n\" \/>\n<meta property=\"og:description\" content=\"Nerea L\u00f3pez, neuropsic\u00f3loga, imparte formaciones y charlas sobre Altas Capacidades a familias y personal de Deutsche Schule San Sebasti\u00e1n\" \/>\n<meta property=\"og:url\" content=\"https:\/\/colegioaleman.net\/de\/charlas-y-formaciones-sobre-altas-capacidades-en-deutsche-schule\/\" \/>\n<meta property=\"og:site_name\" content=\"Deutsche Schule San Sebasti&aacute;n\" \/>\n<meta property=\"article:published_time\" content=\"2025-01-14T07:26:00+00:00\" \/>\n<meta property=\"article:modified_time\" content=\"2025-01-17T07:53:33+00:00\" \/>\n<meta property=\"og:image\" content=\"https:\/\/colegioaleman.net\/wp-content\/uploads\/portada-AACC-1.jpg\" \/>\n\t<meta property=\"og:image:width\" content=\"1080\" \/>\n\t<meta property=\"og:image:height\" content=\"800\" \/>\n\t<meta property=\"og:image:type\" content=\"image\/jpeg\" \/>\n<meta name=\"author\" content=\"Comunicaci\u00f3n DS\" \/>\n<meta name=\"twitter:card\" content=\"summary_large_image\" \/>\n<meta name=\"twitter:label1\" content=\"Verfasst von\" \/>\n\t<meta name=\"twitter:data1\" content=\"Comunicaci\u00f3n DS\" \/>\n\t<meta name=\"twitter:label2\" content=\"Gesch\u00e4tzte Lesezeit\" \/>\n\t<meta name=\"twitter:data2\" content=\"2\u00a0Minuten\" \/>\n<script type=\"application\/ld+json\" class=\"yoast-schema-graph\">{\"@context\":\"https:\\\/\\\/schema.org\",\"@graph\":[{\"@type\":\"NewsArticle\",\"@id\":\"https:\\\/\\\/colegioaleman.net\\\/de\\\/charlas-y-formaciones-sobre-altas-capacidades-en-deutsche-schule\\\/#article\",\"isPartOf\":{\"@id\":\"https:\\\/\\\/colegioaleman.net\\\/de\\\/charlas-y-formaciones-sobre-altas-capacidades-en-deutsche-schule\\\/\"},\"author\":{\"name\":\"Comunicaci\u00f3n DS\",\"@id\":\"https:\\\/\\\/colegioaleman.net\\\/de\\\/#\\\/schema\\\/person\\\/6bcd7d12143d885834326c35f509a440\"},\"headline\":\"Charlas y formaciones sobre Altas Capacidades en Deutsche Schule\",\"datePublished\":\"2025-01-14T07:26:00+00:00\",\"dateModified\":\"2025-01-17T07:53:33+00:00\",\"mainEntityOfPage\":{\"@id\":\"https:\\\/\\\/colegioaleman.net\\\/de\\\/charlas-y-formaciones-sobre-altas-capacidades-en-deutsche-schule\\\/\"},\"wordCount\":135,\"image\":{\"@id\":\"https:\\\/\\\/colegioaleman.net\\\/de\\\/charlas-y-formaciones-sobre-altas-capacidades-en-deutsche-schule\\\/#primaryimage\"},\"thumbnailUrl\":\"https:\\\/\\\/colegioaleman.net\\\/wp-content\\\/uploads\\\/portada-AACC-1.jpg\",\"articleSection\":[\"Eventos\",\"Novedades DS\"],\"inLanguage\":\"de\"},{\"@type\":[\"WebPage\",\"ItemPage\"],\"@id\":\"https:\\\/\\\/colegioaleman.net\\\/de\\\/charlas-y-formaciones-sobre-altas-capacidades-en-deutsche-schule\\\/\",\"url\":\"https:\\\/\\\/colegioaleman.net\\\/de\\\/charlas-y-formaciones-sobre-altas-capacidades-en-deutsche-schule\\\/\",\"name\":\"\\\"Entendiendo las Altas Capacidades\\\" - Deutsche Schule San Sebasti\u00e1n\",\"isPartOf\":{\"@id\":\"https:\\\/\\\/colegioaleman.net\\\/de\\\/#website\"},\"primaryImageOfPage\":{\"@id\":\"https:\\\/\\\/colegioaleman.net\\\/de\\\/charlas-y-formaciones-sobre-altas-capacidades-en-deutsche-schule\\\/#primaryimage\"},\"image\":{\"@id\":\"https:\\\/\\\/colegioaleman.net\\\/de\\\/charlas-y-formaciones-sobre-altas-capacidades-en-deutsche-schule\\\/#primaryimage\"},\"thumbnailUrl\":\"https:\\\/\\\/colegioaleman.net\\\/wp-content\\\/uploads\\\/portada-AACC-1.jpg\",\"datePublished\":\"2025-01-14T07:26:00+00:00\",\"dateModified\":\"2025-01-17T07:53:33+00:00\",\"author\":{\"@id\":\"https:\\\/\\\/colegioaleman.net\\\/de\\\/#\\\/schema\\\/person\\\/6bcd7d12143d885834326c35f509a440\"},\"description\":\"Nerea L\u00f3pez, neuropsic\u00f3loga, imparte formaciones y charlas sobre Altas Capacidades a familias y personal de Deutsche Schule San Sebasti\u00e1n\",\"breadcrumb\":{\"@id\":\"https:\\\/\\\/colegioaleman.net\\\/de\\\/charlas-y-formaciones-sobre-altas-capacidades-en-deutsche-schule\\\/#breadcrumb\"},\"inLanguage\":\"de\",\"potentialAction\":[{\"@type\":\"ReadAction\",\"target\":[\"https:\\\/\\\/colegioaleman.net\\\/de\\\/charlas-y-formaciones-sobre-altas-capacidades-en-deutsche-schule\\\/\"]}]},{\"@type\":\"ImageObject\",\"inLanguage\":\"de\",\"@id\":\"https:\\\/\\\/colegioaleman.net\\\/de\\\/charlas-y-formaciones-sobre-altas-capacidades-en-deutsche-schule\\\/#primaryimage\",\"url\":\"https:\\\/\\\/colegioaleman.net\\\/wp-content\\\/uploads\\\/portada-AACC-1.jpg\",\"contentUrl\":\"https:\\\/\\\/colegioaleman.net\\\/wp-content\\\/uploads\\\/portada-AACC-1.jpg\",\"width\":1080,\"height\":800},{\"@type\":\"BreadcrumbList\",\"@id\":\"https:\\\/\\\/colegioaleman.net\\\/de\\\/charlas-y-formaciones-sobre-altas-capacidades-en-deutsche-schule\\\/#breadcrumb\",\"itemListElement\":[{\"@type\":\"ListItem\",\"position\":1,\"name\":\"Home\",\"item\":\"https:\\\/\\\/colegioaleman.net\\\/de\\\/\"},{\"@type\":\"ListItem\",\"position\":2,\"name\":\"Charlas y formaciones sobre Altas Capacidades en Deutsche Schule\"}]},{\"@type\":\"WebSite\",\"@id\":\"https:\\\/\\\/colegioaleman.net\\\/de\\\/#website\",\"url\":\"https:\\\/\\\/colegioaleman.net\\\/de\\\/\",\"name\":\"Deutsche Schule San Sebasti&aacute;n\",\"description\":\"Colegio Alem&aacute;n San Alberto Magno\",\"potentialAction\":[{\"@type\":\"SearchAction\",\"target\":{\"@type\":\"EntryPoint\",\"urlTemplate\":\"https:\\\/\\\/colegioaleman.net\\\/de\\\/?s={search_term_string}\"},\"query-input\":{\"@type\":\"PropertyValueSpecification\",\"valueRequired\":true,\"valueName\":\"search_term_string\"}}],\"inLanguage\":\"de\"},{\"@type\":\"Person\",\"@id\":\"https:\\\/\\\/colegioaleman.net\\\/de\\\/#\\\/schema\\\/person\\\/6bcd7d12143d885834326c35f509a440\",\"name\":\"Comunicaci\u00f3n DS\",\"image\":{\"@type\":\"ImageObject\",\"inLanguage\":\"de\",\"@id\":\"https:\\\/\\\/secure.gravatar.com\\\/avatar\\\/4276d527a7afb9697a8e116a1f4a8676e75dca38469c7643daff85877db5147b?s=96&d=mm&r=g\",\"url\":\"https:\\\/\\\/secure.gravatar.com\\\/avatar\\\/4276d527a7afb9697a8e116a1f4a8676e75dca38469c7643daff85877db5147b?s=96&d=mm&r=g\",\"contentUrl\":\"https:\\\/\\\/secure.gravatar.com\\\/avatar\\\/4276d527a7afb9697a8e116a1f4a8676e75dca38469c7643daff85877db5147b?s=96&d=mm&r=g\",\"caption\":\"Comunicaci\u00f3n DS\"}}]}<\/script>\n<!-- \/ Yoast SEO plugin. -->","yoast_head_json":{"title":"\"Entendiendo las Altas Capacidades\" - Deutsche Schule San Sebasti\u00e1n","description":"Nerea L\u00f3pez, neuropsic\u00f3loga, imparte formaciones y charlas sobre Altas Capacidades a familias y personal de Deutsche Schule San Sebasti\u00e1n","robots":{"index":"index","follow":"follow","max-snippet":"max-snippet:-1","max-image-preview":"max-image-preview:large","max-video-preview":"max-video-preview:-1"},"canonical":"https:\/\/colegioaleman.net\/de\/charlas-y-formaciones-sobre-altas-capacidades-en-deutsche-schule\/","og_locale":"de_DE","og_type":"article","og_title":"\"Entendiendo las Altas Capacidades\" - Deutsche Schule San Sebasti\u00e1n","og_description":"Nerea L\u00f3pez, neuropsic\u00f3loga, imparte formaciones y charlas sobre Altas Capacidades a familias y personal de Deutsche Schule San Sebasti\u00e1n","og_url":"https:\/\/colegioaleman.net\/de\/charlas-y-formaciones-sobre-altas-capacidades-en-deutsche-schule\/","og_site_name":"Deutsche Schule San Sebasti&aacute;n","article_published_time":"2025-01-14T07:26:00+00:00","article_modified_time":"2025-01-17T07:53:33+00:00","og_image":[{"width":1080,"height":800,"url":"https:\/\/colegioaleman.net\/wp-content\/uploads\/portada-AACC-1.jpg","type":"image\/jpeg"}],"author":"Comunicaci\u00f3n DS","twitter_card":"summary_large_image","twitter_misc":{"Verfasst von":"Comunicaci\u00f3n DS","Gesch\u00e4tzte Lesezeit":"2\u00a0Minuten"},"schema":{"@context":"https:\/\/schema.org","@graph":[{"@type":"NewsArticle","@id":"https:\/\/colegioaleman.net\/de\/charlas-y-formaciones-sobre-altas-capacidades-en-deutsche-schule\/#article","isPartOf":{"@id":"https:\/\/colegioaleman.net\/de\/charlas-y-formaciones-sobre-altas-capacidades-en-deutsche-schule\/"},"author":{"name":"Comunicaci\u00f3n DS","@id":"https:\/\/colegioaleman.net\/de\/#\/schema\/person\/6bcd7d12143d885834326c35f509a440"},"headline":"Charlas y formaciones sobre Altas Capacidades en Deutsche Schule","datePublished":"2025-01-14T07:26:00+00:00","dateModified":"2025-01-17T07:53:33+00:00","mainEntityOfPage":{"@id":"https:\/\/colegioaleman.net\/de\/charlas-y-formaciones-sobre-altas-capacidades-en-deutsche-schule\/"},"wordCount":135,"image":{"@id":"https:\/\/colegioaleman.net\/de\/charlas-y-formaciones-sobre-altas-capacidades-en-deutsche-schule\/#primaryimage"},"thumbnailUrl":"https:\/\/colegioaleman.net\/wp-content\/uploads\/portada-AACC-1.jpg","articleSection":["Eventos","Novedades DS"],"inLanguage":"de"},{"@type":["WebPage","ItemPage"],"@id":"https:\/\/colegioaleman.net\/de\/charlas-y-formaciones-sobre-altas-capacidades-en-deutsche-schule\/","url":"https:\/\/colegioaleman.net\/de\/charlas-y-formaciones-sobre-altas-capacidades-en-deutsche-schule\/","name":"\"Entendiendo las Altas Capacidades\" - Deutsche Schule San Sebasti\u00e1n","isPartOf":{"@id":"https:\/\/colegioaleman.net\/de\/#website"},"primaryImageOfPage":{"@id":"https:\/\/colegioaleman.net\/de\/charlas-y-formaciones-sobre-altas-capacidades-en-deutsche-schule\/#primaryimage"},"image":{"@id":"https:\/\/colegioaleman.net\/de\/charlas-y-formaciones-sobre-altas-capacidades-en-deutsche-schule\/#primaryimage"},"thumbnailUrl":"https:\/\/colegioaleman.net\/wp-content\/uploads\/portada-AACC-1.jpg","datePublished":"2025-01-14T07:26:00+00:00","dateModified":"2025-01-17T07:53:33+00:00","author":{"@id":"https:\/\/colegioaleman.net\/de\/#\/schema\/person\/6bcd7d12143d885834326c35f509a440"},"description":"Nerea L\u00f3pez, neuropsic\u00f3loga, imparte formaciones y charlas sobre Altas Capacidades a familias y personal de Deutsche Schule San Sebasti\u00e1n","breadcrumb":{"@id":"https:\/\/colegioaleman.net\/de\/charlas-y-formaciones-sobre-altas-capacidades-en-deutsche-schule\/#breadcrumb"},"inLanguage":"de","potentialAction":[{"@type":"ReadAction","target":["https:\/\/colegioaleman.net\/de\/charlas-y-formaciones-sobre-altas-capacidades-en-deutsche-schule\/"]}]},{"@type":"ImageObject","inLanguage":"de","@id":"https:\/\/colegioaleman.net\/de\/charlas-y-formaciones-sobre-altas-capacidades-en-deutsche-schule\/#primaryimage","url":"https:\/\/colegioaleman.net\/wp-content\/uploads\/portada-AACC-1.jpg","contentUrl":"https:\/\/colegioaleman.net\/wp-content\/uploads\/portada-AACC-1.jpg","width":1080,"height":800},{"@type":"BreadcrumbList","@id":"https:\/\/colegioaleman.net\/de\/charlas-y-formaciones-sobre-altas-capacidades-en-deutsche-schule\/#breadcrumb","itemListElement":[{"@type":"ListItem","position":1,"name":"Home","item":"https:\/\/colegioaleman.net\/de\/"},{"@type":"ListItem","position":2,"name":"Charlas y formaciones sobre Altas Capacidades en Deutsche Schule"}]},{"@type":"WebSite","@id":"https:\/\/colegioaleman.net\/de\/#website","url":"https:\/\/colegioaleman.net\/de\/","name":"Deutsche Schule San Sebasti&aacute;n","description":"Colegio Alem&aacute;n San Alberto Magno","potentialAction":[{"@type":"SearchAction","target":{"@type":"EntryPoint","urlTemplate":"https:\/\/colegioaleman.net\/de\/?s={search_term_string}"},"query-input":{"@type":"PropertyValueSpecification","valueRequired":true,"valueName":"search_term_string"}}],"inLanguage":"de"},{"@type":"Person","@id":"https:\/\/colegioaleman.net\/de\/#\/schema\/person\/6bcd7d12143d885834326c35f509a440","name":"Comunicaci\u00f3n DS","image":{"@type":"ImageObject","inLanguage":"de","@id":"https:\/\/secure.gravatar.com\/avatar\/4276d527a7afb9697a8e116a1f4a8676e75dca38469c7643daff85877db5147b?s=96&d=mm&r=g","url":"https:\/\/secure.gravatar.com\/avatar\/4276d527a7afb9697a8e116a1f4a8676e75dca38469c7643daff85877db5147b?s=96&d=mm&r=g","contentUrl":"https:\/\/secure.gravatar.com\/avatar\/4276d527a7afb9697a8e116a1f4a8676e75dca38469c7643daff85877db5147b?s=96&d=mm&r=g","caption":"Comunicaci\u00f3n DS"}}]}},"_links":{"self":[{"href":"https:\/\/colegioaleman.net\/de\/wp-json\/wp\/v2\/posts\/68905","targetHints":{"allow":["GET"]}}],"collection":[{"href":"https:\/\/colegioaleman.net\/de\/wp-json\/wp\/v2\/posts"}],"about":[{"href":"https:\/\/colegioaleman.net\/de\/wp-json\/wp\/v2\/types\/post"}],"author":[{"embeddable":true,"href":"https:\/\/colegioaleman.net\/de\/wp-json\/wp\/v2\/users\/7"}],"replies":[{"embeddable":true,"href":"https:\/\/colegioaleman.net\/de\/wp-json\/wp\/v2\/comments?post=68905"}],"version-history":[{"count":0,"href":"https:\/\/colegioaleman.net\/de\/wp-json\/wp\/v2\/posts\/68905\/revisions"}],"wp:featuredmedia":[{"embeddable":true,"href":"https:\/\/colegioaleman.net\/de\/wp-json\/wp\/v2\/media\/68921"}],"wp:attachment":[{"href":"https:\/\/colegioaleman.net\/de\/wp-json\/wp\/v2\/media?parent=68905"}],"wp:term":[{"taxonomy":"category","embeddable":true,"href":"https:\/\/colegioaleman.net\/de\/wp-json\/wp\/v2\/categories?post=68905"},{"taxonomy":"post_tag","embeddable":true,"href":"https:\/\/colegioaleman.net\/de\/wp-json\/wp\/v2\/tags?post=68905"}],"curies":[{"name":"wp","href":"https:\/\/api.w.org\/{rel}","templated":true}]}}