{"id":69028,"date":"2025-01-31T10:53:11","date_gmt":"2025-01-31T09:53:11","guid":{"rendered":"https:\/\/colegioaleman.net\/?p=69028"},"modified":"2025-01-31T11:07:04","modified_gmt":"2025-01-31T10:07:04","slug":"1a-fase-concurso-jugend-musiziert-en-ds-san-sebatian","status":"publish","type":"post","link":"https:\/\/colegioaleman.net\/de\/1a-fase-concurso-jugend-musiziert-en-ds-san-sebatian\/","title":{"rendered":"1\u00aa fase concurso Jugend Musiziert en DS San Sebasti\u00e1n"},"content":{"rendered":"\n<p>El pasado lunes, 27 de enero, vivimos una jornada musical inolvidable con la celebraci\u00f3n del concurso Jugend Musiziert en Deutsche Schule San Sebasti\u00e1n<em>,<\/em>&nbsp;en el que participaron m\u00e1s de 40 j\u00f3venes m\u00fasicos.<\/p>\n\n\n\n<p>Este a\u00f1o, la variedad instrumental ha sido a\u00fan mayor, con interpretaciones de acorde\u00f3n, trompeta, violonchelo, viol\u00edn, viola, canto pop y piano. Cada participante dedic\u00f3 horas de estudio y pr\u00e1ctica para ofrecer su mejor versi\u00f3n en el escenario, llenando el d\u00eda de talento y emoci\u00f3n.<\/p>\n\n\n\n<p>Tras una jornada intensa, pero enriquecedora, la tarde comenz\u00f3 con un homenaje especial a nuestra querida profesora de m\u00fasica, Ana Etxeberria. A continuaci\u00f3n, tuvo lugar el concierto de clausura, donde cada participante deleit\u00f3 al p\u00fablico con una pieza.<\/p>\n\n\n\n<p>Felicitamos especialmente a quienes han logrado el pase a la segunda fase, que se celebrar\u00e1 en Bilbao del&nbsp;<strong>28 de marzo al 4 de abril<\/strong>:<\/p>\n\n\n\n<p><strong>Esteban Imaz, Natalia Bouic, Alesia Cavour, Ayan Stojanovski, Peru Santos, Martin Echeverria, Lena Wesbuer, In\u00e9s Santos, Telmo Santos, Norah Hern\u00e1ndez, In\u00e9s La\u00edn y Javier Samper.<\/strong><\/p>\n\n\n\n<p>Herzlichen Gl\u00fcckwunsch! Zorionak!\u00a0\u00a0\u00a1Mucha suerte en la siguiente fase!<\/p>\n\n\n\n<p><strong>Vielen Dank an alle!<\/strong>&nbsp;<\/p>\n\n\n\n<figure class=\"wp-block-gallery has-nested-images columns-default is-cropped wp-block-gallery-1 is-layout-flex wp-block-gallery-is-layout-flex\">\n<figure class=\"wp-block-image size-large\"><img fetchpriority=\"high\" decoding=\"async\" width=\"1024\" height=\"1024\" data-id=\"69077\" src=\"https:\/\/colegioaleman.net\/wp-content\/uploads\/jugend-musiziert-blog-1-1024x1024.jpg\" alt=\"\" class=\"wp-image-69077\" srcset=\"https:\/\/colegioaleman.net\/wp-content\/uploads\/jugend-musiziert-blog-1-1024x1024.jpg 1024w, https:\/\/colegioaleman.net\/wp-content\/uploads\/jugend-musiziert-blog-1-300x300.jpg 300w, https:\/\/colegioaleman.net\/wp-content\/uploads\/jugend-musiziert-blog-1-150x150.jpg 150w, https:\/\/colegioaleman.net\/wp-content\/uploads\/jugend-musiziert-blog-1-768x768.jpg 768w, https:\/\/colegioaleman.net\/wp-content\/uploads\/jugend-musiziert-blog-1-700x700.jpg 700w, https:\/\/colegioaleman.net\/wp-content\/uploads\/jugend-musiziert-blog-1.jpg 1080w\" sizes=\"(max-width: 1024px) 100vw, 1024px\" \/><\/figure>\n\n\n\n<figure class=\"wp-block-image size-large\"><img decoding=\"async\" width=\"1024\" height=\"1024\" data-id=\"69033\" src=\"https:\/\/colegioaleman.net\/wp-content\/uploads\/2-31-1024x1024.jpg\" alt=\"\" class=\"wp-image-69033\" srcset=\"https:\/\/colegioaleman.net\/wp-content\/uploads\/2-31-1024x1024.jpg 1024w, https:\/\/colegioaleman.net\/wp-content\/uploads\/2-31-300x300.jpg 300w, https:\/\/colegioaleman.net\/wp-content\/uploads\/2-31-150x150.jpg 150w, https:\/\/colegioaleman.net\/wp-content\/uploads\/2-31-768x768.jpg 768w, https:\/\/colegioaleman.net\/wp-content\/uploads\/2-31-700x700.jpg 700w, https:\/\/colegioaleman.net\/wp-content\/uploads\/2-31.jpg 1080w\" sizes=\"(max-width: 1024px) 100vw, 1024px\" \/><\/figure>\n\n\n\n<figure class=\"wp-block-image size-large\"><img decoding=\"async\" width=\"1024\" height=\"1024\" data-id=\"69029\" src=\"https:\/\/colegioaleman.net\/wp-content\/uploads\/3-29-1024x1024.jpg\" alt=\"\" class=\"wp-image-69029\" srcset=\"https:\/\/colegioaleman.net\/wp-content\/uploads\/3-29-1024x1024.jpg 1024w, https:\/\/colegioaleman.net\/wp-content\/uploads\/3-29-300x300.jpg 300w, https:\/\/colegioaleman.net\/wp-content\/uploads\/3-29-150x150.jpg 150w, https:\/\/colegioaleman.net\/wp-content\/uploads\/3-29-768x768.jpg 768w, https:\/\/colegioaleman.net\/wp-content\/uploads\/3-29-700x700.jpg 700w, https:\/\/colegioaleman.net\/wp-content\/uploads\/3-29.jpg 1080w\" sizes=\"(max-width: 1024px) 100vw, 1024px\" \/><\/figure>\n\n\n\n<figure class=\"wp-block-image size-large\"><img loading=\"lazy\" decoding=\"async\" width=\"1024\" height=\"1024\" data-id=\"69036\" src=\"https:\/\/colegioaleman.net\/wp-content\/uploads\/4-28-1024x1024.jpg\" alt=\"\" class=\"wp-image-69036\" srcset=\"https:\/\/colegioaleman.net\/wp-content\/uploads\/4-28-1024x1024.jpg 1024w, https:\/\/colegioaleman.net\/wp-content\/uploads\/4-28-300x300.jpg 300w, https:\/\/colegioaleman.net\/wp-content\/uploads\/4-28-150x150.jpg 150w, https:\/\/colegioaleman.net\/wp-content\/uploads\/4-28-768x768.jpg 768w, https:\/\/colegioaleman.net\/wp-content\/uploads\/4-28-700x700.jpg 700w, https:\/\/colegioaleman.net\/wp-content\/uploads\/4-28.jpg 1080w\" sizes=\"(max-width: 1024px) 100vw, 1024px\" \/><\/figure>\n\n\n\n<figure class=\"wp-block-image size-large\"><img loading=\"lazy\" decoding=\"async\" width=\"1024\" height=\"1024\" data-id=\"69035\" src=\"https:\/\/colegioaleman.net\/wp-content\/uploads\/5-28-1024x1024.jpg\" alt=\"\" class=\"wp-image-69035\" srcset=\"https:\/\/colegioaleman.net\/wp-content\/uploads\/5-28-1024x1024.jpg 1024w, https:\/\/colegioaleman.net\/wp-content\/uploads\/5-28-300x300.jpg 300w, https:\/\/colegioaleman.net\/wp-content\/uploads\/5-28-150x150.jpg 150w, https:\/\/colegioaleman.net\/wp-content\/uploads\/5-28-768x768.jpg 768w, https:\/\/colegioaleman.net\/wp-content\/uploads\/5-28-700x700.jpg 700w, https:\/\/colegioaleman.net\/wp-content\/uploads\/5-28.jpg 1080w\" sizes=\"(max-width: 1024px) 100vw, 1024px\" \/><\/figure>\n\n\n\n<figure class=\"wp-block-image size-large\"><img loading=\"lazy\" decoding=\"async\" width=\"1024\" height=\"1024\" data-id=\"69032\" src=\"https:\/\/colegioaleman.net\/wp-content\/uploads\/6-25-1024x1024.jpg\" alt=\"\" class=\"wp-image-69032\" srcset=\"https:\/\/colegioaleman.net\/wp-content\/uploads\/6-25-1024x1024.jpg 1024w, https:\/\/colegioaleman.net\/wp-content\/uploads\/6-25-300x300.jpg 300w, https:\/\/colegioaleman.net\/wp-content\/uploads\/6-25-150x150.jpg 150w, https:\/\/colegioaleman.net\/wp-content\/uploads\/6-25-768x768.jpg 768w, https:\/\/colegioaleman.net\/wp-content\/uploads\/6-25-700x700.jpg 700w, https:\/\/colegioaleman.net\/wp-content\/uploads\/6-25.jpg 1080w\" sizes=\"(max-width: 1024px) 100vw, 1024px\" \/><\/figure>\n\n\n\n<figure class=\"wp-block-image size-large\"><img loading=\"lazy\" decoding=\"async\" width=\"1024\" height=\"1024\" data-id=\"69031\" src=\"https:\/\/colegioaleman.net\/wp-content\/uploads\/7-22-1024x1024.jpg\" alt=\"\" class=\"wp-image-69031\" srcset=\"https:\/\/colegioaleman.net\/wp-content\/uploads\/7-22-1024x1024.jpg 1024w, https:\/\/colegioaleman.net\/wp-content\/uploads\/7-22-300x300.jpg 300w, https:\/\/colegioaleman.net\/wp-content\/uploads\/7-22-150x150.jpg 150w, https:\/\/colegioaleman.net\/wp-content\/uploads\/7-22-768x768.jpg 768w, https:\/\/colegioaleman.net\/wp-content\/uploads\/7-22-700x700.jpg 700w, https:\/\/colegioaleman.net\/wp-content\/uploads\/7-22.jpg 1080w\" sizes=\"(max-width: 1024px) 100vw, 1024px\" \/><\/figure>\n\n\n\n<figure class=\"wp-block-image size-large\"><img loading=\"lazy\" decoding=\"async\" width=\"1024\" height=\"1024\" data-id=\"69030\" src=\"https:\/\/colegioaleman.net\/wp-content\/uploads\/8-21-1024x1024.jpg\" alt=\"\" class=\"wp-image-69030\" srcset=\"https:\/\/colegioaleman.net\/wp-content\/uploads\/8-21-1024x1024.jpg 1024w, https:\/\/colegioaleman.net\/wp-content\/uploads\/8-21-300x300.jpg 300w, https:\/\/colegioaleman.net\/wp-content\/uploads\/8-21-150x150.jpg 150w, https:\/\/colegioaleman.net\/wp-content\/uploads\/8-21-768x768.jpg 768w, https:\/\/colegioaleman.net\/wp-content\/uploads\/8-21-700x700.jpg 700w, https:\/\/colegioaleman.net\/wp-content\/uploads\/8-21.jpg 1080w\" sizes=\"(max-width: 1024px) 100vw, 1024px\" \/><\/figure>\n\n\n\n<figure class=\"wp-block-image size-large\"><img loading=\"lazy\" decoding=\"async\" width=\"1024\" height=\"1024\" data-id=\"69043\" src=\"https:\/\/colegioaleman.net\/wp-content\/uploads\/9-18-1024x1024.jpg\" alt=\"\" class=\"wp-image-69043\" srcset=\"https:\/\/colegioaleman.net\/wp-content\/uploads\/9-18-1024x1024.jpg 1024w, https:\/\/colegioaleman.net\/wp-content\/uploads\/9-18-300x300.jpg 300w, https:\/\/colegioaleman.net\/wp-content\/uploads\/9-18-150x150.jpg 150w, https:\/\/colegioaleman.net\/wp-content\/uploads\/9-18-768x768.jpg 768w, https:\/\/colegioaleman.net\/wp-content\/uploads\/9-18-700x700.jpg 700w, https:\/\/colegioaleman.net\/wp-content\/uploads\/9-18.jpg 1080w\" sizes=\"(max-width: 1024px) 100vw, 1024px\" \/><\/figure>\n\n\n\n<figure class=\"wp-block-image size-large\"><img loading=\"lazy\" decoding=\"async\" width=\"1024\" height=\"1024\" data-id=\"69047\" src=\"https:\/\/colegioaleman.net\/wp-content\/uploads\/10-18-1024x1024.jpg\" alt=\"\" class=\"wp-image-69047\" srcset=\"https:\/\/colegioaleman.net\/wp-content\/uploads\/10-18-1024x1024.jpg 1024w, https:\/\/colegioaleman.net\/wp-content\/uploads\/10-18-300x300.jpg 300w, https:\/\/colegioaleman.net\/wp-content\/uploads\/10-18-150x150.jpg 150w, https:\/\/colegioaleman.net\/wp-content\/uploads\/10-18-768x768.jpg 768w, https:\/\/colegioaleman.net\/wp-content\/uploads\/10-18-700x700.jpg 700w, https:\/\/colegioaleman.net\/wp-content\/uploads\/10-18.jpg 1080w\" sizes=\"(max-width: 1024px) 100vw, 1024px\" \/><\/figure>\n\n\n\n<figure class=\"wp-block-image size-large\"><img loading=\"lazy\" decoding=\"async\" width=\"1024\" height=\"1024\" data-id=\"69048\" src=\"https:\/\/colegioaleman.net\/wp-content\/uploads\/11-17-1024x1024.jpg\" alt=\"\" class=\"wp-image-69048\" srcset=\"https:\/\/colegioaleman.net\/wp-content\/uploads\/11-17-1024x1024.jpg 1024w, https:\/\/colegioaleman.net\/wp-content\/uploads\/11-17-300x300.jpg 300w, https:\/\/colegioaleman.net\/wp-content\/uploads\/11-17-150x150.jpg 150w, https:\/\/colegioaleman.net\/wp-content\/uploads\/11-17-768x768.jpg 768w, https:\/\/colegioaleman.net\/wp-content\/uploads\/11-17-700x700.jpg 700w, https:\/\/colegioaleman.net\/wp-content\/uploads\/11-17.jpg 1080w\" sizes=\"(max-width: 1024px) 100vw, 1024px\" \/><\/figure>\n\n\n\n<figure class=\"wp-block-image size-large\"><img loading=\"lazy\" decoding=\"async\" width=\"1024\" height=\"1024\" data-id=\"69046\" src=\"https:\/\/colegioaleman.net\/wp-content\/uploads\/12-15-1024x1024.jpg\" alt=\"\" class=\"wp-image-69046\" srcset=\"https:\/\/colegioaleman.net\/wp-content\/uploads\/12-15-1024x1024.jpg 1024w, https:\/\/colegioaleman.net\/wp-content\/uploads\/12-15-300x300.jpg 300w, https:\/\/colegioaleman.net\/wp-content\/uploads\/12-15-150x150.jpg 150w, https:\/\/colegioaleman.net\/wp-content\/uploads\/12-15-768x768.jpg 768w, https:\/\/colegioaleman.net\/wp-content\/uploads\/12-15-700x700.jpg 700w, https:\/\/colegioaleman.net\/wp-content\/uploads\/12-15.jpg 1080w\" sizes=\"(max-width: 1024px) 100vw, 1024px\" \/><\/figure>\n\n\n\n<figure class=\"wp-block-image size-large\"><img loading=\"lazy\" decoding=\"async\" width=\"1024\" height=\"1024\" data-id=\"69045\" src=\"https:\/\/colegioaleman.net\/wp-content\/uploads\/13-14-1024x1024.jpg\" alt=\"\" class=\"wp-image-69045\" srcset=\"https:\/\/colegioaleman.net\/wp-content\/uploads\/13-14-1024x1024.jpg 1024w, https:\/\/colegioaleman.net\/wp-content\/uploads\/13-14-300x300.jpg 300w, https:\/\/colegioaleman.net\/wp-content\/uploads\/13-14-150x150.jpg 150w, https:\/\/colegioaleman.net\/wp-content\/uploads\/13-14-768x768.jpg 768w, https:\/\/colegioaleman.net\/wp-content\/uploads\/13-14-700x700.jpg 700w, https:\/\/colegioaleman.net\/wp-content\/uploads\/13-14.jpg 1080w\" sizes=\"(max-width: 1024px) 100vw, 1024px\" \/><\/figure>\n\n\n\n<figure class=\"wp-block-image size-large\"><img loading=\"lazy\" decoding=\"async\" width=\"1024\" height=\"1024\" data-id=\"69052\" src=\"https:\/\/colegioaleman.net\/wp-content\/uploads\/14-14-1024x1024.jpg\" alt=\"\" class=\"wp-image-69052\" srcset=\"https:\/\/colegioaleman.net\/wp-content\/uploads\/14-14-1024x1024.jpg 1024w, https:\/\/colegioaleman.net\/wp-content\/uploads\/14-14-300x300.jpg 300w, https:\/\/colegioaleman.net\/wp-content\/uploads\/14-14-150x150.jpg 150w, https:\/\/colegioaleman.net\/wp-content\/uploads\/14-14-768x768.jpg 768w, https:\/\/colegioaleman.net\/wp-content\/uploads\/14-14-700x700.jpg 700w, https:\/\/colegioaleman.net\/wp-content\/uploads\/14-14.jpg 1080w\" sizes=\"(max-width: 1024px) 100vw, 1024px\" \/><\/figure>\n\n\n\n<figure class=\"wp-block-image size-large\"><img loading=\"lazy\" decoding=\"async\" width=\"1024\" height=\"1024\" data-id=\"69053\" src=\"https:\/\/colegioaleman.net\/wp-content\/uploads\/15-14-1024x1024.jpg\" alt=\"\" class=\"wp-image-69053\" srcset=\"https:\/\/colegioaleman.net\/wp-content\/uploads\/15-14-1024x1024.jpg 1024w, https:\/\/colegioaleman.net\/wp-content\/uploads\/15-14-300x300.jpg 300w, https:\/\/colegioaleman.net\/wp-content\/uploads\/15-14-150x150.jpg 150w, https:\/\/colegioaleman.net\/wp-content\/uploads\/15-14-768x768.jpg 768w, https:\/\/colegioaleman.net\/wp-content\/uploads\/15-14-700x700.jpg 700w, https:\/\/colegioaleman.net\/wp-content\/uploads\/15-14.jpg 1080w\" sizes=\"(max-width: 1024px) 100vw, 1024px\" \/><\/figure>\n\n\n\n<figure class=\"wp-block-image size-large\"><img loading=\"lazy\" decoding=\"async\" width=\"1024\" height=\"1024\" data-id=\"69056\" src=\"https:\/\/colegioaleman.net\/wp-content\/uploads\/16-13-1024x1024.jpg\" alt=\"\" class=\"wp-image-69056\" srcset=\"https:\/\/colegioaleman.net\/wp-content\/uploads\/16-13-1024x1024.jpg 1024w, https:\/\/colegioaleman.net\/wp-content\/uploads\/16-13-300x300.jpg 300w, https:\/\/colegioaleman.net\/wp-content\/uploads\/16-13-150x150.jpg 150w, https:\/\/colegioaleman.net\/wp-content\/uploads\/16-13-768x768.jpg 768w, https:\/\/colegioaleman.net\/wp-content\/uploads\/16-13-700x700.jpg 700w, https:\/\/colegioaleman.net\/wp-content\/uploads\/16-13.jpg 1080w\" sizes=\"(max-width: 1024px) 100vw, 1024px\" \/><\/figure>\n\n\n\n<figure class=\"wp-block-image size-large\"><img loading=\"lazy\" decoding=\"async\" width=\"1024\" height=\"1024\" data-id=\"69061\" src=\"https:\/\/colegioaleman.net\/wp-content\/uploads\/17-12-1024x1024.jpg\" alt=\"\" class=\"wp-image-69061\" srcset=\"https:\/\/colegioaleman.net\/wp-content\/uploads\/17-12-1024x1024.jpg 1024w, https:\/\/colegioaleman.net\/wp-content\/uploads\/17-12-300x300.jpg 300w, https:\/\/colegioaleman.net\/wp-content\/uploads\/17-12-150x150.jpg 150w, https:\/\/colegioaleman.net\/wp-content\/uploads\/17-12-768x768.jpg 768w, https:\/\/colegioaleman.net\/wp-content\/uploads\/17-12-700x700.jpg 700w, https:\/\/colegioaleman.net\/wp-content\/uploads\/17-12.jpg 1080w\" sizes=\"(max-width: 1024px) 100vw, 1024px\" \/><\/figure>\n\n\n\n<figure class=\"wp-block-image size-large\"><img loading=\"lazy\" decoding=\"async\" width=\"1024\" height=\"1024\" data-id=\"69062\" src=\"https:\/\/colegioaleman.net\/wp-content\/uploads\/18-12-1024x1024.jpg\" alt=\"\" class=\"wp-image-69062\" srcset=\"https:\/\/colegioaleman.net\/wp-content\/uploads\/18-12-1024x1024.jpg 1024w, https:\/\/colegioaleman.net\/wp-content\/uploads\/18-12-300x300.jpg 300w, https:\/\/colegioaleman.net\/wp-content\/uploads\/18-12-150x150.jpg 150w, https:\/\/colegioaleman.net\/wp-content\/uploads\/18-12-768x768.jpg 768w, https:\/\/colegioaleman.net\/wp-content\/uploads\/18-12-700x700.jpg 700w, https:\/\/colegioaleman.net\/wp-content\/uploads\/18-12.jpg 1080w\" sizes=\"(max-width: 1024px) 100vw, 1024px\" \/><\/figure>\n\n\n\n<figure class=\"wp-block-image size-large\"><img loading=\"lazy\" decoding=\"async\" width=\"1024\" height=\"1024\" data-id=\"69065\" src=\"https:\/\/colegioaleman.net\/wp-content\/uploads\/19-12-1024x1024.jpg\" alt=\"\" class=\"wp-image-69065\" srcset=\"https:\/\/colegioaleman.net\/wp-content\/uploads\/19-12-1024x1024.jpg 1024w, https:\/\/colegioaleman.net\/wp-content\/uploads\/19-12-300x300.jpg 300w, https:\/\/colegioaleman.net\/wp-content\/uploads\/19-12-150x150.jpg 150w, https:\/\/colegioaleman.net\/wp-content\/uploads\/19-12-768x768.jpg 768w, https:\/\/colegioaleman.net\/wp-content\/uploads\/19-12-700x700.jpg 700w, https:\/\/colegioaleman.net\/wp-content\/uploads\/19-12.jpg 1080w\" sizes=\"(max-width: 1024px) 100vw, 1024px\" \/><\/figure>\n\n\n\n<figure class=\"wp-block-image size-large\"><img loading=\"lazy\" decoding=\"async\" width=\"1024\" height=\"1024\" data-id=\"69063\" src=\"https:\/\/colegioaleman.net\/wp-content\/uploads\/20-11-1024x1024.jpg\" alt=\"\" class=\"wp-image-69063\" srcset=\"https:\/\/colegioaleman.net\/wp-content\/uploads\/20-11-1024x1024.jpg 1024w, https:\/\/colegioaleman.net\/wp-content\/uploads\/20-11-300x300.jpg 300w, https:\/\/colegioaleman.net\/wp-content\/uploads\/20-11-150x150.jpg 150w, https:\/\/colegioaleman.net\/wp-content\/uploads\/20-11-768x768.jpg 768w, https:\/\/colegioaleman.net\/wp-content\/uploads\/20-11-700x700.jpg 700w, https:\/\/colegioaleman.net\/wp-content\/uploads\/20-11.jpg 1080w\" sizes=\"(max-width: 1024px) 100vw, 1024px\" \/><\/figure>\n\n\n\n<figure class=\"wp-block-image size-large\"><img loading=\"lazy\" decoding=\"async\" width=\"1024\" height=\"1024\" data-id=\"69080\" src=\"https:\/\/colegioaleman.net\/wp-content\/uploads\/21-12-1024x1024.jpg\" alt=\"\" class=\"wp-image-69080\" srcset=\"https:\/\/colegioaleman.net\/wp-content\/uploads\/21-12-1024x1024.jpg 1024w, https:\/\/colegioaleman.net\/wp-content\/uploads\/21-12-300x300.jpg 300w, https:\/\/colegioaleman.net\/wp-content\/uploads\/21-12-150x150.jpg 150w, https:\/\/colegioaleman.net\/wp-content\/uploads\/21-12-768x768.jpg 768w, https:\/\/colegioaleman.net\/wp-content\/uploads\/21-12-700x700.jpg 700w, https:\/\/colegioaleman.net\/wp-content\/uploads\/21-12.jpg 1080w\" sizes=\"(max-width: 1024px) 100vw, 1024px\" \/><\/figure>\n<\/figure>\n","protected":false},"excerpt":{"rendered":"<p>El pasado lunes, 27 de enero, vivimos una jornada musical inolvidable con la celebraci\u00f3n del concurso Jugend Musiziert en Deutsche Schule San Sebasti\u00e1n,&nbsp;en el que participaron m\u00e1s de 40 j\u00f3venes m\u00fasicos. Este a\u00f1o, la variedad instrumental ha sido a\u00fan mayor, con interpretaciones de acorde\u00f3n, trompeta, violonchelo, viol\u00edn, viola, canto pop y piano. Cada participante dedic\u00f3 [&hellip;]<\/p>\n","protected":false},"author":7,"featured_media":69083,"comment_status":"closed","ping_status":"closed","sticky":false,"template":"","format":"standard","meta":{"site-sidebar-layout":"default","site-content-layout":"","ast-site-content-layout":"default","site-content-style":"default","site-sidebar-style":"default","ast-global-header-display":"","ast-banner-title-visibility":"","ast-main-header-display":"","ast-hfb-above-header-display":"","ast-hfb-below-header-display":"","ast-hfb-mobile-header-display":"","site-post-title":"","ast-breadcrumbs-content":"","ast-featured-img":"","footer-sml-layout":"","ast-disable-related-posts":"","theme-transparent-header-meta":"","adv-header-id-meta":"","stick-header-meta":"","header-above-stick-meta":"","header-main-stick-meta":"","header-below-stick-meta":"","astra-migrate-meta-layouts":"set","ast-page-background-enabled":"default","ast-page-background-meta":{"desktop":{"background-color":"var(--ast-global-color-4)","background-image":"","background-repeat":"repeat","background-position":"center center","background-size":"auto","background-attachment":"scroll","background-type":"","background-media":"","overlay-type":"","overlay-color":"","overlay-opacity":"","overlay-gradient":""},"tablet":{"background-color":"","background-image":"","background-repeat":"repeat","background-position":"center center","background-size":"auto","background-attachment":"scroll","background-type":"","background-media":"","overlay-type":"","overlay-color":"","overlay-opacity":"","overlay-gradient":""},"mobile":{"background-color":"","background-image":"","background-repeat":"repeat","background-position":"center center","background-size":"auto","background-attachment":"scroll","background-type":"","background-media":"","overlay-type":"","overlay-color":"","overlay-opacity":"","overlay-gradient":""}},"ast-content-background-meta":{"desktop":{"background-color":"var(--ast-global-color-5)","background-image":"","background-repeat":"repeat","background-position":"center center","background-size":"auto","background-attachment":"scroll","background-type":"","background-media":"","overlay-type":"","overlay-color":"","overlay-opacity":"","overlay-gradient":""},"tablet":{"background-color":"var(--ast-global-color-5)","background-image":"","background-repeat":"repeat","background-position":"center center","background-size":"auto","background-attachment":"scroll","background-type":"","background-media":"","overlay-type":"","overlay-color":"","overlay-opacity":"","overlay-gradient":""},"mobile":{"background-color":"var(--ast-global-color-5)","background-image":"","background-repeat":"repeat","background-position":"center center","background-size":"auto","background-attachment":"scroll","background-type":"","background-media":"","overlay-type":"","overlay-color":"","overlay-opacity":"","overlay-gradient":""}},"footnotes":""},"categories":[88],"tags":[],"class_list":["post-69028","post","type-post","status-publish","format-standard","has-post-thumbnail","hentry","category-eventos"],"yoast_head":"<!-- This site is optimized with the Yoast SEO plugin v27.4 - https:\/\/yoast.com\/product\/yoast-seo-wordpress\/ -->\n<title>1\u00aa fase concurso Jugend Musiziert en DS San Sebasti\u00e1n<\/title>\n<meta name=\"description\" content=\"El 27 de enero celebramos la 1\u00aa fase del concurso Jugend Musiziert en Deutsche Schule San Sebasti\u00e1n\u00a0y participaron m\u00e1s de 40 j\u00f3venes m\u00fasicos.\" \/>\n<meta name=\"robots\" content=\"index, follow, max-snippet:-1, max-image-preview:large, max-video-preview:-1\" \/>\n<link rel=\"canonical\" href=\"https:\/\/colegioaleman.net\/de\/1a-fase-concurso-jugend-musiziert-en-ds-san-sebatian\/\" \/>\n<meta property=\"og:locale\" content=\"de_DE\" \/>\n<meta property=\"og:type\" content=\"article\" \/>\n<meta property=\"og:title\" content=\"1\u00aa fase concurso Jugend Musiziert en DS San Sebasti\u00e1n\" \/>\n<meta property=\"og:description\" content=\"El 27 de enero celebramos la 1\u00aa fase del concurso Jugend Musiziert en Deutsche Schule San Sebasti\u00e1n\u00a0y participaron m\u00e1s de 40 j\u00f3venes m\u00fasicos.\" \/>\n<meta property=\"og:url\" content=\"https:\/\/colegioaleman.net\/de\/1a-fase-concurso-jugend-musiziert-en-ds-san-sebatian\/\" \/>\n<meta property=\"og:site_name\" content=\"Deutsche Schule San Sebasti&aacute;n\" \/>\n<meta property=\"article:published_time\" content=\"2025-01-31T09:53:11+00:00\" \/>\n<meta property=\"article:modified_time\" content=\"2025-01-31T10:07:04+00:00\" \/>\n<meta property=\"og:image\" content=\"https:\/\/colegioaleman.net\/wp-content\/uploads\/portada-jugend-musiziert.jpg\" \/>\n\t<meta property=\"og:image:width\" content=\"1080\" \/>\n\t<meta property=\"og:image:height\" content=\"810\" \/>\n\t<meta property=\"og:image:type\" content=\"image\/jpeg\" \/>\n<meta name=\"author\" content=\"Comunicaci\u00f3n DS\" \/>\n<meta name=\"twitter:card\" content=\"summary_large_image\" \/>\n<meta name=\"twitter:label1\" content=\"Verfasst von\" \/>\n\t<meta name=\"twitter:data1\" content=\"Comunicaci\u00f3n DS\" \/>\n\t<meta name=\"twitter:label2\" content=\"Gesch\u00e4tzte Lesezeit\" \/>\n\t<meta name=\"twitter:data2\" content=\"6\u00a0Minuten\" \/>\n<script type=\"application\/ld+json\" class=\"yoast-schema-graph\">{\"@context\":\"https:\\\/\\\/schema.org\",\"@graph\":[{\"@type\":\"NewsArticle\",\"@id\":\"https:\\\/\\\/colegioaleman.net\\\/de\\\/1a-fase-concurso-jugend-musiziert-en-ds-san-sebatian\\\/#article\",\"isPartOf\":{\"@id\":\"https:\\\/\\\/colegioaleman.net\\\/de\\\/1a-fase-concurso-jugend-musiziert-en-ds-san-sebatian\\\/\"},\"author\":{\"name\":\"Comunicaci\u00f3n DS\",\"@id\":\"https:\\\/\\\/colegioaleman.net\\\/de\\\/#\\\/schema\\\/person\\\/6bcd7d12143d885834326c35f509a440\"},\"headline\":\"1\u00aa fase concurso Jugend Musiziert en DS San Sebasti\u00e1n\",\"datePublished\":\"2025-01-31T09:53:11+00:00\",\"dateModified\":\"2025-01-31T10:07:04+00:00\",\"mainEntityOfPage\":{\"@id\":\"https:\\\/\\\/colegioaleman.net\\\/de\\\/1a-fase-concurso-jugend-musiziert-en-ds-san-sebatian\\\/\"},\"wordCount\":206,\"image\":{\"@id\":\"https:\\\/\\\/colegioaleman.net\\\/de\\\/1a-fase-concurso-jugend-musiziert-en-ds-san-sebatian\\\/#primaryimage\"},\"thumbnailUrl\":\"https:\\\/\\\/colegioaleman.net\\\/wp-content\\\/uploads\\\/portada-jugend-musiziert.jpg\",\"articleSection\":[\"Eventos\"],\"inLanguage\":\"de\"},{\"@type\":[\"WebPage\",\"ItemPage\"],\"@id\":\"https:\\\/\\\/colegioaleman.net\\\/de\\\/1a-fase-concurso-jugend-musiziert-en-ds-san-sebatian\\\/\",\"url\":\"https:\\\/\\\/colegioaleman.net\\\/de\\\/1a-fase-concurso-jugend-musiziert-en-ds-san-sebatian\\\/\",\"name\":\"1\u00aa fase concurso Jugend Musiziert en DS San Sebasti\u00e1n\",\"isPartOf\":{\"@id\":\"https:\\\/\\\/colegioaleman.net\\\/de\\\/#website\"},\"primaryImageOfPage\":{\"@id\":\"https:\\\/\\\/colegioaleman.net\\\/de\\\/1a-fase-concurso-jugend-musiziert-en-ds-san-sebatian\\\/#primaryimage\"},\"image\":{\"@id\":\"https:\\\/\\\/colegioaleman.net\\\/de\\\/1a-fase-concurso-jugend-musiziert-en-ds-san-sebatian\\\/#primaryimage\"},\"thumbnailUrl\":\"https:\\\/\\\/colegioaleman.net\\\/wp-content\\\/uploads\\\/portada-jugend-musiziert.jpg\",\"datePublished\":\"2025-01-31T09:53:11+00:00\",\"dateModified\":\"2025-01-31T10:07:04+00:00\",\"author\":{\"@id\":\"https:\\\/\\\/colegioaleman.net\\\/de\\\/#\\\/schema\\\/person\\\/6bcd7d12143d885834326c35f509a440\"},\"description\":\"El 27 de enero celebramos la 1\u00aa fase del concurso Jugend Musiziert en Deutsche Schule San Sebasti\u00e1n\u00a0y participaron m\u00e1s de 40 j\u00f3venes m\u00fasicos.\",\"breadcrumb\":{\"@id\":\"https:\\\/\\\/colegioaleman.net\\\/de\\\/1a-fase-concurso-jugend-musiziert-en-ds-san-sebatian\\\/#breadcrumb\"},\"inLanguage\":\"de\",\"potentialAction\":[{\"@type\":\"ReadAction\",\"target\":[\"https:\\\/\\\/colegioaleman.net\\\/de\\\/1a-fase-concurso-jugend-musiziert-en-ds-san-sebatian\\\/\"]}]},{\"@type\":\"ImageObject\",\"inLanguage\":\"de\",\"@id\":\"https:\\\/\\\/colegioaleman.net\\\/de\\\/1a-fase-concurso-jugend-musiziert-en-ds-san-sebatian\\\/#primaryimage\",\"url\":\"https:\\\/\\\/colegioaleman.net\\\/wp-content\\\/uploads\\\/portada-jugend-musiziert.jpg\",\"contentUrl\":\"https:\\\/\\\/colegioaleman.net\\\/wp-content\\\/uploads\\\/portada-jugend-musiziert.jpg\",\"width\":1080,\"height\":810},{\"@type\":\"BreadcrumbList\",\"@id\":\"https:\\\/\\\/colegioaleman.net\\\/de\\\/1a-fase-concurso-jugend-musiziert-en-ds-san-sebatian\\\/#breadcrumb\",\"itemListElement\":[{\"@type\":\"ListItem\",\"position\":1,\"name\":\"Home\",\"item\":\"https:\\\/\\\/colegioaleman.net\\\/de\\\/\"},{\"@type\":\"ListItem\",\"position\":2,\"name\":\"1\u00aa fase concurso Jugend Musiziert en DS San Sebasti\u00e1n\"}]},{\"@type\":\"WebSite\",\"@id\":\"https:\\\/\\\/colegioaleman.net\\\/de\\\/#website\",\"url\":\"https:\\\/\\\/colegioaleman.net\\\/de\\\/\",\"name\":\"Deutsche Schule San Sebasti&aacute;n\",\"description\":\"Colegio Alem&aacute;n San Alberto Magno\",\"potentialAction\":[{\"@type\":\"SearchAction\",\"target\":{\"@type\":\"EntryPoint\",\"urlTemplate\":\"https:\\\/\\\/colegioaleman.net\\\/de\\\/?s={search_term_string}\"},\"query-input\":{\"@type\":\"PropertyValueSpecification\",\"valueRequired\":true,\"valueName\":\"search_term_string\"}}],\"inLanguage\":\"de\"},{\"@type\":\"Person\",\"@id\":\"https:\\\/\\\/colegioaleman.net\\\/de\\\/#\\\/schema\\\/person\\\/6bcd7d12143d885834326c35f509a440\",\"name\":\"Comunicaci\u00f3n DS\",\"image\":{\"@type\":\"ImageObject\",\"inLanguage\":\"de\",\"@id\":\"https:\\\/\\\/secure.gravatar.com\\\/avatar\\\/4276d527a7afb9697a8e116a1f4a8676e75dca38469c7643daff85877db5147b?s=96&d=mm&r=g\",\"url\":\"https:\\\/\\\/secure.gravatar.com\\\/avatar\\\/4276d527a7afb9697a8e116a1f4a8676e75dca38469c7643daff85877db5147b?s=96&d=mm&r=g\",\"contentUrl\":\"https:\\\/\\\/secure.gravatar.com\\\/avatar\\\/4276d527a7afb9697a8e116a1f4a8676e75dca38469c7643daff85877db5147b?s=96&d=mm&r=g\",\"caption\":\"Comunicaci\u00f3n DS\"}}]}<\/script>\n<!-- \/ Yoast SEO plugin. -->","yoast_head_json":{"title":"1\u00aa fase concurso Jugend Musiziert en DS San Sebasti\u00e1n","description":"El 27 de enero celebramos la 1\u00aa fase del concurso Jugend Musiziert en Deutsche Schule San Sebasti\u00e1n\u00a0y participaron m\u00e1s de 40 j\u00f3venes m\u00fasicos.","robots":{"index":"index","follow":"follow","max-snippet":"max-snippet:-1","max-image-preview":"max-image-preview:large","max-video-preview":"max-video-preview:-1"},"canonical":"https:\/\/colegioaleman.net\/de\/1a-fase-concurso-jugend-musiziert-en-ds-san-sebatian\/","og_locale":"de_DE","og_type":"article","og_title":"1\u00aa fase concurso Jugend Musiziert en DS San Sebasti\u00e1n","og_description":"El 27 de enero celebramos la 1\u00aa fase del concurso Jugend Musiziert en Deutsche Schule San Sebasti\u00e1n\u00a0y participaron m\u00e1s de 40 j\u00f3venes m\u00fasicos.","og_url":"https:\/\/colegioaleman.net\/de\/1a-fase-concurso-jugend-musiziert-en-ds-san-sebatian\/","og_site_name":"Deutsche Schule San Sebasti&aacute;n","article_published_time":"2025-01-31T09:53:11+00:00","article_modified_time":"2025-01-31T10:07:04+00:00","og_image":[{"width":1080,"height":810,"url":"https:\/\/colegioaleman.net\/wp-content\/uploads\/portada-jugend-musiziert.jpg","type":"image\/jpeg"}],"author":"Comunicaci\u00f3n DS","twitter_card":"summary_large_image","twitter_misc":{"Verfasst von":"Comunicaci\u00f3n DS","Gesch\u00e4tzte Lesezeit":"6\u00a0Minuten"},"schema":{"@context":"https:\/\/schema.org","@graph":[{"@type":"NewsArticle","@id":"https:\/\/colegioaleman.net\/de\/1a-fase-concurso-jugend-musiziert-en-ds-san-sebatian\/#article","isPartOf":{"@id":"https:\/\/colegioaleman.net\/de\/1a-fase-concurso-jugend-musiziert-en-ds-san-sebatian\/"},"author":{"name":"Comunicaci\u00f3n DS","@id":"https:\/\/colegioaleman.net\/de\/#\/schema\/person\/6bcd7d12143d885834326c35f509a440"},"headline":"1\u00aa fase concurso Jugend Musiziert en DS San Sebasti\u00e1n","datePublished":"2025-01-31T09:53:11+00:00","dateModified":"2025-01-31T10:07:04+00:00","mainEntityOfPage":{"@id":"https:\/\/colegioaleman.net\/de\/1a-fase-concurso-jugend-musiziert-en-ds-san-sebatian\/"},"wordCount":206,"image":{"@id":"https:\/\/colegioaleman.net\/de\/1a-fase-concurso-jugend-musiziert-en-ds-san-sebatian\/#primaryimage"},"thumbnailUrl":"https:\/\/colegioaleman.net\/wp-content\/uploads\/portada-jugend-musiziert.jpg","articleSection":["Eventos"],"inLanguage":"de"},{"@type":["WebPage","ItemPage"],"@id":"https:\/\/colegioaleman.net\/de\/1a-fase-concurso-jugend-musiziert-en-ds-san-sebatian\/","url":"https:\/\/colegioaleman.net\/de\/1a-fase-concurso-jugend-musiziert-en-ds-san-sebatian\/","name":"1\u00aa fase concurso Jugend Musiziert en DS San Sebasti\u00e1n","isPartOf":{"@id":"https:\/\/colegioaleman.net\/de\/#website"},"primaryImageOfPage":{"@id":"https:\/\/colegioaleman.net\/de\/1a-fase-concurso-jugend-musiziert-en-ds-san-sebatian\/#primaryimage"},"image":{"@id":"https:\/\/colegioaleman.net\/de\/1a-fase-concurso-jugend-musiziert-en-ds-san-sebatian\/#primaryimage"},"thumbnailUrl":"https:\/\/colegioaleman.net\/wp-content\/uploads\/portada-jugend-musiziert.jpg","datePublished":"2025-01-31T09:53:11+00:00","dateModified":"2025-01-31T10:07:04+00:00","author":{"@id":"https:\/\/colegioaleman.net\/de\/#\/schema\/person\/6bcd7d12143d885834326c35f509a440"},"description":"El 27 de enero celebramos la 1\u00aa fase del concurso Jugend Musiziert en Deutsche Schule San Sebasti\u00e1n\u00a0y participaron m\u00e1s de 40 j\u00f3venes m\u00fasicos.","breadcrumb":{"@id":"https:\/\/colegioaleman.net\/de\/1a-fase-concurso-jugend-musiziert-en-ds-san-sebatian\/#breadcrumb"},"inLanguage":"de","potentialAction":[{"@type":"ReadAction","target":["https:\/\/colegioaleman.net\/de\/1a-fase-concurso-jugend-musiziert-en-ds-san-sebatian\/"]}]},{"@type":"ImageObject","inLanguage":"de","@id":"https:\/\/colegioaleman.net\/de\/1a-fase-concurso-jugend-musiziert-en-ds-san-sebatian\/#primaryimage","url":"https:\/\/colegioaleman.net\/wp-content\/uploads\/portada-jugend-musiziert.jpg","contentUrl":"https:\/\/colegioaleman.net\/wp-content\/uploads\/portada-jugend-musiziert.jpg","width":1080,"height":810},{"@type":"BreadcrumbList","@id":"https:\/\/colegioaleman.net\/de\/1a-fase-concurso-jugend-musiziert-en-ds-san-sebatian\/#breadcrumb","itemListElement":[{"@type":"ListItem","position":1,"name":"Home","item":"https:\/\/colegioaleman.net\/de\/"},{"@type":"ListItem","position":2,"name":"1\u00aa fase concurso Jugend Musiziert en DS San Sebasti\u00e1n"}]},{"@type":"WebSite","@id":"https:\/\/colegioaleman.net\/de\/#website","url":"https:\/\/colegioaleman.net\/de\/","name":"Deutsche Schule San Sebasti&aacute;n","description":"Colegio Alem&aacute;n San Alberto Magno","potentialAction":[{"@type":"SearchAction","target":{"@type":"EntryPoint","urlTemplate":"https:\/\/colegioaleman.net\/de\/?s={search_term_string}"},"query-input":{"@type":"PropertyValueSpecification","valueRequired":true,"valueName":"search_term_string"}}],"inLanguage":"de"},{"@type":"Person","@id":"https:\/\/colegioaleman.net\/de\/#\/schema\/person\/6bcd7d12143d885834326c35f509a440","name":"Comunicaci\u00f3n DS","image":{"@type":"ImageObject","inLanguage":"de","@id":"https:\/\/secure.gravatar.com\/avatar\/4276d527a7afb9697a8e116a1f4a8676e75dca38469c7643daff85877db5147b?s=96&d=mm&r=g","url":"https:\/\/secure.gravatar.com\/avatar\/4276d527a7afb9697a8e116a1f4a8676e75dca38469c7643daff85877db5147b?s=96&d=mm&r=g","contentUrl":"https:\/\/secure.gravatar.com\/avatar\/4276d527a7afb9697a8e116a1f4a8676e75dca38469c7643daff85877db5147b?s=96&d=mm&r=g","caption":"Comunicaci\u00f3n DS"}}]}},"_links":{"self":[{"href":"https:\/\/colegioaleman.net\/de\/wp-json\/wp\/v2\/posts\/69028","targetHints":{"allow":["GET"]}}],"collection":[{"href":"https:\/\/colegioaleman.net\/de\/wp-json\/wp\/v2\/posts"}],"about":[{"href":"https:\/\/colegioaleman.net\/de\/wp-json\/wp\/v2\/types\/post"}],"author":[{"embeddable":true,"href":"https:\/\/colegioaleman.net\/de\/wp-json\/wp\/v2\/users\/7"}],"replies":[{"embeddable":true,"href":"https:\/\/colegioaleman.net\/de\/wp-json\/wp\/v2\/comments?post=69028"}],"version-history":[{"count":0,"href":"https:\/\/colegioaleman.net\/de\/wp-json\/wp\/v2\/posts\/69028\/revisions"}],"wp:featuredmedia":[{"embeddable":true,"href":"https:\/\/colegioaleman.net\/de\/wp-json\/wp\/v2\/media\/69083"}],"wp:attachment":[{"href":"https:\/\/colegioaleman.net\/de\/wp-json\/wp\/v2\/media?parent=69028"}],"wp:term":[{"taxonomy":"category","embeddable":true,"href":"https:\/\/colegioaleman.net\/de\/wp-json\/wp\/v2\/categories?post=69028"},{"taxonomy":"post_tag","embeddable":true,"href":"https:\/\/colegioaleman.net\/de\/wp-json\/wp\/v2\/tags?post=69028"}],"curies":[{"name":"wp","href":"https:\/\/api.w.org\/{rel}","templated":true}]}}