{"id":69087,"date":"2025-01-31T11:06:25","date_gmt":"2025-01-31T10:06:25","guid":{"rendered":"https:\/\/colegioaleman.net\/?p=69087"},"modified":"2025-01-31T11:06:27","modified_gmt":"2025-01-31T10:06:27","slug":"sanni-franssi-recibe-el-premio-mvp-por-ser-deportivos-gipuzkoa-en-ds-san-sebastian","status":"publish","type":"post","link":"https:\/\/colegioaleman.net\/de\/sanni-franssi-recibe-el-premio-mvp-por-ser-deportivos-gipuzkoa-en-ds-san-sebastian\/","title":{"rendered":"Sanni Franssi recibe el premio MVP por SER DEPORTIVOS GIPUZKOA\u00a0en DS San Sebasti\u00e1n"},"content":{"rendered":"\n<p>En mi\u00e9rcoles 29 de enero, vivimos un momento muy especial en Deutsche Schule San Sebasti\u00e1n. La jugadora de la Real Sociedad, Sanni Franssi, recibi\u00f3 el premio &#8218;MVP Sof\u00eda Oliva&#8216; de la pasada temporada, otorgado por SER DEPORTIVOS GIPUZKOA junto a la Pe\u00f1a Z7 Taldea.<\/p>\n\n\n\n<p>En esta emotiva entrega, celebrada en el colegio durante un programa de radio en directo, estuvieron presentes Juan Carlos Oliva, padre de Sof\u00eda Oliva, los miembros de la pe\u00f1a Z7 Taldea y el director de la emisora, \u00d3scar T\u00e9llez.<\/p>\n\n\n\n<p>El director del colegio, Juan Martorell, y el coordinador de deportes, Unai Benedited, participaron en el evento, destacando la importancia del deporte en los valores de nuestro colegio.<\/p>\n\n\n\n<p>El alumnado de 5\u00ba y 6\u00ba de Educaci\u00f3n Primaria tuvo la oportunidad de asistir como p\u00fablico y participar activamente en la entrevista, convirti\u00e9ndose en periodistas por un d\u00eda. \u00a1Una experiencia \u00fanica que permiti\u00f3 vivir la radio desde dentro!<\/p>\n\n\n\n<p><a href=\"https:\/\/cadenaser.com\/euskadi\/2025\/01\/29\/sanni-franssi-una-mvp-llegada-desde-finlandia-radio-san-sebastian\/\" target=\"_blank\" rel=\"noreferrer noopener\">Os invitamos a escuchar el programa completo aqu\u00ed<\/a><\/p>\n\n\n\n<p>Gracias a Jorge Beristain y Roberto Ramajo y \u00a1ENHORABUENA Sanni!<\/p>\n\n\n\n<figure class=\"wp-block-gallery has-nested-images columns-default is-cropped wp-block-gallery-1 is-layout-flex wp-block-gallery-is-layout-flex\">\n<figure class=\"wp-block-image size-large\"><img fetchpriority=\"high\" decoding=\"async\" width=\"1024\" height=\"1024\" data-id=\"69098\" src=\"https:\/\/colegioaleman.net\/wp-content\/uploads\/1-33-1024x1024.jpg\" alt=\"\" class=\"wp-image-69098\" srcset=\"https:\/\/colegioaleman.net\/wp-content\/uploads\/1-33-1024x1024.jpg 1024w, https:\/\/colegioaleman.net\/wp-content\/uploads\/1-33-300x300.jpg 300w, https:\/\/colegioaleman.net\/wp-content\/uploads\/1-33-150x150.jpg 150w, https:\/\/colegioaleman.net\/wp-content\/uploads\/1-33-768x768.jpg 768w, https:\/\/colegioaleman.net\/wp-content\/uploads\/1-33-700x700.jpg 700w, https:\/\/colegioaleman.net\/wp-content\/uploads\/1-33.jpg 1080w\" sizes=\"(max-width: 1024px) 100vw, 1024px\" \/><\/figure>\n\n\n\n<figure class=\"wp-block-image size-large\"><img decoding=\"async\" width=\"1024\" height=\"1024\" data-id=\"69093\" src=\"https:\/\/colegioaleman.net\/wp-content\/uploads\/2-32-1024x1024.jpg\" alt=\"\" class=\"wp-image-69093\" srcset=\"https:\/\/colegioaleman.net\/wp-content\/uploads\/2-32-1024x1024.jpg 1024w, https:\/\/colegioaleman.net\/wp-content\/uploads\/2-32-300x300.jpg 300w, https:\/\/colegioaleman.net\/wp-content\/uploads\/2-32-150x150.jpg 150w, https:\/\/colegioaleman.net\/wp-content\/uploads\/2-32-768x768.jpg 768w, https:\/\/colegioaleman.net\/wp-content\/uploads\/2-32-700x700.jpg 700w, https:\/\/colegioaleman.net\/wp-content\/uploads\/2-32.jpg 1080w\" sizes=\"(max-width: 1024px) 100vw, 1024px\" \/><\/figure>\n\n\n\n<figure class=\"wp-block-image size-large\"><img decoding=\"async\" width=\"1024\" height=\"1024\" data-id=\"69092\" src=\"https:\/\/colegioaleman.net\/wp-content\/uploads\/3-30-1024x1024.jpg\" alt=\"\" class=\"wp-image-69092\" srcset=\"https:\/\/colegioaleman.net\/wp-content\/uploads\/3-30-1024x1024.jpg 1024w, https:\/\/colegioaleman.net\/wp-content\/uploads\/3-30-300x300.jpg 300w, https:\/\/colegioaleman.net\/wp-content\/uploads\/3-30-150x150.jpg 150w, https:\/\/colegioaleman.net\/wp-content\/uploads\/3-30-768x768.jpg 768w, https:\/\/colegioaleman.net\/wp-content\/uploads\/3-30-700x700.jpg 700w, https:\/\/colegioaleman.net\/wp-content\/uploads\/3-30.jpg 1080w\" sizes=\"(max-width: 1024px) 100vw, 1024px\" \/><\/figure>\n\n\n\n<figure class=\"wp-block-image size-large\"><img loading=\"lazy\" decoding=\"async\" width=\"1024\" height=\"1024\" data-id=\"69095\" src=\"https:\/\/colegioaleman.net\/wp-content\/uploads\/4-29-1024x1024.jpg\" alt=\"\" class=\"wp-image-69095\" srcset=\"https:\/\/colegioaleman.net\/wp-content\/uploads\/4-29-1024x1024.jpg 1024w, https:\/\/colegioaleman.net\/wp-content\/uploads\/4-29-300x300.jpg 300w, https:\/\/colegioaleman.net\/wp-content\/uploads\/4-29-150x150.jpg 150w, https:\/\/colegioaleman.net\/wp-content\/uploads\/4-29-768x768.jpg 768w, https:\/\/colegioaleman.net\/wp-content\/uploads\/4-29-700x700.jpg 700w, https:\/\/colegioaleman.net\/wp-content\/uploads\/4-29.jpg 1080w\" sizes=\"(max-width: 1024px) 100vw, 1024px\" \/><\/figure>\n\n\n\n<figure class=\"wp-block-image size-large\"><img loading=\"lazy\" decoding=\"async\" width=\"1024\" height=\"1024\" data-id=\"69089\" src=\"https:\/\/colegioaleman.net\/wp-content\/uploads\/5-29-1024x1024.jpg\" alt=\"\" class=\"wp-image-69089\" srcset=\"https:\/\/colegioaleman.net\/wp-content\/uploads\/5-29-1024x1024.jpg 1024w, https:\/\/colegioaleman.net\/wp-content\/uploads\/5-29-300x300.jpg 300w, https:\/\/colegioaleman.net\/wp-content\/uploads\/5-29-150x150.jpg 150w, https:\/\/colegioaleman.net\/wp-content\/uploads\/5-29-768x768.jpg 768w, https:\/\/colegioaleman.net\/wp-content\/uploads\/5-29-700x700.jpg 700w, https:\/\/colegioaleman.net\/wp-content\/uploads\/5-29.jpg 1080w\" sizes=\"(max-width: 1024px) 100vw, 1024px\" \/><\/figure>\n\n\n\n<figure class=\"wp-block-image size-large\"><img loading=\"lazy\" decoding=\"async\" width=\"1024\" height=\"1024\" data-id=\"69088\" src=\"https:\/\/colegioaleman.net\/wp-content\/uploads\/6-26-1024x1024.jpg\" alt=\"\" class=\"wp-image-69088\" srcset=\"https:\/\/colegioaleman.net\/wp-content\/uploads\/6-26-1024x1024.jpg 1024w, https:\/\/colegioaleman.net\/wp-content\/uploads\/6-26-300x300.jpg 300w, https:\/\/colegioaleman.net\/wp-content\/uploads\/6-26-150x150.jpg 150w, https:\/\/colegioaleman.net\/wp-content\/uploads\/6-26-768x768.jpg 768w, https:\/\/colegioaleman.net\/wp-content\/uploads\/6-26-700x700.jpg 700w, https:\/\/colegioaleman.net\/wp-content\/uploads\/6-26.jpg 1080w\" sizes=\"(max-width: 1024px) 100vw, 1024px\" \/><\/figure>\n\n\n\n<figure class=\"wp-block-image size-large\"><img loading=\"lazy\" decoding=\"async\" width=\"1024\" height=\"1024\" data-id=\"69091\" src=\"https:\/\/colegioaleman.net\/wp-content\/uploads\/7-23-1024x1024.jpg\" alt=\"\" class=\"wp-image-69091\" srcset=\"https:\/\/colegioaleman.net\/wp-content\/uploads\/7-23-1024x1024.jpg 1024w, https:\/\/colegioaleman.net\/wp-content\/uploads\/7-23-300x300.jpg 300w, https:\/\/colegioaleman.net\/wp-content\/uploads\/7-23-150x150.jpg 150w, https:\/\/colegioaleman.net\/wp-content\/uploads\/7-23-768x768.jpg 768w, https:\/\/colegioaleman.net\/wp-content\/uploads\/7-23-700x700.jpg 700w, https:\/\/colegioaleman.net\/wp-content\/uploads\/7-23.jpg 1080w\" sizes=\"(max-width: 1024px) 100vw, 1024px\" \/><\/figure>\n\n\n\n<figure class=\"wp-block-image size-large\"><img loading=\"lazy\" decoding=\"async\" width=\"1024\" height=\"1024\" data-id=\"69090\" src=\"https:\/\/colegioaleman.net\/wp-content\/uploads\/8-22-1024x1024.jpg\" alt=\"\" class=\"wp-image-69090\" srcset=\"https:\/\/colegioaleman.net\/wp-content\/uploads\/8-22-1024x1024.jpg 1024w, https:\/\/colegioaleman.net\/wp-content\/uploads\/8-22-300x300.jpg 300w, https:\/\/colegioaleman.net\/wp-content\/uploads\/8-22-150x150.jpg 150w, https:\/\/colegioaleman.net\/wp-content\/uploads\/8-22-768x768.jpg 768w, https:\/\/colegioaleman.net\/wp-content\/uploads\/8-22-700x700.jpg 700w, https:\/\/colegioaleman.net\/wp-content\/uploads\/8-22.jpg 1080w\" sizes=\"(max-width: 1024px) 100vw, 1024px\" \/><\/figure>\n\n\n\n<figure class=\"wp-block-image size-large\"><img loading=\"lazy\" decoding=\"async\" width=\"1024\" height=\"1024\" data-id=\"69108\" src=\"https:\/\/colegioaleman.net\/wp-content\/uploads\/9-19-1024x1024.jpg\" alt=\"\" class=\"wp-image-69108\" srcset=\"https:\/\/colegioaleman.net\/wp-content\/uploads\/9-19-1024x1024.jpg 1024w, https:\/\/colegioaleman.net\/wp-content\/uploads\/9-19-300x300.jpg 300w, https:\/\/colegioaleman.net\/wp-content\/uploads\/9-19-150x150.jpg 150w, https:\/\/colegioaleman.net\/wp-content\/uploads\/9-19-768x768.jpg 768w, https:\/\/colegioaleman.net\/wp-content\/uploads\/9-19-700x700.jpg 700w, https:\/\/colegioaleman.net\/wp-content\/uploads\/9-19.jpg 1080w\" sizes=\"(max-width: 1024px) 100vw, 1024px\" \/><\/figure>\n<\/figure>\n","protected":false},"excerpt":{"rendered":"<p>En mi\u00e9rcoles 29 de enero, vivimos un momento muy especial en Deutsche Schule San Sebasti\u00e1n. La jugadora de la Real Sociedad, Sanni Franssi, recibi\u00f3 el premio &#8218;MVP Sof\u00eda Oliva&#8216; de la pasada temporada, otorgado por SER DEPORTIVOS GIPUZKOA junto a la Pe\u00f1a Z7 Taldea. En esta emotiva entrega, celebrada en el colegio durante un programa [&hellip;]<\/p>\n","protected":false},"author":7,"featured_media":69111,"comment_status":"closed","ping_status":"closed","sticky":false,"template":"","format":"standard","meta":{"site-sidebar-layout":"default","site-content-layout":"","ast-site-content-layout":"default","site-content-style":"default","site-sidebar-style":"default","ast-global-header-display":"","ast-banner-title-visibility":"","ast-main-header-display":"","ast-hfb-above-header-display":"","ast-hfb-below-header-display":"","ast-hfb-mobile-header-display":"","site-post-title":"","ast-breadcrumbs-content":"","ast-featured-img":"disabled","footer-sml-layout":"","ast-disable-related-posts":"","theme-transparent-header-meta":"","adv-header-id-meta":"","stick-header-meta":"","header-above-stick-meta":"","header-main-stick-meta":"","header-below-stick-meta":"","astra-migrate-meta-layouts":"set","ast-page-background-enabled":"default","ast-page-background-meta":{"desktop":{"background-color":"var(--ast-global-color-4)","background-image":"","background-repeat":"repeat","background-position":"center center","background-size":"auto","background-attachment":"scroll","background-type":"","background-media":"","overlay-type":"","overlay-color":"","overlay-opacity":"","overlay-gradient":""},"tablet":{"background-color":"","background-image":"","background-repeat":"repeat","background-position":"center center","background-size":"auto","background-attachment":"scroll","background-type":"","background-media":"","overlay-type":"","overlay-color":"","overlay-opacity":"","overlay-gradient":""},"mobile":{"background-color":"","background-image":"","background-repeat":"repeat","background-position":"center center","background-size":"auto","background-attachment":"scroll","background-type":"","background-media":"","overlay-type":"","overlay-color":"","overlay-opacity":"","overlay-gradient":""}},"ast-content-background-meta":{"desktop":{"background-color":"var(--ast-global-color-5)","background-image":"","background-repeat":"repeat","background-position":"center center","background-size":"auto","background-attachment":"scroll","background-type":"","background-media":"","overlay-type":"","overlay-color":"","overlay-opacity":"","overlay-gradient":""},"tablet":{"background-color":"var(--ast-global-color-5)","background-image":"","background-repeat":"repeat","background-position":"center center","background-size":"auto","background-attachment":"scroll","background-type":"","background-media":"","overlay-type":"","overlay-color":"","overlay-opacity":"","overlay-gradient":""},"mobile":{"background-color":"var(--ast-global-color-5)","background-image":"","background-repeat":"repeat","background-position":"center center","background-size":"auto","background-attachment":"scroll","background-type":"","background-media":"","overlay-type":"","overlay-color":"","overlay-opacity":"","overlay-gradient":""}},"footnotes":""},"categories":[88],"tags":[],"class_list":["post-69087","post","type-post","status-publish","format-standard","has-post-thumbnail","hentry","category-eventos"],"yoast_head":"<!-- This site is optimized with the Yoast SEO plugin v27.4 - https:\/\/yoast.com\/product\/yoast-seo-wordpress\/ -->\n<title>Sanni Franssi, premio MVP mejor jugadora de la Real Sociedad<\/title>\n<meta name=\"description\" content=\"Sanni Franssi recibe el premio &quot;MVP Sof\u00eda Oliva&quot; a la mejor jugadora de la Real por SER DEPORTIVOS GIPUZKOA,\u00a0en Deutsche Schule San Sebasti\u00e1n\" \/>\n<meta name=\"robots\" content=\"index, follow, max-snippet:-1, max-image-preview:large, max-video-preview:-1\" \/>\n<link rel=\"canonical\" href=\"https:\/\/colegioaleman.net\/de\/sanni-franssi-recibe-el-premio-mvp-por-ser-deportivos-gipuzkoa-en-ds-san-sebastian\/\" \/>\n<meta property=\"og:locale\" content=\"de_DE\" \/>\n<meta property=\"og:type\" content=\"article\" \/>\n<meta property=\"og:title\" content=\"Sanni Franssi, premio MVP mejor jugadora de la Real Sociedad\" \/>\n<meta property=\"og:description\" content=\"Sanni Franssi recibe el premio &quot;MVP Sof\u00eda Oliva&quot; a la mejor jugadora de la Real por SER DEPORTIVOS GIPUZKOA,\u00a0en Deutsche Schule San Sebasti\u00e1n\" \/>\n<meta property=\"og:url\" content=\"https:\/\/colegioaleman.net\/de\/sanni-franssi-recibe-el-premio-mvp-por-ser-deportivos-gipuzkoa-en-ds-san-sebastian\/\" \/>\n<meta property=\"og:site_name\" content=\"Deutsche Schule San Sebasti&aacute;n\" \/>\n<meta property=\"article:published_time\" content=\"2025-01-31T10:06:25+00:00\" \/>\n<meta property=\"article:modified_time\" content=\"2025-01-31T10:06:27+00:00\" \/>\n<meta property=\"og:image\" content=\"https:\/\/colegioaleman.net\/wp-content\/uploads\/portada-entrega-MVP-blog.jpg\" \/>\n\t<meta property=\"og:image:width\" content=\"1080\" \/>\n\t<meta property=\"og:image:height\" content=\"800\" \/>\n\t<meta property=\"og:image:type\" content=\"image\/jpeg\" \/>\n<meta name=\"author\" content=\"Comunicaci\u00f3n DS\" \/>\n<meta name=\"twitter:card\" content=\"summary_large_image\" \/>\n<meta name=\"twitter:label1\" content=\"Verfasst von\" \/>\n\t<meta name=\"twitter:data1\" content=\"Comunicaci\u00f3n DS\" \/>\n\t<meta name=\"twitter:label2\" content=\"Gesch\u00e4tzte Lesezeit\" \/>\n\t<meta name=\"twitter:data2\" content=\"3\u00a0Minuten\" \/>\n<script type=\"application\/ld+json\" class=\"yoast-schema-graph\">{\"@context\":\"https:\\\/\\\/schema.org\",\"@graph\":[{\"@type\":\"NewsArticle\",\"@id\":\"https:\\\/\\\/colegioaleman.net\\\/de\\\/sanni-franssi-recibe-el-premio-mvp-por-ser-deportivos-gipuzkoa-en-ds-san-sebastian\\\/#article\",\"isPartOf\":{\"@id\":\"https:\\\/\\\/colegioaleman.net\\\/de\\\/sanni-franssi-recibe-el-premio-mvp-por-ser-deportivos-gipuzkoa-en-ds-san-sebastian\\\/\"},\"author\":{\"name\":\"Comunicaci\u00f3n DS\",\"@id\":\"https:\\\/\\\/colegioaleman.net\\\/de\\\/#\\\/schema\\\/person\\\/6bcd7d12143d885834326c35f509a440\"},\"headline\":\"Sanni Franssi recibe el premio MVP por SER DEPORTIVOS GIPUZKOA\u00a0en DS San Sebasti\u00e1n\",\"datePublished\":\"2025-01-31T10:06:25+00:00\",\"dateModified\":\"2025-01-31T10:06:27+00:00\",\"mainEntityOfPage\":{\"@id\":\"https:\\\/\\\/colegioaleman.net\\\/de\\\/sanni-franssi-recibe-el-premio-mvp-por-ser-deportivos-gipuzkoa-en-ds-san-sebastian\\\/\"},\"wordCount\":190,\"image\":{\"@id\":\"https:\\\/\\\/colegioaleman.net\\\/de\\\/sanni-franssi-recibe-el-premio-mvp-por-ser-deportivos-gipuzkoa-en-ds-san-sebastian\\\/#primaryimage\"},\"thumbnailUrl\":\"https:\\\/\\\/colegioaleman.net\\\/wp-content\\\/uploads\\\/portada-entrega-MVP-blog.jpg\",\"articleSection\":[\"Eventos\"],\"inLanguage\":\"de\"},{\"@type\":[\"WebPage\",\"ItemPage\"],\"@id\":\"https:\\\/\\\/colegioaleman.net\\\/de\\\/sanni-franssi-recibe-el-premio-mvp-por-ser-deportivos-gipuzkoa-en-ds-san-sebastian\\\/\",\"url\":\"https:\\\/\\\/colegioaleman.net\\\/de\\\/sanni-franssi-recibe-el-premio-mvp-por-ser-deportivos-gipuzkoa-en-ds-san-sebastian\\\/\",\"name\":\"Sanni Franssi, premio MVP mejor jugadora de la Real Sociedad\",\"isPartOf\":{\"@id\":\"https:\\\/\\\/colegioaleman.net\\\/de\\\/#website\"},\"primaryImageOfPage\":{\"@id\":\"https:\\\/\\\/colegioaleman.net\\\/de\\\/sanni-franssi-recibe-el-premio-mvp-por-ser-deportivos-gipuzkoa-en-ds-san-sebastian\\\/#primaryimage\"},\"image\":{\"@id\":\"https:\\\/\\\/colegioaleman.net\\\/de\\\/sanni-franssi-recibe-el-premio-mvp-por-ser-deportivos-gipuzkoa-en-ds-san-sebastian\\\/#primaryimage\"},\"thumbnailUrl\":\"https:\\\/\\\/colegioaleman.net\\\/wp-content\\\/uploads\\\/portada-entrega-MVP-blog.jpg\",\"datePublished\":\"2025-01-31T10:06:25+00:00\",\"dateModified\":\"2025-01-31T10:06:27+00:00\",\"author\":{\"@id\":\"https:\\\/\\\/colegioaleman.net\\\/de\\\/#\\\/schema\\\/person\\\/6bcd7d12143d885834326c35f509a440\"},\"description\":\"Sanni Franssi recibe el premio \\\"MVP Sof\u00eda Oliva\\\" a la mejor jugadora de la Real por SER DEPORTIVOS GIPUZKOA,\u00a0en Deutsche Schule San Sebasti\u00e1n\",\"breadcrumb\":{\"@id\":\"https:\\\/\\\/colegioaleman.net\\\/de\\\/sanni-franssi-recibe-el-premio-mvp-por-ser-deportivos-gipuzkoa-en-ds-san-sebastian\\\/#breadcrumb\"},\"inLanguage\":\"de\",\"potentialAction\":[{\"@type\":\"ReadAction\",\"target\":[\"https:\\\/\\\/colegioaleman.net\\\/de\\\/sanni-franssi-recibe-el-premio-mvp-por-ser-deportivos-gipuzkoa-en-ds-san-sebastian\\\/\"]}]},{\"@type\":\"ImageObject\",\"inLanguage\":\"de\",\"@id\":\"https:\\\/\\\/colegioaleman.net\\\/de\\\/sanni-franssi-recibe-el-premio-mvp-por-ser-deportivos-gipuzkoa-en-ds-san-sebastian\\\/#primaryimage\",\"url\":\"https:\\\/\\\/colegioaleman.net\\\/wp-content\\\/uploads\\\/portada-entrega-MVP-blog.jpg\",\"contentUrl\":\"https:\\\/\\\/colegioaleman.net\\\/wp-content\\\/uploads\\\/portada-entrega-MVP-blog.jpg\",\"width\":1080,\"height\":800},{\"@type\":\"BreadcrumbList\",\"@id\":\"https:\\\/\\\/colegioaleman.net\\\/de\\\/sanni-franssi-recibe-el-premio-mvp-por-ser-deportivos-gipuzkoa-en-ds-san-sebastian\\\/#breadcrumb\",\"itemListElement\":[{\"@type\":\"ListItem\",\"position\":1,\"name\":\"Home\",\"item\":\"https:\\\/\\\/colegioaleman.net\\\/de\\\/\"},{\"@type\":\"ListItem\",\"position\":2,\"name\":\"Sanni Franssi recibe el premio MVP por SER DEPORTIVOS GIPUZKOA\u00a0en DS San Sebasti\u00e1n\"}]},{\"@type\":\"WebSite\",\"@id\":\"https:\\\/\\\/colegioaleman.net\\\/de\\\/#website\",\"url\":\"https:\\\/\\\/colegioaleman.net\\\/de\\\/\",\"name\":\"Deutsche Schule San Sebasti&aacute;n\",\"description\":\"Colegio Alem&aacute;n San Alberto Magno\",\"potentialAction\":[{\"@type\":\"SearchAction\",\"target\":{\"@type\":\"EntryPoint\",\"urlTemplate\":\"https:\\\/\\\/colegioaleman.net\\\/de\\\/?s={search_term_string}\"},\"query-input\":{\"@type\":\"PropertyValueSpecification\",\"valueRequired\":true,\"valueName\":\"search_term_string\"}}],\"inLanguage\":\"de\"},{\"@type\":\"Person\",\"@id\":\"https:\\\/\\\/colegioaleman.net\\\/de\\\/#\\\/schema\\\/person\\\/6bcd7d12143d885834326c35f509a440\",\"name\":\"Comunicaci\u00f3n DS\",\"image\":{\"@type\":\"ImageObject\",\"inLanguage\":\"de\",\"@id\":\"https:\\\/\\\/secure.gravatar.com\\\/avatar\\\/4276d527a7afb9697a8e116a1f4a8676e75dca38469c7643daff85877db5147b?s=96&d=mm&r=g\",\"url\":\"https:\\\/\\\/secure.gravatar.com\\\/avatar\\\/4276d527a7afb9697a8e116a1f4a8676e75dca38469c7643daff85877db5147b?s=96&d=mm&r=g\",\"contentUrl\":\"https:\\\/\\\/secure.gravatar.com\\\/avatar\\\/4276d527a7afb9697a8e116a1f4a8676e75dca38469c7643daff85877db5147b?s=96&d=mm&r=g\",\"caption\":\"Comunicaci\u00f3n DS\"}}]}<\/script>\n<!-- \/ Yoast SEO plugin. -->","yoast_head_json":{"title":"Sanni Franssi, premio MVP mejor jugadora de la Real Sociedad","description":"Sanni Franssi recibe el premio \"MVP Sof\u00eda Oliva\" a la mejor jugadora de la Real por SER DEPORTIVOS GIPUZKOA,\u00a0en Deutsche Schule San Sebasti\u00e1n","robots":{"index":"index","follow":"follow","max-snippet":"max-snippet:-1","max-image-preview":"max-image-preview:large","max-video-preview":"max-video-preview:-1"},"canonical":"https:\/\/colegioaleman.net\/de\/sanni-franssi-recibe-el-premio-mvp-por-ser-deportivos-gipuzkoa-en-ds-san-sebastian\/","og_locale":"de_DE","og_type":"article","og_title":"Sanni Franssi, premio MVP mejor jugadora de la Real Sociedad","og_description":"Sanni Franssi recibe el premio \"MVP Sof\u00eda Oliva\" a la mejor jugadora de la Real por SER DEPORTIVOS GIPUZKOA,\u00a0en Deutsche Schule San Sebasti\u00e1n","og_url":"https:\/\/colegioaleman.net\/de\/sanni-franssi-recibe-el-premio-mvp-por-ser-deportivos-gipuzkoa-en-ds-san-sebastian\/","og_site_name":"Deutsche Schule San Sebasti&aacute;n","article_published_time":"2025-01-31T10:06:25+00:00","article_modified_time":"2025-01-31T10:06:27+00:00","og_image":[{"width":1080,"height":800,"url":"https:\/\/colegioaleman.net\/wp-content\/uploads\/portada-entrega-MVP-blog.jpg","type":"image\/jpeg"}],"author":"Comunicaci\u00f3n DS","twitter_card":"summary_large_image","twitter_misc":{"Verfasst von":"Comunicaci\u00f3n DS","Gesch\u00e4tzte Lesezeit":"3\u00a0Minuten"},"schema":{"@context":"https:\/\/schema.org","@graph":[{"@type":"NewsArticle","@id":"https:\/\/colegioaleman.net\/de\/sanni-franssi-recibe-el-premio-mvp-por-ser-deportivos-gipuzkoa-en-ds-san-sebastian\/#article","isPartOf":{"@id":"https:\/\/colegioaleman.net\/de\/sanni-franssi-recibe-el-premio-mvp-por-ser-deportivos-gipuzkoa-en-ds-san-sebastian\/"},"author":{"name":"Comunicaci\u00f3n DS","@id":"https:\/\/colegioaleman.net\/de\/#\/schema\/person\/6bcd7d12143d885834326c35f509a440"},"headline":"Sanni Franssi recibe el premio MVP por SER DEPORTIVOS GIPUZKOA\u00a0en DS San Sebasti\u00e1n","datePublished":"2025-01-31T10:06:25+00:00","dateModified":"2025-01-31T10:06:27+00:00","mainEntityOfPage":{"@id":"https:\/\/colegioaleman.net\/de\/sanni-franssi-recibe-el-premio-mvp-por-ser-deportivos-gipuzkoa-en-ds-san-sebastian\/"},"wordCount":190,"image":{"@id":"https:\/\/colegioaleman.net\/de\/sanni-franssi-recibe-el-premio-mvp-por-ser-deportivos-gipuzkoa-en-ds-san-sebastian\/#primaryimage"},"thumbnailUrl":"https:\/\/colegioaleman.net\/wp-content\/uploads\/portada-entrega-MVP-blog.jpg","articleSection":["Eventos"],"inLanguage":"de"},{"@type":["WebPage","ItemPage"],"@id":"https:\/\/colegioaleman.net\/de\/sanni-franssi-recibe-el-premio-mvp-por-ser-deportivos-gipuzkoa-en-ds-san-sebastian\/","url":"https:\/\/colegioaleman.net\/de\/sanni-franssi-recibe-el-premio-mvp-por-ser-deportivos-gipuzkoa-en-ds-san-sebastian\/","name":"Sanni Franssi, premio MVP mejor jugadora de la Real Sociedad","isPartOf":{"@id":"https:\/\/colegioaleman.net\/de\/#website"},"primaryImageOfPage":{"@id":"https:\/\/colegioaleman.net\/de\/sanni-franssi-recibe-el-premio-mvp-por-ser-deportivos-gipuzkoa-en-ds-san-sebastian\/#primaryimage"},"image":{"@id":"https:\/\/colegioaleman.net\/de\/sanni-franssi-recibe-el-premio-mvp-por-ser-deportivos-gipuzkoa-en-ds-san-sebastian\/#primaryimage"},"thumbnailUrl":"https:\/\/colegioaleman.net\/wp-content\/uploads\/portada-entrega-MVP-blog.jpg","datePublished":"2025-01-31T10:06:25+00:00","dateModified":"2025-01-31T10:06:27+00:00","author":{"@id":"https:\/\/colegioaleman.net\/de\/#\/schema\/person\/6bcd7d12143d885834326c35f509a440"},"description":"Sanni Franssi recibe el premio \"MVP Sof\u00eda Oliva\" a la mejor jugadora de la Real por SER DEPORTIVOS GIPUZKOA,\u00a0en Deutsche Schule San Sebasti\u00e1n","breadcrumb":{"@id":"https:\/\/colegioaleman.net\/de\/sanni-franssi-recibe-el-premio-mvp-por-ser-deportivos-gipuzkoa-en-ds-san-sebastian\/#breadcrumb"},"inLanguage":"de","potentialAction":[{"@type":"ReadAction","target":["https:\/\/colegioaleman.net\/de\/sanni-franssi-recibe-el-premio-mvp-por-ser-deportivos-gipuzkoa-en-ds-san-sebastian\/"]}]},{"@type":"ImageObject","inLanguage":"de","@id":"https:\/\/colegioaleman.net\/de\/sanni-franssi-recibe-el-premio-mvp-por-ser-deportivos-gipuzkoa-en-ds-san-sebastian\/#primaryimage","url":"https:\/\/colegioaleman.net\/wp-content\/uploads\/portada-entrega-MVP-blog.jpg","contentUrl":"https:\/\/colegioaleman.net\/wp-content\/uploads\/portada-entrega-MVP-blog.jpg","width":1080,"height":800},{"@type":"BreadcrumbList","@id":"https:\/\/colegioaleman.net\/de\/sanni-franssi-recibe-el-premio-mvp-por-ser-deportivos-gipuzkoa-en-ds-san-sebastian\/#breadcrumb","itemListElement":[{"@type":"ListItem","position":1,"name":"Home","item":"https:\/\/colegioaleman.net\/de\/"},{"@type":"ListItem","position":2,"name":"Sanni Franssi recibe el premio MVP por SER DEPORTIVOS GIPUZKOA\u00a0en DS San Sebasti\u00e1n"}]},{"@type":"WebSite","@id":"https:\/\/colegioaleman.net\/de\/#website","url":"https:\/\/colegioaleman.net\/de\/","name":"Deutsche Schule San Sebasti&aacute;n","description":"Colegio Alem&aacute;n San Alberto Magno","potentialAction":[{"@type":"SearchAction","target":{"@type":"EntryPoint","urlTemplate":"https:\/\/colegioaleman.net\/de\/?s={search_term_string}"},"query-input":{"@type":"PropertyValueSpecification","valueRequired":true,"valueName":"search_term_string"}}],"inLanguage":"de"},{"@type":"Person","@id":"https:\/\/colegioaleman.net\/de\/#\/schema\/person\/6bcd7d12143d885834326c35f509a440","name":"Comunicaci\u00f3n DS","image":{"@type":"ImageObject","inLanguage":"de","@id":"https:\/\/secure.gravatar.com\/avatar\/4276d527a7afb9697a8e116a1f4a8676e75dca38469c7643daff85877db5147b?s=96&d=mm&r=g","url":"https:\/\/secure.gravatar.com\/avatar\/4276d527a7afb9697a8e116a1f4a8676e75dca38469c7643daff85877db5147b?s=96&d=mm&r=g","contentUrl":"https:\/\/secure.gravatar.com\/avatar\/4276d527a7afb9697a8e116a1f4a8676e75dca38469c7643daff85877db5147b?s=96&d=mm&r=g","caption":"Comunicaci\u00f3n DS"}}]}},"_links":{"self":[{"href":"https:\/\/colegioaleman.net\/de\/wp-json\/wp\/v2\/posts\/69087","targetHints":{"allow":["GET"]}}],"collection":[{"href":"https:\/\/colegioaleman.net\/de\/wp-json\/wp\/v2\/posts"}],"about":[{"href":"https:\/\/colegioaleman.net\/de\/wp-json\/wp\/v2\/types\/post"}],"author":[{"embeddable":true,"href":"https:\/\/colegioaleman.net\/de\/wp-json\/wp\/v2\/users\/7"}],"replies":[{"embeddable":true,"href":"https:\/\/colegioaleman.net\/de\/wp-json\/wp\/v2\/comments?post=69087"}],"version-history":[{"count":0,"href":"https:\/\/colegioaleman.net\/de\/wp-json\/wp\/v2\/posts\/69087\/revisions"}],"wp:featuredmedia":[{"embeddable":true,"href":"https:\/\/colegioaleman.net\/de\/wp-json\/wp\/v2\/media\/69111"}],"wp:attachment":[{"href":"https:\/\/colegioaleman.net\/de\/wp-json\/wp\/v2\/media?parent=69087"}],"wp:term":[{"taxonomy":"category","embeddable":true,"href":"https:\/\/colegioaleman.net\/de\/wp-json\/wp\/v2\/categories?post=69087"},{"taxonomy":"post_tag","embeddable":true,"href":"https:\/\/colegioaleman.net\/de\/wp-json\/wp\/v2\/tags?post=69087"}],"curies":[{"name":"wp","href":"https:\/\/api.w.org\/{rel}","templated":true}]}}