{"id":70345,"date":"2025-05-15T13:51:25","date_gmt":"2025-05-15T11:51:25","guid":{"rendered":"https:\/\/colegioaleman.net\/?p=70345"},"modified":"2025-05-15T13:51:26","modified_gmt":"2025-05-15T11:51:26","slug":"premios-en-las-olimpiadas-cientificas-y-el-concurso-de-primavera-de-matematicas-de-la-upv","status":"publish","type":"post","link":"https:\/\/colegioaleman.net\/de\/premios-en-las-olimpiadas-cientificas-y-el-concurso-de-primavera-de-matematicas-de-la-upv\/","title":{"rendered":"Premios en las olimpiadas cient\u00edficas y el concurso de primavera de matem\u00e1ticas de la UPV"},"content":{"rendered":"\n<p>El pasado viernes, el alumnado de Deutsche Schule San Sebasti\u00e1n volvi\u00f3 a destacar por su talento y dedicaci\u00f3n en las olimpiadas cient\u00edficas y el concurso de primavera de matem\u00e1ticas organizados por la Universidad del Pa\u00eds Vasco (UPV\/EHU).<\/p>\n\n\n\n<p>Telmo Santos Barranco, estudiante del centro, ha sido galardonado con el <strong>tercer premio en la fase regional de la Olimpiada Matem\u00e1tica Espa\u00f1ola<\/strong>, un reconocimiento que pone en valor su esfuerzo y pasi\u00f3n por las matem\u00e1ticas.<\/p>\n\n\n\n<p>Por su parte, Jonah Wesbuer Altuna ha obtenido tambi\u00e9n el <strong>tercer premio en la fase regional del concurso de primavera de matem\u00e1ticas<\/strong>, organizado por la UPV para fomentar el pensamiento l\u00f3gico y la resoluci\u00f3n de problemas entre el alumnado.<\/p>\n\n\n\n<p>Adem\u00e1s, el colegio ha recibido el <strong>tercer premio colectivo<\/strong> por los excelentes resultados obtenidos por el conjunto del alumnado que particip\u00f3 en la segunda fase del concurso de primavera, lo que refleja el compromiso y el trabajo colaborativo dentro del aula.<\/p>\n\n\n\n<p>Desde el Deutsche Schule San Sebasti\u00e1n felicitamos a todas las personas participantes por su implicaci\u00f3n y celebramos estos logros como muestra del entusiasmo por el conocimiento que se vive d\u00eda a d\u00eda en nuestro centro.<\/p>\n\n\n\n<p><strong>\u00a1Zorionak a todo el alumnado participante!<\/strong><\/p>\n\n\n\n<figure class=\"wp-block-gallery has-nested-images columns-default is-cropped wp-block-gallery-1 is-layout-flex wp-block-gallery-is-layout-flex\">\n<figure class=\"wp-block-image size-large\"><img fetchpriority=\"high\" decoding=\"async\" width=\"1024\" height=\"1024\" data-id=\"70349\" src=\"https:\/\/colegioaleman.net\/wp-content\/uploads\/1-52-1024x1024.jpg\" alt=\"\" class=\"wp-image-70349\" srcset=\"https:\/\/colegioaleman.net\/wp-content\/uploads\/1-52-1024x1024.jpg 1024w, https:\/\/colegioaleman.net\/wp-content\/uploads\/1-52-300x300.jpg 300w, https:\/\/colegioaleman.net\/wp-content\/uploads\/1-52-150x150.jpg 150w, https:\/\/colegioaleman.net\/wp-content\/uploads\/1-52-768x768.jpg 768w, https:\/\/colegioaleman.net\/wp-content\/uploads\/1-52-700x700.jpg 700w, https:\/\/colegioaleman.net\/wp-content\/uploads\/1-52.jpg 1080w\" sizes=\"(max-width: 1024px) 100vw, 1024px\" \/><\/figure>\n\n\n\n<figure class=\"wp-block-image size-large\"><img decoding=\"async\" width=\"1024\" height=\"1024\" data-id=\"70351\" src=\"https:\/\/colegioaleman.net\/wp-content\/uploads\/2-51-1024x1024.jpg\" alt=\"\" class=\"wp-image-70351\" srcset=\"https:\/\/colegioaleman.net\/wp-content\/uploads\/2-51-1024x1024.jpg 1024w, https:\/\/colegioaleman.net\/wp-content\/uploads\/2-51-300x300.jpg 300w, https:\/\/colegioaleman.net\/wp-content\/uploads\/2-51-150x150.jpg 150w, https:\/\/colegioaleman.net\/wp-content\/uploads\/2-51-768x768.jpg 768w, https:\/\/colegioaleman.net\/wp-content\/uploads\/2-51-700x700.jpg 700w, https:\/\/colegioaleman.net\/wp-content\/uploads\/2-51.jpg 1080w\" sizes=\"(max-width: 1024px) 100vw, 1024px\" \/><\/figure>\n\n\n\n<figure class=\"wp-block-image size-large\"><img decoding=\"async\" width=\"1024\" height=\"1024\" data-id=\"70350\" src=\"https:\/\/colegioaleman.net\/wp-content\/uploads\/3-49-1024x1024.jpg\" alt=\"\" class=\"wp-image-70350\" srcset=\"https:\/\/colegioaleman.net\/wp-content\/uploads\/3-49-1024x1024.jpg 1024w, https:\/\/colegioaleman.net\/wp-content\/uploads\/3-49-300x300.jpg 300w, https:\/\/colegioaleman.net\/wp-content\/uploads\/3-49-150x150.jpg 150w, https:\/\/colegioaleman.net\/wp-content\/uploads\/3-49-768x768.jpg 768w, https:\/\/colegioaleman.net\/wp-content\/uploads\/3-49-700x700.jpg 700w, https:\/\/colegioaleman.net\/wp-content\/uploads\/3-49.jpg 1080w\" sizes=\"(max-width: 1024px) 100vw, 1024px\" \/><\/figure>\n\n\n\n<figure class=\"wp-block-image size-large\"><img loading=\"lazy\" decoding=\"async\" width=\"1024\" height=\"1024\" data-id=\"70358\" src=\"https:\/\/colegioaleman.net\/wp-content\/uploads\/4-47-1024x1024.jpg\" alt=\"\" class=\"wp-image-70358\" srcset=\"https:\/\/colegioaleman.net\/wp-content\/uploads\/4-47-1024x1024.jpg 1024w, https:\/\/colegioaleman.net\/wp-content\/uploads\/4-47-300x300.jpg 300w, https:\/\/colegioaleman.net\/wp-content\/uploads\/4-47-150x150.jpg 150w, https:\/\/colegioaleman.net\/wp-content\/uploads\/4-47-768x768.jpg 768w, https:\/\/colegioaleman.net\/wp-content\/uploads\/4-47-700x700.jpg 700w, https:\/\/colegioaleman.net\/wp-content\/uploads\/4-47.jpg 1080w\" sizes=\"(max-width: 1024px) 100vw, 1024px\" \/><\/figure>\n\n\n\n<figure class=\"wp-block-image size-large\"><img loading=\"lazy\" decoding=\"async\" width=\"1024\" height=\"1024\" data-id=\"70356\" src=\"https:\/\/colegioaleman.net\/wp-content\/uploads\/5-46-1024x1024.jpg\" alt=\"\" class=\"wp-image-70356\" srcset=\"https:\/\/colegioaleman.net\/wp-content\/uploads\/5-46-1024x1024.jpg 1024w, https:\/\/colegioaleman.net\/wp-content\/uploads\/5-46-300x300.jpg 300w, https:\/\/colegioaleman.net\/wp-content\/uploads\/5-46-150x150.jpg 150w, https:\/\/colegioaleman.net\/wp-content\/uploads\/5-46-768x768.jpg 768w, https:\/\/colegioaleman.net\/wp-content\/uploads\/5-46-700x700.jpg 700w, https:\/\/colegioaleman.net\/wp-content\/uploads\/5-46.jpg 1080w\" sizes=\"(max-width: 1024px) 100vw, 1024px\" \/><\/figure>\n\n\n\n<figure class=\"wp-block-image size-large\"><img loading=\"lazy\" decoding=\"async\" width=\"1024\" height=\"1024\" data-id=\"70357\" src=\"https:\/\/colegioaleman.net\/wp-content\/uploads\/6-42-1024x1024.jpg\" alt=\"\" class=\"wp-image-70357\" srcset=\"https:\/\/colegioaleman.net\/wp-content\/uploads\/6-42-1024x1024.jpg 1024w, https:\/\/colegioaleman.net\/wp-content\/uploads\/6-42-300x300.jpg 300w, https:\/\/colegioaleman.net\/wp-content\/uploads\/6-42-150x150.jpg 150w, https:\/\/colegioaleman.net\/wp-content\/uploads\/6-42-768x768.jpg 768w, https:\/\/colegioaleman.net\/wp-content\/uploads\/6-42-700x700.jpg 700w, https:\/\/colegioaleman.net\/wp-content\/uploads\/6-42.jpg 1080w\" sizes=\"(max-width: 1024px) 100vw, 1024px\" \/><\/figure>\n<\/figure>\n","protected":false},"excerpt":{"rendered":"<p>El pasado viernes, el alumnado de Deutsche Schule San Sebasti\u00e1n volvi\u00f3 a destacar por su talento y dedicaci\u00f3n en las olimpiadas cient\u00edficas y el concurso de primavera de matem\u00e1ticas organizados por la Universidad del Pa\u00eds Vasco (UPV\/EHU). Telmo Santos Barranco, estudiante del centro, ha sido galardonado con el tercer premio en la fase regional de [&hellip;]<\/p>\n","protected":false},"author":7,"featured_media":70346,"comment_status":"closed","ping_status":"closed","sticky":false,"template":"","format":"standard","meta":{"site-sidebar-layout":"default","site-content-layout":"","ast-site-content-layout":"default","site-content-style":"default","site-sidebar-style":"default","ast-global-header-display":"","ast-banner-title-visibility":"","ast-main-header-display":"","ast-hfb-above-header-display":"","ast-hfb-below-header-display":"","ast-hfb-mobile-header-display":"","site-post-title":"","ast-breadcrumbs-content":"","ast-featured-img":"disabled","footer-sml-layout":"","ast-disable-related-posts":"","theme-transparent-header-meta":"","adv-header-id-meta":"","stick-header-meta":"","header-above-stick-meta":"","header-main-stick-meta":"","header-below-stick-meta":"","astra-migrate-meta-layouts":"set","ast-page-background-enabled":"default","ast-page-background-meta":{"desktop":{"background-color":"var(--ast-global-color-4)","background-image":"","background-repeat":"repeat","background-position":"center center","background-size":"auto","background-attachment":"scroll","background-type":"","background-media":"","overlay-type":"","overlay-color":"","overlay-opacity":"","overlay-gradient":""},"tablet":{"background-color":"","background-image":"","background-repeat":"repeat","background-position":"center center","background-size":"auto","background-attachment":"scroll","background-type":"","background-media":"","overlay-type":"","overlay-color":"","overlay-opacity":"","overlay-gradient":""},"mobile":{"background-color":"","background-image":"","background-repeat":"repeat","background-position":"center center","background-size":"auto","background-attachment":"scroll","background-type":"","background-media":"","overlay-type":"","overlay-color":"","overlay-opacity":"","overlay-gradient":""}},"ast-content-background-meta":{"desktop":{"background-color":"var(--ast-global-color-5)","background-image":"","background-repeat":"repeat","background-position":"center center","background-size":"auto","background-attachment":"scroll","background-type":"","background-media":"","overlay-type":"","overlay-color":"","overlay-opacity":"","overlay-gradient":""},"tablet":{"background-color":"var(--ast-global-color-5)","background-image":"","background-repeat":"repeat","background-position":"center center","background-size":"auto","background-attachment":"scroll","background-type":"","background-media":"","overlay-type":"","overlay-color":"","overlay-opacity":"","overlay-gradient":""},"mobile":{"background-color":"var(--ast-global-color-5)","background-image":"","background-repeat":"repeat","background-position":"center center","background-size":"auto","background-attachment":"scroll","background-type":"","background-media":"","overlay-type":"","overlay-color":"","overlay-opacity":"","overlay-gradient":""}},"footnotes":""},"categories":[88],"tags":[],"class_list":["post-70345","post","type-post","status-publish","format-standard","has-post-thumbnail","hentry","category-eventos"],"yoast_head":"<!-- This site is optimized with the Yoast SEO plugin v27.4 - https:\/\/yoast.com\/product\/yoast-seo-wordpress\/ -->\n<title>Premios en las olimpiadas cient\u00edficas y el concurso de primavera de matem\u00e1ticas de la UPV<\/title>\n<meta name=\"description\" content=\"El alumnado de Deutsche Schule San Sebasti\u00e1n volvi\u00f3 a destacar por su talento y dedicaci\u00f3n en las olimpiadas cient\u00edficas y el concurso de primavera de matem\u00e1ticas\" \/>\n<meta name=\"robots\" content=\"index, follow, max-snippet:-1, max-image-preview:large, max-video-preview:-1\" \/>\n<link rel=\"canonical\" href=\"https:\/\/colegioaleman.net\/de\/premios-en-las-olimpiadas-cientificas-y-el-concurso-de-primavera-de-matematicas-de-la-upv\/\" \/>\n<meta property=\"og:locale\" content=\"de_DE\" \/>\n<meta property=\"og:type\" content=\"article\" \/>\n<meta property=\"og:title\" content=\"Premios en las olimpiadas cient\u00edficas y el concurso de primavera de matem\u00e1ticas de la UPV\" \/>\n<meta property=\"og:description\" content=\"El alumnado de Deutsche Schule San Sebasti\u00e1n volvi\u00f3 a destacar por su talento y dedicaci\u00f3n en las olimpiadas cient\u00edficas y el concurso de primavera de matem\u00e1ticas\" \/>\n<meta property=\"og:url\" content=\"https:\/\/colegioaleman.net\/de\/premios-en-las-olimpiadas-cientificas-y-el-concurso-de-primavera-de-matematicas-de-la-upv\/\" \/>\n<meta property=\"og:site_name\" content=\"Deutsche Schule San Sebasti&aacute;n\" \/>\n<meta property=\"article:published_time\" content=\"2025-05-15T11:51:25+00:00\" \/>\n<meta property=\"article:modified_time\" content=\"2025-05-15T11:51:26+00:00\" \/>\n<meta property=\"og:image\" content=\"https:\/\/colegioaleman.net\/wp-content\/uploads\/Premios-Concursos-MATEMATICAS.jpg\" \/>\n\t<meta property=\"og:image:width\" content=\"1080\" \/>\n\t<meta property=\"og:image:height\" content=\"800\" \/>\n\t<meta property=\"og:image:type\" content=\"image\/jpeg\" \/>\n<meta name=\"author\" content=\"Comunicaci\u00f3n DS\" \/>\n<meta name=\"twitter:card\" content=\"summary_large_image\" \/>\n<meta name=\"twitter:label1\" content=\"Verfasst von\" \/>\n\t<meta name=\"twitter:data1\" content=\"Comunicaci\u00f3n DS\" \/>\n\t<meta name=\"twitter:label2\" content=\"Gesch\u00e4tzte Lesezeit\" \/>\n\t<meta name=\"twitter:data2\" content=\"3\u00a0Minuten\" \/>\n<script type=\"application\/ld+json\" class=\"yoast-schema-graph\">{\"@context\":\"https:\\\/\\\/schema.org\",\"@graph\":[{\"@type\":\"NewsArticle\",\"@id\":\"https:\\\/\\\/colegioaleman.net\\\/de\\\/premios-en-las-olimpiadas-cientificas-y-el-concurso-de-primavera-de-matematicas-de-la-upv\\\/#article\",\"isPartOf\":{\"@id\":\"https:\\\/\\\/colegioaleman.net\\\/de\\\/premios-en-las-olimpiadas-cientificas-y-el-concurso-de-primavera-de-matematicas-de-la-upv\\\/\"},\"author\":{\"name\":\"Comunicaci\u00f3n DS\",\"@id\":\"https:\\\/\\\/colegioaleman.net\\\/de\\\/#\\\/schema\\\/person\\\/6bcd7d12143d885834326c35f509a440\"},\"headline\":\"Premios en las olimpiadas cient\u00edficas y el concurso de primavera de matem\u00e1ticas de la UPV\",\"datePublished\":\"2025-05-15T11:51:25+00:00\",\"dateModified\":\"2025-05-15T11:51:26+00:00\",\"mainEntityOfPage\":{\"@id\":\"https:\\\/\\\/colegioaleman.net\\\/de\\\/premios-en-las-olimpiadas-cientificas-y-el-concurso-de-primavera-de-matematicas-de-la-upv\\\/\"},\"wordCount\":229,\"image\":{\"@id\":\"https:\\\/\\\/colegioaleman.net\\\/de\\\/premios-en-las-olimpiadas-cientificas-y-el-concurso-de-primavera-de-matematicas-de-la-upv\\\/#primaryimage\"},\"thumbnailUrl\":\"https:\\\/\\\/colegioaleman.net\\\/wp-content\\\/uploads\\\/Premios-Concursos-MATEMATICAS.jpg\",\"articleSection\":[\"Eventos\"],\"inLanguage\":\"de\"},{\"@type\":[\"WebPage\",\"ItemPage\"],\"@id\":\"https:\\\/\\\/colegioaleman.net\\\/de\\\/premios-en-las-olimpiadas-cientificas-y-el-concurso-de-primavera-de-matematicas-de-la-upv\\\/\",\"url\":\"https:\\\/\\\/colegioaleman.net\\\/de\\\/premios-en-las-olimpiadas-cientificas-y-el-concurso-de-primavera-de-matematicas-de-la-upv\\\/\",\"name\":\"Premios en las olimpiadas cient\u00edficas y el concurso de primavera de matem\u00e1ticas de la UPV\",\"isPartOf\":{\"@id\":\"https:\\\/\\\/colegioaleman.net\\\/de\\\/#website\"},\"primaryImageOfPage\":{\"@id\":\"https:\\\/\\\/colegioaleman.net\\\/de\\\/premios-en-las-olimpiadas-cientificas-y-el-concurso-de-primavera-de-matematicas-de-la-upv\\\/#primaryimage\"},\"image\":{\"@id\":\"https:\\\/\\\/colegioaleman.net\\\/de\\\/premios-en-las-olimpiadas-cientificas-y-el-concurso-de-primavera-de-matematicas-de-la-upv\\\/#primaryimage\"},\"thumbnailUrl\":\"https:\\\/\\\/colegioaleman.net\\\/wp-content\\\/uploads\\\/Premios-Concursos-MATEMATICAS.jpg\",\"datePublished\":\"2025-05-15T11:51:25+00:00\",\"dateModified\":\"2025-05-15T11:51:26+00:00\",\"author\":{\"@id\":\"https:\\\/\\\/colegioaleman.net\\\/de\\\/#\\\/schema\\\/person\\\/6bcd7d12143d885834326c35f509a440\"},\"description\":\"El alumnado de Deutsche Schule San Sebasti\u00e1n volvi\u00f3 a destacar por su talento y dedicaci\u00f3n en las olimpiadas cient\u00edficas y el concurso de primavera de matem\u00e1ticas\",\"breadcrumb\":{\"@id\":\"https:\\\/\\\/colegioaleman.net\\\/de\\\/premios-en-las-olimpiadas-cientificas-y-el-concurso-de-primavera-de-matematicas-de-la-upv\\\/#breadcrumb\"},\"inLanguage\":\"de\",\"potentialAction\":[{\"@type\":\"ReadAction\",\"target\":[\"https:\\\/\\\/colegioaleman.net\\\/de\\\/premios-en-las-olimpiadas-cientificas-y-el-concurso-de-primavera-de-matematicas-de-la-upv\\\/\"]}]},{\"@type\":\"ImageObject\",\"inLanguage\":\"de\",\"@id\":\"https:\\\/\\\/colegioaleman.net\\\/de\\\/premios-en-las-olimpiadas-cientificas-y-el-concurso-de-primavera-de-matematicas-de-la-upv\\\/#primaryimage\",\"url\":\"https:\\\/\\\/colegioaleman.net\\\/wp-content\\\/uploads\\\/Premios-Concursos-MATEMATICAS.jpg\",\"contentUrl\":\"https:\\\/\\\/colegioaleman.net\\\/wp-content\\\/uploads\\\/Premios-Concursos-MATEMATICAS.jpg\",\"width\":1080,\"height\":800},{\"@type\":\"BreadcrumbList\",\"@id\":\"https:\\\/\\\/colegioaleman.net\\\/de\\\/premios-en-las-olimpiadas-cientificas-y-el-concurso-de-primavera-de-matematicas-de-la-upv\\\/#breadcrumb\",\"itemListElement\":[{\"@type\":\"ListItem\",\"position\":1,\"name\":\"Home\",\"item\":\"https:\\\/\\\/colegioaleman.net\\\/de\\\/\"},{\"@type\":\"ListItem\",\"position\":2,\"name\":\"Premios en las olimpiadas cient\u00edficas y el concurso de primavera de matem\u00e1ticas de la UPV\"}]},{\"@type\":\"WebSite\",\"@id\":\"https:\\\/\\\/colegioaleman.net\\\/de\\\/#website\",\"url\":\"https:\\\/\\\/colegioaleman.net\\\/de\\\/\",\"name\":\"Deutsche Schule San Sebasti&aacute;n\",\"description\":\"Colegio Alem&aacute;n San Alberto Magno\",\"potentialAction\":[{\"@type\":\"SearchAction\",\"target\":{\"@type\":\"EntryPoint\",\"urlTemplate\":\"https:\\\/\\\/colegioaleman.net\\\/de\\\/?s={search_term_string}\"},\"query-input\":{\"@type\":\"PropertyValueSpecification\",\"valueRequired\":true,\"valueName\":\"search_term_string\"}}],\"inLanguage\":\"de\"},{\"@type\":\"Person\",\"@id\":\"https:\\\/\\\/colegioaleman.net\\\/de\\\/#\\\/schema\\\/person\\\/6bcd7d12143d885834326c35f509a440\",\"name\":\"Comunicaci\u00f3n DS\",\"image\":{\"@type\":\"ImageObject\",\"inLanguage\":\"de\",\"@id\":\"https:\\\/\\\/secure.gravatar.com\\\/avatar\\\/4276d527a7afb9697a8e116a1f4a8676e75dca38469c7643daff85877db5147b?s=96&d=mm&r=g\",\"url\":\"https:\\\/\\\/secure.gravatar.com\\\/avatar\\\/4276d527a7afb9697a8e116a1f4a8676e75dca38469c7643daff85877db5147b?s=96&d=mm&r=g\",\"contentUrl\":\"https:\\\/\\\/secure.gravatar.com\\\/avatar\\\/4276d527a7afb9697a8e116a1f4a8676e75dca38469c7643daff85877db5147b?s=96&d=mm&r=g\",\"caption\":\"Comunicaci\u00f3n DS\"}}]}<\/script>\n<!-- \/ Yoast SEO plugin. -->","yoast_head_json":{"title":"Premios en las olimpiadas cient\u00edficas y el concurso de primavera de matem\u00e1ticas de la UPV","description":"El alumnado de Deutsche Schule San Sebasti\u00e1n volvi\u00f3 a destacar por su talento y dedicaci\u00f3n en las olimpiadas cient\u00edficas y el concurso de primavera de matem\u00e1ticas","robots":{"index":"index","follow":"follow","max-snippet":"max-snippet:-1","max-image-preview":"max-image-preview:large","max-video-preview":"max-video-preview:-1"},"canonical":"https:\/\/colegioaleman.net\/de\/premios-en-las-olimpiadas-cientificas-y-el-concurso-de-primavera-de-matematicas-de-la-upv\/","og_locale":"de_DE","og_type":"article","og_title":"Premios en las olimpiadas cient\u00edficas y el concurso de primavera de matem\u00e1ticas de la UPV","og_description":"El alumnado de Deutsche Schule San Sebasti\u00e1n volvi\u00f3 a destacar por su talento y dedicaci\u00f3n en las olimpiadas cient\u00edficas y el concurso de primavera de matem\u00e1ticas","og_url":"https:\/\/colegioaleman.net\/de\/premios-en-las-olimpiadas-cientificas-y-el-concurso-de-primavera-de-matematicas-de-la-upv\/","og_site_name":"Deutsche Schule San Sebasti&aacute;n","article_published_time":"2025-05-15T11:51:25+00:00","article_modified_time":"2025-05-15T11:51:26+00:00","og_image":[{"width":1080,"height":800,"url":"https:\/\/colegioaleman.net\/wp-content\/uploads\/Premios-Concursos-MATEMATICAS.jpg","type":"image\/jpeg"}],"author":"Comunicaci\u00f3n DS","twitter_card":"summary_large_image","twitter_misc":{"Verfasst von":"Comunicaci\u00f3n DS","Gesch\u00e4tzte Lesezeit":"3\u00a0Minuten"},"schema":{"@context":"https:\/\/schema.org","@graph":[{"@type":"NewsArticle","@id":"https:\/\/colegioaleman.net\/de\/premios-en-las-olimpiadas-cientificas-y-el-concurso-de-primavera-de-matematicas-de-la-upv\/#article","isPartOf":{"@id":"https:\/\/colegioaleman.net\/de\/premios-en-las-olimpiadas-cientificas-y-el-concurso-de-primavera-de-matematicas-de-la-upv\/"},"author":{"name":"Comunicaci\u00f3n DS","@id":"https:\/\/colegioaleman.net\/de\/#\/schema\/person\/6bcd7d12143d885834326c35f509a440"},"headline":"Premios en las olimpiadas cient\u00edficas y el concurso de primavera de matem\u00e1ticas de la UPV","datePublished":"2025-05-15T11:51:25+00:00","dateModified":"2025-05-15T11:51:26+00:00","mainEntityOfPage":{"@id":"https:\/\/colegioaleman.net\/de\/premios-en-las-olimpiadas-cientificas-y-el-concurso-de-primavera-de-matematicas-de-la-upv\/"},"wordCount":229,"image":{"@id":"https:\/\/colegioaleman.net\/de\/premios-en-las-olimpiadas-cientificas-y-el-concurso-de-primavera-de-matematicas-de-la-upv\/#primaryimage"},"thumbnailUrl":"https:\/\/colegioaleman.net\/wp-content\/uploads\/Premios-Concursos-MATEMATICAS.jpg","articleSection":["Eventos"],"inLanguage":"de"},{"@type":["WebPage","ItemPage"],"@id":"https:\/\/colegioaleman.net\/de\/premios-en-las-olimpiadas-cientificas-y-el-concurso-de-primavera-de-matematicas-de-la-upv\/","url":"https:\/\/colegioaleman.net\/de\/premios-en-las-olimpiadas-cientificas-y-el-concurso-de-primavera-de-matematicas-de-la-upv\/","name":"Premios en las olimpiadas cient\u00edficas y el concurso de primavera de matem\u00e1ticas de la UPV","isPartOf":{"@id":"https:\/\/colegioaleman.net\/de\/#website"},"primaryImageOfPage":{"@id":"https:\/\/colegioaleman.net\/de\/premios-en-las-olimpiadas-cientificas-y-el-concurso-de-primavera-de-matematicas-de-la-upv\/#primaryimage"},"image":{"@id":"https:\/\/colegioaleman.net\/de\/premios-en-las-olimpiadas-cientificas-y-el-concurso-de-primavera-de-matematicas-de-la-upv\/#primaryimage"},"thumbnailUrl":"https:\/\/colegioaleman.net\/wp-content\/uploads\/Premios-Concursos-MATEMATICAS.jpg","datePublished":"2025-05-15T11:51:25+00:00","dateModified":"2025-05-15T11:51:26+00:00","author":{"@id":"https:\/\/colegioaleman.net\/de\/#\/schema\/person\/6bcd7d12143d885834326c35f509a440"},"description":"El alumnado de Deutsche Schule San Sebasti\u00e1n volvi\u00f3 a destacar por su talento y dedicaci\u00f3n en las olimpiadas cient\u00edficas y el concurso de primavera de matem\u00e1ticas","breadcrumb":{"@id":"https:\/\/colegioaleman.net\/de\/premios-en-las-olimpiadas-cientificas-y-el-concurso-de-primavera-de-matematicas-de-la-upv\/#breadcrumb"},"inLanguage":"de","potentialAction":[{"@type":"ReadAction","target":["https:\/\/colegioaleman.net\/de\/premios-en-las-olimpiadas-cientificas-y-el-concurso-de-primavera-de-matematicas-de-la-upv\/"]}]},{"@type":"ImageObject","inLanguage":"de","@id":"https:\/\/colegioaleman.net\/de\/premios-en-las-olimpiadas-cientificas-y-el-concurso-de-primavera-de-matematicas-de-la-upv\/#primaryimage","url":"https:\/\/colegioaleman.net\/wp-content\/uploads\/Premios-Concursos-MATEMATICAS.jpg","contentUrl":"https:\/\/colegioaleman.net\/wp-content\/uploads\/Premios-Concursos-MATEMATICAS.jpg","width":1080,"height":800},{"@type":"BreadcrumbList","@id":"https:\/\/colegioaleman.net\/de\/premios-en-las-olimpiadas-cientificas-y-el-concurso-de-primavera-de-matematicas-de-la-upv\/#breadcrumb","itemListElement":[{"@type":"ListItem","position":1,"name":"Home","item":"https:\/\/colegioaleman.net\/de\/"},{"@type":"ListItem","position":2,"name":"Premios en las olimpiadas cient\u00edficas y el concurso de primavera de matem\u00e1ticas de la UPV"}]},{"@type":"WebSite","@id":"https:\/\/colegioaleman.net\/de\/#website","url":"https:\/\/colegioaleman.net\/de\/","name":"Deutsche Schule San Sebasti&aacute;n","description":"Colegio Alem&aacute;n San Alberto Magno","potentialAction":[{"@type":"SearchAction","target":{"@type":"EntryPoint","urlTemplate":"https:\/\/colegioaleman.net\/de\/?s={search_term_string}"},"query-input":{"@type":"PropertyValueSpecification","valueRequired":true,"valueName":"search_term_string"}}],"inLanguage":"de"},{"@type":"Person","@id":"https:\/\/colegioaleman.net\/de\/#\/schema\/person\/6bcd7d12143d885834326c35f509a440","name":"Comunicaci\u00f3n DS","image":{"@type":"ImageObject","inLanguage":"de","@id":"https:\/\/secure.gravatar.com\/avatar\/4276d527a7afb9697a8e116a1f4a8676e75dca38469c7643daff85877db5147b?s=96&d=mm&r=g","url":"https:\/\/secure.gravatar.com\/avatar\/4276d527a7afb9697a8e116a1f4a8676e75dca38469c7643daff85877db5147b?s=96&d=mm&r=g","contentUrl":"https:\/\/secure.gravatar.com\/avatar\/4276d527a7afb9697a8e116a1f4a8676e75dca38469c7643daff85877db5147b?s=96&d=mm&r=g","caption":"Comunicaci\u00f3n DS"}}]}},"_links":{"self":[{"href":"https:\/\/colegioaleman.net\/de\/wp-json\/wp\/v2\/posts\/70345","targetHints":{"allow":["GET"]}}],"collection":[{"href":"https:\/\/colegioaleman.net\/de\/wp-json\/wp\/v2\/posts"}],"about":[{"href":"https:\/\/colegioaleman.net\/de\/wp-json\/wp\/v2\/types\/post"}],"author":[{"embeddable":true,"href":"https:\/\/colegioaleman.net\/de\/wp-json\/wp\/v2\/users\/7"}],"replies":[{"embeddable":true,"href":"https:\/\/colegioaleman.net\/de\/wp-json\/wp\/v2\/comments?post=70345"}],"version-history":[{"count":0,"href":"https:\/\/colegioaleman.net\/de\/wp-json\/wp\/v2\/posts\/70345\/revisions"}],"wp:featuredmedia":[{"embeddable":true,"href":"https:\/\/colegioaleman.net\/de\/wp-json\/wp\/v2\/media\/70346"}],"wp:attachment":[{"href":"https:\/\/colegioaleman.net\/de\/wp-json\/wp\/v2\/media?parent=70345"}],"wp:term":[{"taxonomy":"category","embeddable":true,"href":"https:\/\/colegioaleman.net\/de\/wp-json\/wp\/v2\/categories?post=70345"},{"taxonomy":"post_tag","embeddable":true,"href":"https:\/\/colegioaleman.net\/de\/wp-json\/wp\/v2\/tags?post=70345"}],"curies":[{"name":"wp","href":"https:\/\/api.w.org\/{rel}","templated":true}]}}