{"id":54029,"date":"2022-02-03T11:27:47","date_gmt":"2022-02-03T10:27:47","guid":{"rendered":"https:\/\/colegioaleman.net\/?p=54029"},"modified":"2024-02-26T09:36:56","modified_gmt":"2024-02-26T08:36:56","slug":"tamborrada-2022-gora-donostia","status":"publish","type":"post","link":"https:\/\/colegioaleman.net\/eu\/tamborrada-2022-gora-donostia\/","title":{"rendered":"Tamborrada 2022 \u00a1Gora Donostia!"},"content":{"rendered":"<p>Gu beti pozez, beti alai! \ud83e\udd41\ud83d\udc99\ud83e\udd41\ud83d\udc99\ud83e\udd41\ud83d\udc99\ud83e\udd41\ud83d\udc99<\/p>\n<p>Desde la AMPA DS San Sebasti\u00e1n gracias a todos y todas por la gran participaci\u00f3n (110 en total)\ud83d\ude4c\ud83d\ude4c\ud83d\ude4c El resultado no ha podido ser mejor (y a pesar del tiempo). Una imagen inmejorable de nuestro colegio\ud83d\udc99 con los uniformes de soldados y cantineras renovados. Gracias a los padres y madres colaboradores. Vielen Dank!\ud83e\udd70\ud83d\ude0d<\/p>\n<p>Inspirados en el disuelto ej\u00e9rcito del Electorado de Brunswick-Luneburgo (Hannover), la mayor fuerza de \u00e9lite formada por exiliados alemanes\ud83c\udde9\ud83c\uddea e integrada en el ej\u00e9rcito brit\u00e1nico durante las guerras napole\u00f3nicas, que intervinieron en el asalto a La Bretxa en 1813. De ah\u00ed el emblema del rey Jorge III (\u201cGR\u201d George Rex) en el chaco\ud83d\udc49La KGL \u201cK\u00f6niglich Deutsche Legion\u201d.<\/p>\n<p>En las fotos la elegancia de nuestra compa\u00f1\u00eda, la alegr\u00eda de nuestros hijos e hijas, padres y madres.<br \/>Enhorabuena, y a por la siguiente edici\u00f3n! Gora Donostia!\ud83e\udd41\ud83d\udc99\ud83e\udd41\ud83d\udc99\ud83e\udd41\ud83d\udc99\ud83e\udd41\ud83d\udc99<\/p>\n<p>\u00a0<\/p>\n\n\n<figure class=\"wp-block-gallery has-nested-images columns-default is-cropped wp-block-gallery-1 is-layout-flex wp-block-gallery-is-layout-flex\">\n<figure class=\"wp-block-image size-large\"><img fetchpriority=\"high\" decoding=\"async\" width=\"300\" height=\"200\" data-id=\"62025\" src=\"https:\/\/colegioaleman.net\/wp-content\/uploads\/2024\/02\/Tamborrada2022-colegioaleman2-300x200-1.jpg\" alt=\"\" class=\"wp-image-62025\"\/><\/figure>\n\n\n\n<figure class=\"wp-block-image size-large\"><img decoding=\"async\" width=\"300\" height=\"200\" data-id=\"62015\" src=\"https:\/\/colegioaleman.net\/wp-content\/uploads\/2024\/02\/Tamborrada2022-colegioaleman3-300x200-1.jpg\" alt=\"\" class=\"wp-image-62015\"\/><\/figure>\n\n\n\n<figure class=\"wp-block-image size-large\"><img decoding=\"async\" width=\"300\" height=\"200\" data-id=\"62021\" src=\"https:\/\/colegioaleman.net\/wp-content\/uploads\/2024\/02\/Tamborrada2022-colegioaleman4-300x200-1.jpg\" alt=\"\" class=\"wp-image-62021\"\/><\/figure>\n\n\n\n<figure class=\"wp-block-image size-large\"><img loading=\"lazy\" decoding=\"async\" width=\"300\" height=\"200\" data-id=\"62016\" src=\"https:\/\/colegioaleman.net\/wp-content\/uploads\/2024\/02\/Tamborrada2022-colegioaleman6-300x200-1.jpg\" alt=\"\" class=\"wp-image-62016\"\/><\/figure>\n\n\n\n<figure class=\"wp-block-image size-large\"><img loading=\"lazy\" decoding=\"async\" width=\"300\" height=\"200\" data-id=\"62018\" src=\"https:\/\/colegioaleman.net\/wp-content\/uploads\/2024\/02\/Tamborrada2022-colegioaleman9-300x200-1.jpg\" alt=\"\" class=\"wp-image-62018\"\/><\/figure>\n\n\n\n<figure class=\"wp-block-image size-large\"><img loading=\"lazy\" decoding=\"async\" width=\"300\" height=\"200\" data-id=\"62017\" src=\"https:\/\/colegioaleman.net\/wp-content\/uploads\/2024\/02\/Tamborrada2022-colegioaleman-300x200-1.jpg\" alt=\"\" class=\"wp-image-62017\"\/><\/figure>\n<\/figure>\n","protected":false},"excerpt":{"rendered":"<p>Gu beti pozez, beti alai! \ud83e\udd41\ud83d\udc99\ud83e\udd41\ud83d\udc99\ud83e\udd41\ud83d\udc99\ud83e\udd41\ud83d\udc99 Desde la AMPA DS San Sebasti\u00e1n gracias a todos y todas por la gran participaci\u00f3n (110 en total)\ud83d\ude4c\ud83d\ude4c\ud83d\ude4c El resultado no ha podido ser mejor (y a pesar del tiempo). Una imagen inmejorable de nuestro colegio\ud83d\udc99 con los uniformes de soldados y cantineras renovados. Gracias a los padres y [&hellip;]<\/p>\n","protected":false},"author":4,"featured_media":62033,"comment_status":"closed","ping_status":"closed","sticky":false,"template":"","format":"standard","meta":{"site-sidebar-layout":"default","site-content-layout":"","ast-site-content-layout":"default","site-content-style":"default","site-sidebar-style":"default","ast-global-header-display":"","ast-banner-title-visibility":"","ast-main-header-display":"","ast-hfb-above-header-display":"","ast-hfb-below-header-display":"","ast-hfb-mobile-header-display":"","site-post-title":"","ast-breadcrumbs-content":"","ast-featured-img":"","footer-sml-layout":"","ast-disable-related-posts":"","theme-transparent-header-meta":"","adv-header-id-meta":"","stick-header-meta":"","header-above-stick-meta":"","header-main-stick-meta":"","header-below-stick-meta":"","astra-migrate-meta-layouts":"set","ast-page-background-enabled":"default","ast-page-background-meta":{"desktop":{"background-color":"var(--ast-global-color-4)","background-image":"","background-repeat":"repeat","background-position":"center center","background-size":"auto","background-attachment":"scroll","background-type":"","background-media":"","overlay-type":"","overlay-color":"","overlay-opacity":"","overlay-gradient":""},"tablet":{"background-color":"","background-image":"","background-repeat":"repeat","background-position":"center center","background-size":"auto","background-attachment":"scroll","background-type":"","background-media":"","overlay-type":"","overlay-color":"","overlay-opacity":"","overlay-gradient":""},"mobile":{"background-color":"","background-image":"","background-repeat":"repeat","background-position":"center center","background-size":"auto","background-attachment":"scroll","background-type":"","background-media":"","overlay-type":"","overlay-color":"","overlay-opacity":"","overlay-gradient":""}},"ast-content-background-meta":{"desktop":{"background-color":"var(--ast-global-color-5)","background-image":"","background-repeat":"repeat","background-position":"center center","background-size":"auto","background-attachment":"scroll","background-type":"","background-media":"","overlay-type":"","overlay-color":"","overlay-opacity":"","overlay-gradient":""},"tablet":{"background-color":"var(--ast-global-color-5)","background-image":"","background-repeat":"repeat","background-position":"center center","background-size":"auto","background-attachment":"scroll","background-type":"","background-media":"","overlay-type":"","overlay-color":"","overlay-opacity":"","overlay-gradient":""},"mobile":{"background-color":"var(--ast-global-color-5)","background-image":"","background-repeat":"repeat","background-position":"center center","background-size":"auto","background-attachment":"scroll","background-type":"","background-media":"","overlay-type":"","overlay-color":"","overlay-opacity":"","overlay-gradient":""}},"footnotes":""},"categories":[88],"tags":[],"class_list":["post-54029","post","type-post","status-publish","format-standard","has-post-thumbnail","hentry","category-eventos"],"yoast_head":"<!-- This site is optimized with the Yoast SEO plugin v27.4 - https:\/\/yoast.com\/product\/yoast-seo-wordpress\/ -->\n<title>Tamborrada 2022 \u00a1Gora Donostia!<\/title>\n<meta name=\"robots\" content=\"index, follow, max-snippet:-1, max-image-preview:large, max-video-preview:-1\" \/>\n<link rel=\"canonical\" href=\"https:\/\/colegioaleman.net\/eu\/tamborrada-2022-gora-donostia\/\" \/>\n<meta property=\"og:locale\" content=\"eu_ES\" \/>\n<meta property=\"og:type\" content=\"article\" \/>\n<meta property=\"og:title\" content=\"Tamborrada 2022 \u00a1Gora Donostia!\" \/>\n<meta property=\"og:description\" content=\"Gu beti pozez, beti alai! \ud83e\udd41\ud83d\udc99\ud83e\udd41\ud83d\udc99\ud83e\udd41\ud83d\udc99\ud83e\udd41\ud83d\udc99 Desde la AMPA DS San Sebasti\u00e1n gracias a todos y todas por la gran participaci\u00f3n (110 en total)\ud83d\ude4c\ud83d\ude4c\ud83d\ude4c El resultado no ha podido ser mejor (y a pesar del tiempo). Una imagen inmejorable de nuestro colegio\ud83d\udc99 con los uniformes de soldados y cantineras renovados. Gracias a los padres y [&hellip;]\" \/>\n<meta property=\"og:url\" content=\"https:\/\/colegioaleman.net\/eu\/tamborrada-2022-gora-donostia\/\" \/>\n<meta property=\"og:site_name\" content=\"Deutsche Schule San Sebasti&aacute;n\" \/>\n<meta property=\"article:published_time\" content=\"2022-02-03T10:27:47+00:00\" \/>\n<meta property=\"article:modified_time\" content=\"2024-02-26T08:36:56+00:00\" \/>\n<meta property=\"og:image\" content=\"https:\/\/colegioaleman.net\/wp-content\/uploads\/2022\/02\/tamborrada22-scaled.jpg\" \/>\n\t<meta property=\"og:image:width\" content=\"2560\" \/>\n\t<meta property=\"og:image:height\" content=\"1707\" \/>\n\t<meta property=\"og:image:type\" content=\"image\/jpeg\" \/>\n<meta name=\"author\" content=\"Deutsche Schule\" \/>\n<meta name=\"twitter:card\" content=\"summary_large_image\" \/>\n<meta name=\"twitter:label1\" content=\"Written by\" \/>\n\t<meta name=\"twitter:data1\" content=\"Deutsche Schule\" \/>\n\t<meta name=\"twitter:label2\" content=\"Est. reading time\" \/>\n\t<meta name=\"twitter:data2\" content=\"3 minutes\" \/>\n<script type=\"application\/ld+json\" class=\"yoast-schema-graph\">{\"@context\":\"https:\\\/\\\/schema.org\",\"@graph\":[{\"@type\":\"NewsArticle\",\"@id\":\"https:\\\/\\\/colegioaleman.net\\\/eu\\\/tamborrada-2022-gora-donostia\\\/#article\",\"isPartOf\":{\"@id\":\"https:\\\/\\\/colegioaleman.net\\\/eu\\\/tamborrada-2022-gora-donostia\\\/\"},\"author\":{\"name\":\"Deutsche Schule\",\"@id\":\"https:\\\/\\\/colegioaleman.net\\\/eu\\\/#\\\/schema\\\/person\\\/d45e1d2da47784535d1ce5b89bc177a6\"},\"headline\":\"Tamborrada 2022 \u00a1Gora Donostia!\",\"datePublished\":\"2022-02-03T10:27:47+00:00\",\"dateModified\":\"2024-02-26T08:36:56+00:00\",\"mainEntityOfPage\":{\"@id\":\"https:\\\/\\\/colegioaleman.net\\\/eu\\\/tamborrada-2022-gora-donostia\\\/\"},\"wordCount\":154,\"image\":{\"@id\":\"https:\\\/\\\/colegioaleman.net\\\/eu\\\/tamborrada-2022-gora-donostia\\\/#primaryimage\"},\"thumbnailUrl\":\"https:\\\/\\\/colegioaleman.net\\\/wp-content\\\/uploads\\\/2022\\\/02\\\/tamborrada22-scaled.jpg\",\"articleSection\":[\"Eventos\"],\"inLanguage\":\"eu-ES\"},{\"@type\":[\"WebPage\",\"ItemPage\"],\"@id\":\"https:\\\/\\\/colegioaleman.net\\\/eu\\\/tamborrada-2022-gora-donostia\\\/\",\"url\":\"https:\\\/\\\/colegioaleman.net\\\/eu\\\/tamborrada-2022-gora-donostia\\\/\",\"name\":\"Tamborrada 2022 \u00a1Gora Donostia!\",\"isPartOf\":{\"@id\":\"https:\\\/\\\/colegioaleman.net\\\/eu\\\/#website\"},\"primaryImageOfPage\":{\"@id\":\"https:\\\/\\\/colegioaleman.net\\\/eu\\\/tamborrada-2022-gora-donostia\\\/#primaryimage\"},\"image\":{\"@id\":\"https:\\\/\\\/colegioaleman.net\\\/eu\\\/tamborrada-2022-gora-donostia\\\/#primaryimage\"},\"thumbnailUrl\":\"https:\\\/\\\/colegioaleman.net\\\/wp-content\\\/uploads\\\/2022\\\/02\\\/tamborrada22-scaled.jpg\",\"datePublished\":\"2022-02-03T10:27:47+00:00\",\"dateModified\":\"2024-02-26T08:36:56+00:00\",\"author\":{\"@id\":\"https:\\\/\\\/colegioaleman.net\\\/eu\\\/#\\\/schema\\\/person\\\/d45e1d2da47784535d1ce5b89bc177a6\"},\"breadcrumb\":{\"@id\":\"https:\\\/\\\/colegioaleman.net\\\/eu\\\/tamborrada-2022-gora-donostia\\\/#breadcrumb\"},\"inLanguage\":\"eu-ES\",\"potentialAction\":[{\"@type\":\"ReadAction\",\"target\":[\"https:\\\/\\\/colegioaleman.net\\\/eu\\\/tamborrada-2022-gora-donostia\\\/\"]}]},{\"@type\":\"ImageObject\",\"inLanguage\":\"eu-ES\",\"@id\":\"https:\\\/\\\/colegioaleman.net\\\/eu\\\/tamborrada-2022-gora-donostia\\\/#primaryimage\",\"url\":\"https:\\\/\\\/colegioaleman.net\\\/wp-content\\\/uploads\\\/2022\\\/02\\\/tamborrada22-scaled.jpg\",\"contentUrl\":\"https:\\\/\\\/colegioaleman.net\\\/wp-content\\\/uploads\\\/2022\\\/02\\\/tamborrada22-scaled.jpg\",\"width\":2560,\"height\":1707},{\"@type\":\"BreadcrumbList\",\"@id\":\"https:\\\/\\\/colegioaleman.net\\\/eu\\\/tamborrada-2022-gora-donostia\\\/#breadcrumb\",\"itemListElement\":[{\"@type\":\"ListItem\",\"position\":1,\"name\":\"Home\",\"item\":\"https:\\\/\\\/colegioaleman.net\\\/eu\\\/\"},{\"@type\":\"ListItem\",\"position\":2,\"name\":\"Tamborrada 2022 \u00a1Gora Donostia!\"}]},{\"@type\":\"WebSite\",\"@id\":\"https:\\\/\\\/colegioaleman.net\\\/eu\\\/#website\",\"url\":\"https:\\\/\\\/colegioaleman.net\\\/eu\\\/\",\"name\":\"Deutsche Schule San Sebasti&aacute;n\",\"description\":\"Colegio Alem&aacute;n San Alberto Magno\",\"potentialAction\":[{\"@type\":\"SearchAction\",\"target\":{\"@type\":\"EntryPoint\",\"urlTemplate\":\"https:\\\/\\\/colegioaleman.net\\\/eu\\\/?s={search_term_string}\"},\"query-input\":{\"@type\":\"PropertyValueSpecification\",\"valueRequired\":true,\"valueName\":\"search_term_string\"}}],\"inLanguage\":\"eu-ES\"},{\"@type\":\"Person\",\"@id\":\"https:\\\/\\\/colegioaleman.net\\\/eu\\\/#\\\/schema\\\/person\\\/d45e1d2da47784535d1ce5b89bc177a6\",\"name\":\"Deutsche Schule\",\"image\":{\"@type\":\"ImageObject\",\"inLanguage\":\"eu-ES\",\"@id\":\"https:\\\/\\\/secure.gravatar.com\\\/avatar\\\/?s=96&d=mm&r=g\",\"url\":\"https:\\\/\\\/secure.gravatar.com\\\/avatar\\\/?s=96&d=mm&r=g\",\"contentUrl\":\"https:\\\/\\\/secure.gravatar.com\\\/avatar\\\/?s=96&d=mm&r=g\",\"caption\":\"Deutsche Schule\"}}]}<\/script>\n<!-- \/ Yoast SEO plugin. -->","yoast_head_json":{"title":"Tamborrada 2022 \u00a1Gora Donostia!","robots":{"index":"index","follow":"follow","max-snippet":"max-snippet:-1","max-image-preview":"max-image-preview:large","max-video-preview":"max-video-preview:-1"},"canonical":"https:\/\/colegioaleman.net\/eu\/tamborrada-2022-gora-donostia\/","og_locale":"eu_ES","og_type":"article","og_title":"Tamborrada 2022 \u00a1Gora Donostia!","og_description":"Gu beti pozez, beti alai! \ud83e\udd41\ud83d\udc99\ud83e\udd41\ud83d\udc99\ud83e\udd41\ud83d\udc99\ud83e\udd41\ud83d\udc99 Desde la AMPA DS San Sebasti\u00e1n gracias a todos y todas por la gran participaci\u00f3n (110 en total)\ud83d\ude4c\ud83d\ude4c\ud83d\ude4c El resultado no ha podido ser mejor (y a pesar del tiempo). Una imagen inmejorable de nuestro colegio\ud83d\udc99 con los uniformes de soldados y cantineras renovados. Gracias a los padres y [&hellip;]","og_url":"https:\/\/colegioaleman.net\/eu\/tamborrada-2022-gora-donostia\/","og_site_name":"Deutsche Schule San Sebasti&aacute;n","article_published_time":"2022-02-03T10:27:47+00:00","article_modified_time":"2024-02-26T08:36:56+00:00","og_image":[{"width":2560,"height":1707,"url":"https:\/\/colegioaleman.net\/wp-content\/uploads\/2022\/02\/tamborrada22-scaled.jpg","type":"image\/jpeg"}],"author":"Deutsche Schule","twitter_card":"summary_large_image","twitter_misc":{"Written by":"Deutsche Schule","Est. reading time":"3 minutes"},"schema":{"@context":"https:\/\/schema.org","@graph":[{"@type":"NewsArticle","@id":"https:\/\/colegioaleman.net\/eu\/tamborrada-2022-gora-donostia\/#article","isPartOf":{"@id":"https:\/\/colegioaleman.net\/eu\/tamborrada-2022-gora-donostia\/"},"author":{"name":"Deutsche Schule","@id":"https:\/\/colegioaleman.net\/eu\/#\/schema\/person\/d45e1d2da47784535d1ce5b89bc177a6"},"headline":"Tamborrada 2022 \u00a1Gora Donostia!","datePublished":"2022-02-03T10:27:47+00:00","dateModified":"2024-02-26T08:36:56+00:00","mainEntityOfPage":{"@id":"https:\/\/colegioaleman.net\/eu\/tamborrada-2022-gora-donostia\/"},"wordCount":154,"image":{"@id":"https:\/\/colegioaleman.net\/eu\/tamborrada-2022-gora-donostia\/#primaryimage"},"thumbnailUrl":"https:\/\/colegioaleman.net\/wp-content\/uploads\/2022\/02\/tamborrada22-scaled.jpg","articleSection":["Eventos"],"inLanguage":"eu-ES"},{"@type":["WebPage","ItemPage"],"@id":"https:\/\/colegioaleman.net\/eu\/tamborrada-2022-gora-donostia\/","url":"https:\/\/colegioaleman.net\/eu\/tamborrada-2022-gora-donostia\/","name":"Tamborrada 2022 \u00a1Gora Donostia!","isPartOf":{"@id":"https:\/\/colegioaleman.net\/eu\/#website"},"primaryImageOfPage":{"@id":"https:\/\/colegioaleman.net\/eu\/tamborrada-2022-gora-donostia\/#primaryimage"},"image":{"@id":"https:\/\/colegioaleman.net\/eu\/tamborrada-2022-gora-donostia\/#primaryimage"},"thumbnailUrl":"https:\/\/colegioaleman.net\/wp-content\/uploads\/2022\/02\/tamborrada22-scaled.jpg","datePublished":"2022-02-03T10:27:47+00:00","dateModified":"2024-02-26T08:36:56+00:00","author":{"@id":"https:\/\/colegioaleman.net\/eu\/#\/schema\/person\/d45e1d2da47784535d1ce5b89bc177a6"},"breadcrumb":{"@id":"https:\/\/colegioaleman.net\/eu\/tamborrada-2022-gora-donostia\/#breadcrumb"},"inLanguage":"eu-ES","potentialAction":[{"@type":"ReadAction","target":["https:\/\/colegioaleman.net\/eu\/tamborrada-2022-gora-donostia\/"]}]},{"@type":"ImageObject","inLanguage":"eu-ES","@id":"https:\/\/colegioaleman.net\/eu\/tamborrada-2022-gora-donostia\/#primaryimage","url":"https:\/\/colegioaleman.net\/wp-content\/uploads\/2022\/02\/tamborrada22-scaled.jpg","contentUrl":"https:\/\/colegioaleman.net\/wp-content\/uploads\/2022\/02\/tamborrada22-scaled.jpg","width":2560,"height":1707},{"@type":"BreadcrumbList","@id":"https:\/\/colegioaleman.net\/eu\/tamborrada-2022-gora-donostia\/#breadcrumb","itemListElement":[{"@type":"ListItem","position":1,"name":"Home","item":"https:\/\/colegioaleman.net\/eu\/"},{"@type":"ListItem","position":2,"name":"Tamborrada 2022 \u00a1Gora Donostia!"}]},{"@type":"WebSite","@id":"https:\/\/colegioaleman.net\/eu\/#website","url":"https:\/\/colegioaleman.net\/eu\/","name":"Deutsche Schule San Sebasti&aacute;n","description":"Colegio Alem&aacute;n San Alberto Magno","potentialAction":[{"@type":"SearchAction","target":{"@type":"EntryPoint","urlTemplate":"https:\/\/colegioaleman.net\/eu\/?s={search_term_string}"},"query-input":{"@type":"PropertyValueSpecification","valueRequired":true,"valueName":"search_term_string"}}],"inLanguage":"eu-ES"},{"@type":"Person","@id":"https:\/\/colegioaleman.net\/eu\/#\/schema\/person\/d45e1d2da47784535d1ce5b89bc177a6","name":"Deutsche Schule","image":{"@type":"ImageObject","inLanguage":"eu-ES","@id":"https:\/\/secure.gravatar.com\/avatar\/?s=96&d=mm&r=g","url":"https:\/\/secure.gravatar.com\/avatar\/?s=96&d=mm&r=g","contentUrl":"https:\/\/secure.gravatar.com\/avatar\/?s=96&d=mm&r=g","caption":"Deutsche Schule"}}]}},"_links":{"self":[{"href":"https:\/\/colegioaleman.net\/eu\/wp-json\/wp\/v2\/posts\/54029","targetHints":{"allow":["GET"]}}],"collection":[{"href":"https:\/\/colegioaleman.net\/eu\/wp-json\/wp\/v2\/posts"}],"about":[{"href":"https:\/\/colegioaleman.net\/eu\/wp-json\/wp\/v2\/types\/post"}],"author":[{"embeddable":true,"href":"https:\/\/colegioaleman.net\/eu\/wp-json\/wp\/v2\/users\/4"}],"replies":[{"embeddable":true,"href":"https:\/\/colegioaleman.net\/eu\/wp-json\/wp\/v2\/comments?post=54029"}],"version-history":[{"count":0,"href":"https:\/\/colegioaleman.net\/eu\/wp-json\/wp\/v2\/posts\/54029\/revisions"}],"wp:featuredmedia":[{"embeddable":true,"href":"https:\/\/colegioaleman.net\/eu\/wp-json\/wp\/v2\/media\/62033"}],"wp:attachment":[{"href":"https:\/\/colegioaleman.net\/eu\/wp-json\/wp\/v2\/media?parent=54029"}],"wp:term":[{"taxonomy":"category","embeddable":true,"href":"https:\/\/colegioaleman.net\/eu\/wp-json\/wp\/v2\/categories?post=54029"},{"taxonomy":"post_tag","embeddable":true,"href":"https:\/\/colegioaleman.net\/eu\/wp-json\/wp\/v2\/tags?post=54029"}],"curies":[{"name":"wp","href":"https:\/\/api.w.org\/{rel}","templated":true}]}}