{"id":56837,"date":"2023-03-10T15:30:50","date_gmt":"2023-03-10T14:30:50","guid":{"rendered":"https:\/\/colegioaleman.net\/?p=56837"},"modified":"2024-02-22T16:22:59","modified_gmt":"2024-02-22T15:22:59","slug":"jugend-forscht-2023","status":"publish","type":"post","link":"https:\/\/colegioaleman.net\/eu\/jugend-forscht-2023\/","title":{"rendered":"Jugend forscht 2023"},"content":{"rendered":"<p>\u00a1Todo un \u00e9xito de Deutsche Schule San Sebasti\u00e1n en el concurso cient\u00edfico Jugend forscht 2023!<\/p>\n<p>Se ha celebrado en Lisboa este pasado mes de Marzo.<\/p>\n<p>El alumando participante de 1\u00baBTO Pablo L\u00e1zaro, Federico Fleischmann y Katia Plasencia gan\u00f3 el primer premio con su submarino atrapapl\u00e1sticos y obtienen adem\u00e1s un premio especial a la Tecnolog\u00eda Medioambiental.<\/p>\n<p>Por otro lado, el alumnado de 4\u00ba ESO tambi\u00e9n participa de manera sobresaliente con su estudio sobre el sue\u00f1o y la adolescencia y consiguieron un tercer premio en Biolog\u00eda. Telmo Santos y Maite Vollmer cuestionan en su proyecto si el alumnado que duerme m\u00e1s tiene mejor resultado.<\/p>\n<p>As\u00ed pues, pasamos a la siguiente fase que tendr\u00e1 lugar en Bochum, Alemania a finales de marzo, el alumnado de bachillerato seguir\u00e1 trabajando en el grandioso proyecto medioambiental del submarino, para mejorarlo aun m\u00e1s.<\/p>\n<p>Muchas felicidades a todos y todas por el gran esfuerzo y el gran trabajo realizado!<\/p>\n\n\n<figure class=\"wp-block-gallery has-nested-images columns-default is-cropped wp-block-gallery-1 is-layout-flex wp-block-gallery-is-layout-flex\">\n<figure class=\"wp-block-image size-large\"><img fetchpriority=\"high\" decoding=\"async\" width=\"1024\" height=\"768\" data-id=\"61625\" src=\"https:\/\/colegioaleman.net\/wp-content\/uploads\/2024\/02\/ds-Jugend-forscht-2-1024x768.jpg\" alt=\"\" class=\"wp-image-61625\" srcset=\"https:\/\/colegioaleman.net\/wp-content\/uploads\/2024\/02\/ds-Jugend-forscht-2-1024x768.jpg 1024w, https:\/\/colegioaleman.net\/wp-content\/uploads\/2024\/02\/ds-Jugend-forscht-2-300x225.jpg 300w, https:\/\/colegioaleman.net\/wp-content\/uploads\/2024\/02\/ds-Jugend-forscht-2-768x576.jpg 768w, https:\/\/colegioaleman.net\/wp-content\/uploads\/2024\/02\/ds-Jugend-forscht-2.jpg 1222w\" sizes=\"(max-width: 1024px) 100vw, 1024px\" \/><\/figure>\n\n\n\n<figure class=\"wp-block-image size-large\"><img decoding=\"async\" width=\"1024\" height=\"768\" data-id=\"61618\" src=\"https:\/\/colegioaleman.net\/wp-content\/uploads\/2024\/02\/ds-Jugend-forscht-3-1024x768.jpg\" alt=\"\" class=\"wp-image-61618\" srcset=\"https:\/\/colegioaleman.net\/wp-content\/uploads\/2024\/02\/ds-Jugend-forscht-3-1024x768.jpg 1024w, https:\/\/colegioaleman.net\/wp-content\/uploads\/2024\/02\/ds-Jugend-forscht-3-300x225.jpg 300w, https:\/\/colegioaleman.net\/wp-content\/uploads\/2024\/02\/ds-Jugend-forscht-3-768x576.jpg 768w, https:\/\/colegioaleman.net\/wp-content\/uploads\/2024\/02\/ds-Jugend-forscht-3.jpg 1284w\" sizes=\"(max-width: 1024px) 100vw, 1024px\" \/><\/figure>\n\n\n\n<figure class=\"wp-block-image size-large\"><img decoding=\"async\" width=\"1024\" height=\"768\" data-id=\"61620\" src=\"https:\/\/colegioaleman.net\/wp-content\/uploads\/2024\/02\/ds-Jugend-forscht-4-1024x768.jpg\" alt=\"\" class=\"wp-image-61620\" srcset=\"https:\/\/colegioaleman.net\/wp-content\/uploads\/2024\/02\/ds-Jugend-forscht-4-1024x768.jpg 1024w, https:\/\/colegioaleman.net\/wp-content\/uploads\/2024\/02\/ds-Jugend-forscht-4-300x225.jpg 300w, https:\/\/colegioaleman.net\/wp-content\/uploads\/2024\/02\/ds-Jugend-forscht-4-768x576.jpg 768w, https:\/\/colegioaleman.net\/wp-content\/uploads\/2024\/02\/ds-Jugend-forscht-4.jpg 1284w\" sizes=\"(max-width: 1024px) 100vw, 1024px\" \/><\/figure>\n\n\n\n<figure class=\"wp-block-image size-large\"><img loading=\"lazy\" decoding=\"async\" width=\"1024\" height=\"768\" data-id=\"61629\" src=\"https:\/\/colegioaleman.net\/wp-content\/uploads\/2024\/02\/ds-Jugend-forscht-5-1024x768.jpg\" alt=\"\" class=\"wp-image-61629\" srcset=\"https:\/\/colegioaleman.net\/wp-content\/uploads\/2024\/02\/ds-Jugend-forscht-5-1024x768.jpg 1024w, https:\/\/colegioaleman.net\/wp-content\/uploads\/2024\/02\/ds-Jugend-forscht-5-300x225.jpg 300w, https:\/\/colegioaleman.net\/wp-content\/uploads\/2024\/02\/ds-Jugend-forscht-5-768x576.jpg 768w, https:\/\/colegioaleman.net\/wp-content\/uploads\/2024\/02\/ds-Jugend-forscht-5.jpg 1284w\" sizes=\"(max-width: 1024px) 100vw, 1024px\" \/><\/figure>\n\n\n\n<figure class=\"wp-block-image size-full\"><img loading=\"lazy\" decoding=\"async\" width=\"382\" height=\"286\" data-id=\"61621\" src=\"https:\/\/colegioaleman.net\/wp-content\/uploads\/2024\/02\/ds-Jugend-forscht-6.jpg\" alt=\"\" class=\"wp-image-61621\" srcset=\"https:\/\/colegioaleman.net\/wp-content\/uploads\/2024\/02\/ds-Jugend-forscht-6.jpg 382w, https:\/\/colegioaleman.net\/wp-content\/uploads\/2024\/02\/ds-Jugend-forscht-6-300x225.jpg 300w\" sizes=\"(max-width: 382px) 100vw, 382px\" \/><\/figure>\n\n\n\n<figure class=\"wp-block-image size-large\"><img loading=\"lazy\" decoding=\"async\" width=\"1024\" height=\"768\" data-id=\"61628\" src=\"https:\/\/colegioaleman.net\/wp-content\/uploads\/2024\/02\/ds-Jugend-forscht-7-1024x768.jpg\" alt=\"\" class=\"wp-image-61628\" srcset=\"https:\/\/colegioaleman.net\/wp-content\/uploads\/2024\/02\/ds-Jugend-forscht-7-1024x768.jpg 1024w, https:\/\/colegioaleman.net\/wp-content\/uploads\/2024\/02\/ds-Jugend-forscht-7-300x225.jpg 300w, https:\/\/colegioaleman.net\/wp-content\/uploads\/2024\/02\/ds-Jugend-forscht-7-768x576.jpg 768w, https:\/\/colegioaleman.net\/wp-content\/uploads\/2024\/02\/ds-Jugend-forscht-7.jpg 1284w\" sizes=\"(max-width: 1024px) 100vw, 1024px\" \/><\/figure>\n<\/figure>\n","protected":false},"excerpt":{"rendered":"<p>\u00a1Todo un \u00e9xito de Deutsche Schule San Sebasti\u00e1n en el concurso cient\u00edfico Jugend forscht 2023! Se ha celebrado en Lisboa este pasado mes de Marzo. El alumando participante de 1\u00baBTO Pablo L\u00e1zaro, Federico Fleischmann y Katia Plasencia gan\u00f3 el primer premio con su submarino atrapapl\u00e1sticos y obtienen adem\u00e1s un premio especial a la Tecnolog\u00eda Medioambiental. [&hellip;]<\/p>\n","protected":false},"author":4,"featured_media":61620,"comment_status":"closed","ping_status":"closed","sticky":false,"template":"","format":"standard","meta":{"site-sidebar-layout":"default","site-content-layout":"","ast-site-content-layout":"default","site-content-style":"default","site-sidebar-style":"default","ast-global-header-display":"","ast-banner-title-visibility":"","ast-main-header-display":"","ast-hfb-above-header-display":"","ast-hfb-below-header-display":"","ast-hfb-mobile-header-display":"","site-post-title":"","ast-breadcrumbs-content":"","ast-featured-img":"","footer-sml-layout":"","ast-disable-related-posts":"","theme-transparent-header-meta":"","adv-header-id-meta":"","stick-header-meta":"","header-above-stick-meta":"","header-main-stick-meta":"","header-below-stick-meta":"","astra-migrate-meta-layouts":"set","ast-page-background-enabled":"default","ast-page-background-meta":{"desktop":{"background-color":"var(--ast-global-color-4)","background-image":"","background-repeat":"repeat","background-position":"center center","background-size":"auto","background-attachment":"scroll","background-type":"","background-media":"","overlay-type":"","overlay-color":"","overlay-opacity":"","overlay-gradient":""},"tablet":{"background-color":"","background-image":"","background-repeat":"repeat","background-position":"center center","background-size":"auto","background-attachment":"scroll","background-type":"","background-media":"","overlay-type":"","overlay-color":"","overlay-opacity":"","overlay-gradient":""},"mobile":{"background-color":"","background-image":"","background-repeat":"repeat","background-position":"center center","background-size":"auto","background-attachment":"scroll","background-type":"","background-media":"","overlay-type":"","overlay-color":"","overlay-opacity":"","overlay-gradient":""}},"ast-content-background-meta":{"desktop":{"background-color":"var(--ast-global-color-5)","background-image":"","background-repeat":"repeat","background-position":"center center","background-size":"auto","background-attachment":"scroll","background-type":"","background-media":"","overlay-type":"","overlay-color":"","overlay-opacity":"","overlay-gradient":""},"tablet":{"background-color":"var(--ast-global-color-5)","background-image":"","background-repeat":"repeat","background-position":"center center","background-size":"auto","background-attachment":"scroll","background-type":"","background-media":"","overlay-type":"","overlay-color":"","overlay-opacity":"","overlay-gradient":""},"mobile":{"background-color":"var(--ast-global-color-5)","background-image":"","background-repeat":"repeat","background-position":"center center","background-size":"auto","background-attachment":"scroll","background-type":"","background-media":"","overlay-type":"","overlay-color":"","overlay-opacity":"","overlay-gradient":""}},"footnotes":""},"categories":[88],"tags":[],"class_list":["post-56837","post","type-post","status-publish","format-standard","has-post-thumbnail","hentry","category-eventos"],"yoast_head":"<!-- This site is optimized with the Yoast SEO plugin v27.4 - https:\/\/yoast.com\/product\/yoast-seo-wordpress\/ -->\n<title>Jugend forscht 2023<\/title>\n<meta name=\"robots\" content=\"index, follow, max-snippet:-1, max-image-preview:large, max-video-preview:-1\" \/>\n<link rel=\"canonical\" href=\"https:\/\/colegioaleman.net\/eu\/jugend-forscht-2023\/\" \/>\n<meta property=\"og:locale\" content=\"eu_ES\" \/>\n<meta property=\"og:type\" content=\"article\" \/>\n<meta property=\"og:title\" content=\"Jugend forscht 2023\" \/>\n<meta property=\"og:description\" content=\"\u00a1Todo un \u00e9xito de Deutsche Schule San Sebasti\u00e1n en el concurso cient\u00edfico Jugend forscht 2023! Se ha celebrado en Lisboa este pasado mes de Marzo. El alumando participante de 1\u00baBTO Pablo L\u00e1zaro, Federico Fleischmann y Katia Plasencia gan\u00f3 el primer premio con su submarino atrapapl\u00e1sticos y obtienen adem\u00e1s un premio especial a la Tecnolog\u00eda Medioambiental. [&hellip;]\" \/>\n<meta property=\"og:url\" content=\"https:\/\/colegioaleman.net\/eu\/jugend-forscht-2023\/\" \/>\n<meta property=\"og:site_name\" content=\"Deutsche Schule San Sebasti&aacute;n\" \/>\n<meta property=\"article:published_time\" content=\"2023-03-10T14:30:50+00:00\" \/>\n<meta property=\"article:modified_time\" content=\"2024-02-22T15:22:59+00:00\" \/>\n<meta property=\"og:image\" content=\"https:\/\/colegioaleman.net\/wp-content\/uploads\/2024\/02\/ds-Jugend-forscht-4.jpg\" \/>\n\t<meta property=\"og:image:width\" content=\"1284\" \/>\n\t<meta property=\"og:image:height\" content=\"963\" \/>\n\t<meta property=\"og:image:type\" content=\"image\/jpeg\" \/>\n<meta name=\"author\" content=\"Deutsche Schule\" \/>\n<meta name=\"twitter:card\" content=\"summary_large_image\" \/>\n<meta name=\"twitter:label1\" content=\"Written by\" \/>\n\t<meta name=\"twitter:data1\" content=\"Deutsche Schule\" \/>\n\t<meta name=\"twitter:label2\" content=\"Est. reading time\" \/>\n\t<meta name=\"twitter:data2\" content=\"2 minutes\" \/>\n<script type=\"application\/ld+json\" class=\"yoast-schema-graph\">{\"@context\":\"https:\\\/\\\/schema.org\",\"@graph\":[{\"@type\":\"NewsArticle\",\"@id\":\"https:\\\/\\\/colegioaleman.net\\\/eu\\\/jugend-forscht-2023\\\/#article\",\"isPartOf\":{\"@id\":\"https:\\\/\\\/colegioaleman.net\\\/eu\\\/jugend-forscht-2023\\\/\"},\"author\":{\"name\":\"Deutsche Schule\",\"@id\":\"https:\\\/\\\/colegioaleman.net\\\/eu\\\/#\\\/schema\\\/person\\\/d45e1d2da47784535d1ce5b89bc177a6\"},\"headline\":\"Jugend forscht 2023\",\"datePublished\":\"2023-03-10T14:30:50+00:00\",\"dateModified\":\"2024-02-22T15:22:59+00:00\",\"mainEntityOfPage\":{\"@id\":\"https:\\\/\\\/colegioaleman.net\\\/eu\\\/jugend-forscht-2023\\\/\"},\"wordCount\":162,\"image\":{\"@id\":\"https:\\\/\\\/colegioaleman.net\\\/eu\\\/jugend-forscht-2023\\\/#primaryimage\"},\"thumbnailUrl\":\"https:\\\/\\\/colegioaleman.net\\\/wp-content\\\/uploads\\\/2024\\\/02\\\/ds-Jugend-forscht-4.jpg\",\"articleSection\":[\"Eventos\"],\"inLanguage\":\"eu-ES\"},{\"@type\":[\"WebPage\",\"ItemPage\"],\"@id\":\"https:\\\/\\\/colegioaleman.net\\\/eu\\\/jugend-forscht-2023\\\/\",\"url\":\"https:\\\/\\\/colegioaleman.net\\\/eu\\\/jugend-forscht-2023\\\/\",\"name\":\"Jugend forscht 2023\",\"isPartOf\":{\"@id\":\"https:\\\/\\\/colegioaleman.net\\\/eu\\\/#website\"},\"primaryImageOfPage\":{\"@id\":\"https:\\\/\\\/colegioaleman.net\\\/eu\\\/jugend-forscht-2023\\\/#primaryimage\"},\"image\":{\"@id\":\"https:\\\/\\\/colegioaleman.net\\\/eu\\\/jugend-forscht-2023\\\/#primaryimage\"},\"thumbnailUrl\":\"https:\\\/\\\/colegioaleman.net\\\/wp-content\\\/uploads\\\/2024\\\/02\\\/ds-Jugend-forscht-4.jpg\",\"datePublished\":\"2023-03-10T14:30:50+00:00\",\"dateModified\":\"2024-02-22T15:22:59+00:00\",\"author\":{\"@id\":\"https:\\\/\\\/colegioaleman.net\\\/eu\\\/#\\\/schema\\\/person\\\/d45e1d2da47784535d1ce5b89bc177a6\"},\"breadcrumb\":{\"@id\":\"https:\\\/\\\/colegioaleman.net\\\/eu\\\/jugend-forscht-2023\\\/#breadcrumb\"},\"inLanguage\":\"eu-ES\",\"potentialAction\":[{\"@type\":\"ReadAction\",\"target\":[\"https:\\\/\\\/colegioaleman.net\\\/eu\\\/jugend-forscht-2023\\\/\"]}]},{\"@type\":\"ImageObject\",\"inLanguage\":\"eu-ES\",\"@id\":\"https:\\\/\\\/colegioaleman.net\\\/eu\\\/jugend-forscht-2023\\\/#primaryimage\",\"url\":\"https:\\\/\\\/colegioaleman.net\\\/wp-content\\\/uploads\\\/2024\\\/02\\\/ds-Jugend-forscht-4.jpg\",\"contentUrl\":\"https:\\\/\\\/colegioaleman.net\\\/wp-content\\\/uploads\\\/2024\\\/02\\\/ds-Jugend-forscht-4.jpg\",\"width\":1284,\"height\":963},{\"@type\":\"BreadcrumbList\",\"@id\":\"https:\\\/\\\/colegioaleman.net\\\/eu\\\/jugend-forscht-2023\\\/#breadcrumb\",\"itemListElement\":[{\"@type\":\"ListItem\",\"position\":1,\"name\":\"Home\",\"item\":\"https:\\\/\\\/colegioaleman.net\\\/eu\\\/\"},{\"@type\":\"ListItem\",\"position\":2,\"name\":\"Jugend forscht 2023\"}]},{\"@type\":\"WebSite\",\"@id\":\"https:\\\/\\\/colegioaleman.net\\\/eu\\\/#website\",\"url\":\"https:\\\/\\\/colegioaleman.net\\\/eu\\\/\",\"name\":\"Deutsche Schule San Sebasti&aacute;n\",\"description\":\"Colegio Alem&aacute;n San Alberto Magno\",\"potentialAction\":[{\"@type\":\"SearchAction\",\"target\":{\"@type\":\"EntryPoint\",\"urlTemplate\":\"https:\\\/\\\/colegioaleman.net\\\/eu\\\/?s={search_term_string}\"},\"query-input\":{\"@type\":\"PropertyValueSpecification\",\"valueRequired\":true,\"valueName\":\"search_term_string\"}}],\"inLanguage\":\"eu-ES\"},{\"@type\":\"Person\",\"@id\":\"https:\\\/\\\/colegioaleman.net\\\/eu\\\/#\\\/schema\\\/person\\\/d45e1d2da47784535d1ce5b89bc177a6\",\"name\":\"Deutsche Schule\",\"image\":{\"@type\":\"ImageObject\",\"inLanguage\":\"eu-ES\",\"@id\":\"https:\\\/\\\/secure.gravatar.com\\\/avatar\\\/?s=96&d=mm&r=g\",\"url\":\"https:\\\/\\\/secure.gravatar.com\\\/avatar\\\/?s=96&d=mm&r=g\",\"contentUrl\":\"https:\\\/\\\/secure.gravatar.com\\\/avatar\\\/?s=96&d=mm&r=g\",\"caption\":\"Deutsche Schule\"}}]}<\/script>\n<!-- \/ Yoast SEO plugin. -->","yoast_head_json":{"title":"Jugend forscht 2023","robots":{"index":"index","follow":"follow","max-snippet":"max-snippet:-1","max-image-preview":"max-image-preview:large","max-video-preview":"max-video-preview:-1"},"canonical":"https:\/\/colegioaleman.net\/eu\/jugend-forscht-2023\/","og_locale":"eu_ES","og_type":"article","og_title":"Jugend forscht 2023","og_description":"\u00a1Todo un \u00e9xito de Deutsche Schule San Sebasti\u00e1n en el concurso cient\u00edfico Jugend forscht 2023! Se ha celebrado en Lisboa este pasado mes de Marzo. El alumando participante de 1\u00baBTO Pablo L\u00e1zaro, Federico Fleischmann y Katia Plasencia gan\u00f3 el primer premio con su submarino atrapapl\u00e1sticos y obtienen adem\u00e1s un premio especial a la Tecnolog\u00eda Medioambiental. [&hellip;]","og_url":"https:\/\/colegioaleman.net\/eu\/jugend-forscht-2023\/","og_site_name":"Deutsche Schule San Sebasti&aacute;n","article_published_time":"2023-03-10T14:30:50+00:00","article_modified_time":"2024-02-22T15:22:59+00:00","og_image":[{"width":1284,"height":963,"url":"https:\/\/colegioaleman.net\/wp-content\/uploads\/2024\/02\/ds-Jugend-forscht-4.jpg","type":"image\/jpeg"}],"author":"Deutsche Schule","twitter_card":"summary_large_image","twitter_misc":{"Written by":"Deutsche Schule","Est. reading time":"2 minutes"},"schema":{"@context":"https:\/\/schema.org","@graph":[{"@type":"NewsArticle","@id":"https:\/\/colegioaleman.net\/eu\/jugend-forscht-2023\/#article","isPartOf":{"@id":"https:\/\/colegioaleman.net\/eu\/jugend-forscht-2023\/"},"author":{"name":"Deutsche Schule","@id":"https:\/\/colegioaleman.net\/eu\/#\/schema\/person\/d45e1d2da47784535d1ce5b89bc177a6"},"headline":"Jugend forscht 2023","datePublished":"2023-03-10T14:30:50+00:00","dateModified":"2024-02-22T15:22:59+00:00","mainEntityOfPage":{"@id":"https:\/\/colegioaleman.net\/eu\/jugend-forscht-2023\/"},"wordCount":162,"image":{"@id":"https:\/\/colegioaleman.net\/eu\/jugend-forscht-2023\/#primaryimage"},"thumbnailUrl":"https:\/\/colegioaleman.net\/wp-content\/uploads\/2024\/02\/ds-Jugend-forscht-4.jpg","articleSection":["Eventos"],"inLanguage":"eu-ES"},{"@type":["WebPage","ItemPage"],"@id":"https:\/\/colegioaleman.net\/eu\/jugend-forscht-2023\/","url":"https:\/\/colegioaleman.net\/eu\/jugend-forscht-2023\/","name":"Jugend forscht 2023","isPartOf":{"@id":"https:\/\/colegioaleman.net\/eu\/#website"},"primaryImageOfPage":{"@id":"https:\/\/colegioaleman.net\/eu\/jugend-forscht-2023\/#primaryimage"},"image":{"@id":"https:\/\/colegioaleman.net\/eu\/jugend-forscht-2023\/#primaryimage"},"thumbnailUrl":"https:\/\/colegioaleman.net\/wp-content\/uploads\/2024\/02\/ds-Jugend-forscht-4.jpg","datePublished":"2023-03-10T14:30:50+00:00","dateModified":"2024-02-22T15:22:59+00:00","author":{"@id":"https:\/\/colegioaleman.net\/eu\/#\/schema\/person\/d45e1d2da47784535d1ce5b89bc177a6"},"breadcrumb":{"@id":"https:\/\/colegioaleman.net\/eu\/jugend-forscht-2023\/#breadcrumb"},"inLanguage":"eu-ES","potentialAction":[{"@type":"ReadAction","target":["https:\/\/colegioaleman.net\/eu\/jugend-forscht-2023\/"]}]},{"@type":"ImageObject","inLanguage":"eu-ES","@id":"https:\/\/colegioaleman.net\/eu\/jugend-forscht-2023\/#primaryimage","url":"https:\/\/colegioaleman.net\/wp-content\/uploads\/2024\/02\/ds-Jugend-forscht-4.jpg","contentUrl":"https:\/\/colegioaleman.net\/wp-content\/uploads\/2024\/02\/ds-Jugend-forscht-4.jpg","width":1284,"height":963},{"@type":"BreadcrumbList","@id":"https:\/\/colegioaleman.net\/eu\/jugend-forscht-2023\/#breadcrumb","itemListElement":[{"@type":"ListItem","position":1,"name":"Home","item":"https:\/\/colegioaleman.net\/eu\/"},{"@type":"ListItem","position":2,"name":"Jugend forscht 2023"}]},{"@type":"WebSite","@id":"https:\/\/colegioaleman.net\/eu\/#website","url":"https:\/\/colegioaleman.net\/eu\/","name":"Deutsche Schule San Sebasti&aacute;n","description":"Colegio Alem&aacute;n San Alberto Magno","potentialAction":[{"@type":"SearchAction","target":{"@type":"EntryPoint","urlTemplate":"https:\/\/colegioaleman.net\/eu\/?s={search_term_string}"},"query-input":{"@type":"PropertyValueSpecification","valueRequired":true,"valueName":"search_term_string"}}],"inLanguage":"eu-ES"},{"@type":"Person","@id":"https:\/\/colegioaleman.net\/eu\/#\/schema\/person\/d45e1d2da47784535d1ce5b89bc177a6","name":"Deutsche Schule","image":{"@type":"ImageObject","inLanguage":"eu-ES","@id":"https:\/\/secure.gravatar.com\/avatar\/?s=96&d=mm&r=g","url":"https:\/\/secure.gravatar.com\/avatar\/?s=96&d=mm&r=g","contentUrl":"https:\/\/secure.gravatar.com\/avatar\/?s=96&d=mm&r=g","caption":"Deutsche Schule"}}]}},"_links":{"self":[{"href":"https:\/\/colegioaleman.net\/eu\/wp-json\/wp\/v2\/posts\/56837","targetHints":{"allow":["GET"]}}],"collection":[{"href":"https:\/\/colegioaleman.net\/eu\/wp-json\/wp\/v2\/posts"}],"about":[{"href":"https:\/\/colegioaleman.net\/eu\/wp-json\/wp\/v2\/types\/post"}],"author":[{"embeddable":true,"href":"https:\/\/colegioaleman.net\/eu\/wp-json\/wp\/v2\/users\/4"}],"replies":[{"embeddable":true,"href":"https:\/\/colegioaleman.net\/eu\/wp-json\/wp\/v2\/comments?post=56837"}],"version-history":[{"count":0,"href":"https:\/\/colegioaleman.net\/eu\/wp-json\/wp\/v2\/posts\/56837\/revisions"}],"wp:featuredmedia":[{"embeddable":true,"href":"https:\/\/colegioaleman.net\/eu\/wp-json\/wp\/v2\/media\/61620"}],"wp:attachment":[{"href":"https:\/\/colegioaleman.net\/eu\/wp-json\/wp\/v2\/media?parent=56837"}],"wp:term":[{"taxonomy":"category","embeddable":true,"href":"https:\/\/colegioaleman.net\/eu\/wp-json\/wp\/v2\/categories?post=56837"},{"taxonomy":"post_tag","embeddable":true,"href":"https:\/\/colegioaleman.net\/eu\/wp-json\/wp\/v2\/tags?post=56837"}],"curies":[{"name":"wp","href":"https:\/\/api.w.org\/{rel}","templated":true}]}}