{"id":63472,"date":"2024-03-08T12:52:40","date_gmt":"2024-03-08T11:52:40","guid":{"rendered":"https:\/\/colegioaleman.net\/?p=59902"},"modified":"2024-04-15T08:36:51","modified_gmt":"2024-04-15T06:36:51","slug":"impulso-profesional-eventos-exitosos-para-nuestras-estrellas-del-futuro","status":"publish","type":"post","link":"https:\/\/colegioaleman.net\/eu\/impulso-profesional-eventos-exitosos-para-nuestras-estrellas-del-futuro\/","title":{"rendered":"Impulso Profesional: \u00a1Eventos Exitosos para Nuestras Estrellas del Futuro!&#8221;"},"content":{"rendered":"<p>Del 5 al 8 de marzo de 2024 se llevaron a cabo en nuestro Colegio Alem\u00e1n eventos informativos sobre el futuro acad\u00e9mico y profesional de nuestro alumnado.<\/p>\n<p>Frau S. Tornikidou, asesora de Servicios Internacionales ZAV de la Agencia Federal de Empleo de la Rep\u00fablica Federal de Alemania, anim\u00f3 en dos conferencias al alumnado interesado de 1\u00ba y 2\u00ba Bachillerato a reflexionar sobre sus pr\u00f3ximos a\u00f1os y metas a medio plazo.<\/p>\n<p>Adem\u00e1s, veinticinco alumnos y alumnas de 4\u00ba ESO, 1\u00ba y 2\u00ba BTO mantuvieron entrevistas individuales con ella sobre su futuro profesional. En estas conversaciones individuales de aproximadamente 50 minutos, se pudieron aclarar las ideas sobre las universidades alemanas y otras alternativas menos conocidas. Se profundiz\u00f3 en la comprensi\u00f3n del sistema universitario alem\u00e1n, y ahora est\u00e1 claro qu\u00e9 criterios considerar al elegir una universidad. Tambi\u00e9n se discuti\u00f3 intensamente sobre las carreras m\u00e1s demandadas en Alemania y las ventajas del pa\u00eds como lugar de trabajo. La experiencia adquirida result\u00f3 extremadamente \u00fatil y especialmente personal, ya que se centr\u00f3 en intereses y dudas individuales.<\/p>\n<p>Tanto las conversaciones grupales como las individuales contribuyeron significativamente a la toma de decisiones. \u00a1Esperamos que el pr\u00f3ximo a\u00f1o sea igualmente exitoso e interesante para nuestro alumnado, y que aprovechen la oportunidad de obtener experiencias \u00fanicas en Alemania!<\/p>\n<div id='gallery-1' class='gallery galleryid-63472 gallery-columns-3 gallery-size-medium'><figure class='gallery-item'>\n\t\t\t<div class='gallery-icon landscape'>\n\t\t\t\t<img fetchpriority=\"high\" decoding=\"async\" width=\"300\" height=\"300\" src=\"https:\/\/colegioaleman.net\/wp-content\/uploads\/2024\/03\/1-3-300x300.jpg\" class=\"attachment-medium size-medium\" alt=\"\" aria-describedby=\"gallery-1-63767\" srcset=\"https:\/\/colegioaleman.net\/wp-content\/uploads\/2024\/03\/1-3-300x300.jpg 300w, https:\/\/colegioaleman.net\/wp-content\/uploads\/2024\/03\/1-3-1024x1024.jpg 1024w, https:\/\/colegioaleman.net\/wp-content\/uploads\/2024\/03\/1-3-150x150.jpg 150w, https:\/\/colegioaleman.net\/wp-content\/uploads\/2024\/03\/1-3-768x768.jpg 768w, https:\/\/colegioaleman.net\/wp-content\/uploads\/2024\/03\/1-3-700x700.jpg 700w, https:\/\/colegioaleman.net\/wp-content\/uploads\/2024\/03\/1-3.jpg 1080w\" sizes=\"(max-width: 300px) 100vw, 300px\" \/>\n\t\t\t<\/div>\n\t\t\t\t<figcaption class='wp-caption-text gallery-caption' id='gallery-1-63767'>\n\t\t\t\txr:d:DAF-6cqeMm4:5,j:3794703709719652611,t:24030811\n\t\t\t\t<\/figcaption><\/figure><figure class='gallery-item'>\n\t\t\t<div class='gallery-icon landscape'>\n\t\t\t\t<img decoding=\"async\" width=\"300\" height=\"300\" src=\"https:\/\/colegioaleman.net\/wp-content\/uploads\/2024\/03\/2-3-300x300.jpg\" class=\"attachment-medium size-medium\" alt=\"\" aria-describedby=\"gallery-1-63770\" srcset=\"https:\/\/colegioaleman.net\/wp-content\/uploads\/2024\/03\/2-3-300x300.jpg 300w, https:\/\/colegioaleman.net\/wp-content\/uploads\/2024\/03\/2-3-1024x1024.jpg 1024w, https:\/\/colegioaleman.net\/wp-content\/uploads\/2024\/03\/2-3-150x150.jpg 150w, https:\/\/colegioaleman.net\/wp-content\/uploads\/2024\/03\/2-3-768x768.jpg 768w, https:\/\/colegioaleman.net\/wp-content\/uploads\/2024\/03\/2-3-700x700.jpg 700w, https:\/\/colegioaleman.net\/wp-content\/uploads\/2024\/03\/2-3.jpg 1080w\" sizes=\"(max-width: 300px) 100vw, 300px\" \/>\n\t\t\t<\/div>\n\t\t\t\t<figcaption class='wp-caption-text gallery-caption' id='gallery-1-63770'>\n\t\t\t\txr:d:DAF-6cqeMm4:5,j:3794703709719652611,t:24030811\n\t\t\t\t<\/figcaption><\/figure><figure class='gallery-item'>\n\t\t\t<div class='gallery-icon landscape'>\n\t\t\t\t<img decoding=\"async\" width=\"300\" height=\"300\" src=\"https:\/\/colegioaleman.net\/wp-content\/uploads\/2024\/03\/3-3-300x300.jpg\" class=\"attachment-medium size-medium\" alt=\"\" aria-describedby=\"gallery-1-63773\" srcset=\"https:\/\/colegioaleman.net\/wp-content\/uploads\/2024\/03\/3-3-300x300.jpg 300w, https:\/\/colegioaleman.net\/wp-content\/uploads\/2024\/03\/3-3-1024x1024.jpg 1024w, https:\/\/colegioaleman.net\/wp-content\/uploads\/2024\/03\/3-3-150x150.jpg 150w, https:\/\/colegioaleman.net\/wp-content\/uploads\/2024\/03\/3-3-768x768.jpg 768w, https:\/\/colegioaleman.net\/wp-content\/uploads\/2024\/03\/3-3-700x700.jpg 700w, https:\/\/colegioaleman.net\/wp-content\/uploads\/2024\/03\/3-3.jpg 1080w\" sizes=\"(max-width: 300px) 100vw, 300px\" \/>\n\t\t\t<\/div>\n\t\t\t\t<figcaption class='wp-caption-text gallery-caption' id='gallery-1-63773'>\n\t\t\t\txr:d:DAF-6cqeMm4:5,j:3794703709719652611,t:24030811\n\t\t\t\t<\/figcaption><\/figure><figure class='gallery-item'>\n\t\t\t<div class='gallery-icon landscape'>\n\t\t\t\t<img loading=\"lazy\" decoding=\"async\" width=\"300\" height=\"300\" src=\"https:\/\/colegioaleman.net\/wp-content\/uploads\/2024\/03\/4-3-300x300.jpg\" class=\"attachment-medium size-medium\" alt=\"\" aria-describedby=\"gallery-1-63777\" srcset=\"https:\/\/colegioaleman.net\/wp-content\/uploads\/2024\/03\/4-3-300x300.jpg 300w, https:\/\/colegioaleman.net\/wp-content\/uploads\/2024\/03\/4-3-1024x1024.jpg 1024w, https:\/\/colegioaleman.net\/wp-content\/uploads\/2024\/03\/4-3-150x150.jpg 150w, https:\/\/colegioaleman.net\/wp-content\/uploads\/2024\/03\/4-3-768x768.jpg 768w, https:\/\/colegioaleman.net\/wp-content\/uploads\/2024\/03\/4-3-700x700.jpg 700w, https:\/\/colegioaleman.net\/wp-content\/uploads\/2024\/03\/4-3.jpg 1080w\" sizes=\"(max-width: 300px) 100vw, 300px\" \/>\n\t\t\t<\/div>\n\t\t\t\t<figcaption class='wp-caption-text gallery-caption' id='gallery-1-63777'>\n\t\t\t\txr:d:DAF-6cqeMm4:5,j:3794703709719652611,t:24030811\n\t\t\t\t<\/figcaption><\/figure><figure class='gallery-item'>\n\t\t\t<div class='gallery-icon landscape'>\n\t\t\t\t<img loading=\"lazy\" decoding=\"async\" width=\"300\" height=\"300\" src=\"https:\/\/colegioaleman.net\/wp-content\/uploads\/2024\/03\/5-3-300x300.jpg\" class=\"attachment-medium size-medium\" alt=\"\" aria-describedby=\"gallery-1-63780\" srcset=\"https:\/\/colegioaleman.net\/wp-content\/uploads\/2024\/03\/5-3-300x300.jpg 300w, https:\/\/colegioaleman.net\/wp-content\/uploads\/2024\/03\/5-3-1024x1024.jpg 1024w, https:\/\/colegioaleman.net\/wp-content\/uploads\/2024\/03\/5-3-150x150.jpg 150w, https:\/\/colegioaleman.net\/wp-content\/uploads\/2024\/03\/5-3-768x768.jpg 768w, https:\/\/colegioaleman.net\/wp-content\/uploads\/2024\/03\/5-3-700x700.jpg 700w, https:\/\/colegioaleman.net\/wp-content\/uploads\/2024\/03\/5-3.jpg 1080w\" sizes=\"(max-width: 300px) 100vw, 300px\" \/>\n\t\t\t<\/div>\n\t\t\t\t<figcaption class='wp-caption-text gallery-caption' id='gallery-1-63780'>\n\t\t\t\txr:d:DAF-6cqeMm4:5,j:3794703709719652611,t:24030811\n\t\t\t\t<\/figcaption><\/figure>\n\t\t<\/div>\n\n\n\n<p><\/p>\n","protected":false},"excerpt":{"rendered":"<p>Del 5 al 8 de marzo de 2024 se llevaron a cabo en nuestro Colegio Alem\u00e1n eventos informativos sobre el futuro acad\u00e9mico y profesional de nuestro alumnado. Frau S. Tornikidou, asesora de Servicios Internacionales ZAV de la Agencia Federal de Empleo de la Rep\u00fablica Federal de Alemania, anim\u00f3 en dos conferencias al alumnado interesado de [&hellip;]<\/p>\n","protected":false},"author":7,"featured_media":63763,"comment_status":"closed","ping_status":"closed","sticky":false,"template":"","format":"standard","meta":{"site-sidebar-layout":"default","site-content-layout":"","ast-site-content-layout":"default","site-content-style":"default","site-sidebar-style":"default","ast-global-header-display":"","ast-banner-title-visibility":"","ast-main-header-display":"","ast-hfb-above-header-display":"","ast-hfb-below-header-display":"","ast-hfb-mobile-header-display":"","site-post-title":"","ast-breadcrumbs-content":"","ast-featured-img":"disabled","footer-sml-layout":"","ast-disable-related-posts":"","theme-transparent-header-meta":"","adv-header-id-meta":"","stick-header-meta":"","header-above-stick-meta":"","header-main-stick-meta":"","header-below-stick-meta":"","astra-migrate-meta-layouts":"set","ast-page-background-enabled":"default","ast-page-background-meta":{"desktop":{"background-color":"var(--ast-global-color-4)","background-image":"","background-repeat":"repeat","background-position":"center center","background-size":"auto","background-attachment":"scroll","background-type":"","background-media":"","overlay-type":"","overlay-color":"","overlay-opacity":"","overlay-gradient":""},"tablet":{"background-color":"","background-image":"","background-repeat":"repeat","background-position":"center center","background-size":"auto","background-attachment":"scroll","background-type":"","background-media":"","overlay-type":"","overlay-color":"","overlay-opacity":"","overlay-gradient":""},"mobile":{"background-color":"","background-image":"","background-repeat":"repeat","background-position":"center center","background-size":"auto","background-attachment":"scroll","background-type":"","background-media":"","overlay-type":"","overlay-color":"","overlay-opacity":"","overlay-gradient":""}},"ast-content-background-meta":{"desktop":{"background-color":"var(--ast-global-color-5)","background-image":"","background-repeat":"repeat","background-position":"center center","background-size":"auto","background-attachment":"scroll","background-type":"","background-media":"","overlay-type":"","overlay-color":"","overlay-opacity":"","overlay-gradient":""},"tablet":{"background-color":"var(--ast-global-color-5)","background-image":"","background-repeat":"repeat","background-position":"center center","background-size":"auto","background-attachment":"scroll","background-type":"","background-media":"","overlay-type":"","overlay-color":"","overlay-opacity":"","overlay-gradient":""},"mobile":{"background-color":"var(--ast-global-color-5)","background-image":"","background-repeat":"repeat","background-position":"center center","background-size":"auto","background-attachment":"scroll","background-type":"","background-media":"","overlay-type":"","overlay-color":"","overlay-opacity":"","overlay-gradient":""}},"footnotes":""},"categories":[74,73],"tags":[],"class_list":["post-63472","post","type-post","status-publish","format-standard","has-post-thumbnail","hentry","category-bachillerato","category-secundaria"],"yoast_head":"<!-- This site is optimized with the Yoast SEO plugin v27.4 - https:\/\/yoast.com\/product\/yoast-seo-wordpress\/ -->\n<title>Impulso Profesional: \u00a1Eventos Exitosos para Nuestras Estrellas del Futuro!&quot;<\/title>\n<meta name=\"robots\" content=\"index, follow, max-snippet:-1, max-image-preview:large, max-video-preview:-1\" \/>\n<link rel=\"canonical\" href=\"https:\/\/colegioaleman.net\/eu\/impulso-profesional-eventos-exitosos-para-nuestras-estrellas-del-futuro\/\" \/>\n<meta property=\"og:locale\" content=\"eu_ES\" \/>\n<meta property=\"og:type\" content=\"article\" \/>\n<meta property=\"og:title\" content=\"Impulso Profesional: \u00a1Eventos Exitosos para Nuestras Estrellas del Futuro!&quot;\" \/>\n<meta property=\"og:description\" content=\"Del 5 al 8 de marzo de 2024 se llevaron a cabo en nuestro Colegio Alem\u00e1n eventos informativos sobre el futuro acad\u00e9mico y profesional de nuestro alumnado. Frau S. Tornikidou, asesora de Servicios Internacionales ZAV de la Agencia Federal de Empleo de la Rep\u00fablica Federal de Alemania, anim\u00f3 en dos conferencias al alumnado interesado de [&hellip;]\" \/>\n<meta property=\"og:url\" content=\"https:\/\/colegioaleman.net\/eu\/impulso-profesional-eventos-exitosos-para-nuestras-estrellas-del-futuro\/\" \/>\n<meta property=\"og:site_name\" content=\"Deutsche Schule San Sebasti&aacute;n\" \/>\n<meta property=\"article:published_time\" content=\"2024-03-08T11:52:40+00:00\" \/>\n<meta property=\"article:modified_time\" content=\"2024-04-15T06:36:51+00:00\" \/>\n<meta property=\"og:image\" content=\"https:\/\/colegioaleman.net\/wp-content\/uploads\/2024\/03\/orientacion-laboral-web.jpg\" \/>\n\t<meta property=\"og:image:width\" content=\"1080\" \/>\n\t<meta property=\"og:image:height\" content=\"810\" \/>\n\t<meta property=\"og:image:type\" content=\"image\/jpeg\" \/>\n<meta name=\"author\" content=\"Comunicaci\u00f3n DS\" \/>\n<meta name=\"twitter:card\" content=\"summary_large_image\" \/>\n<meta name=\"twitter:label1\" content=\"Written by\" \/>\n\t<meta name=\"twitter:data1\" content=\"Comunicaci\u00f3n DS\" \/>\n\t<meta name=\"twitter:label2\" content=\"Est. reading time\" \/>\n\t<meta name=\"twitter:data2\" content=\"2 minutes\" \/>\n<script type=\"application\/ld+json\" class=\"yoast-schema-graph\">{\"@context\":\"https:\\\/\\\/schema.org\",\"@graph\":[{\"@type\":\"NewsArticle\",\"@id\":\"https:\\\/\\\/colegioaleman.net\\\/eu\\\/impulso-profesional-eventos-exitosos-para-nuestras-estrellas-del-futuro\\\/#article\",\"isPartOf\":{\"@id\":\"https:\\\/\\\/colegioaleman.net\\\/eu\\\/impulso-profesional-eventos-exitosos-para-nuestras-estrellas-del-futuro\\\/\"},\"author\":{\"name\":\"Comunicaci\u00f3n DS\",\"@id\":\"https:\\\/\\\/colegioaleman.net\\\/eu\\\/#\\\/schema\\\/person\\\/6bcd7d12143d885834326c35f509a440\"},\"headline\":\"Impulso Profesional: \u00a1Eventos Exitosos para Nuestras Estrellas del Futuro!&#8221;\",\"datePublished\":\"2024-03-08T11:52:40+00:00\",\"dateModified\":\"2024-04-15T06:36:51+00:00\",\"mainEntityOfPage\":{\"@id\":\"https:\\\/\\\/colegioaleman.net\\\/eu\\\/impulso-profesional-eventos-exitosos-para-nuestras-estrellas-del-futuro\\\/\"},\"wordCount\":228,\"image\":{\"@id\":\"https:\\\/\\\/colegioaleman.net\\\/eu\\\/impulso-profesional-eventos-exitosos-para-nuestras-estrellas-del-futuro\\\/#primaryimage\"},\"thumbnailUrl\":\"https:\\\/\\\/colegioaleman.net\\\/wp-content\\\/uploads\\\/2024\\\/03\\\/orientacion-laboral-web.jpg\",\"articleSection\":[\"Bachillerato\",\"Secundaria\"],\"inLanguage\":\"eu-ES\"},{\"@type\":[\"WebPage\",\"ItemPage\"],\"@id\":\"https:\\\/\\\/colegioaleman.net\\\/eu\\\/impulso-profesional-eventos-exitosos-para-nuestras-estrellas-del-futuro\\\/\",\"url\":\"https:\\\/\\\/colegioaleman.net\\\/eu\\\/impulso-profesional-eventos-exitosos-para-nuestras-estrellas-del-futuro\\\/\",\"name\":\"Impulso Profesional: \u00a1Eventos Exitosos para Nuestras Estrellas del Futuro!\\\"\",\"isPartOf\":{\"@id\":\"https:\\\/\\\/colegioaleman.net\\\/eu\\\/#website\"},\"primaryImageOfPage\":{\"@id\":\"https:\\\/\\\/colegioaleman.net\\\/eu\\\/impulso-profesional-eventos-exitosos-para-nuestras-estrellas-del-futuro\\\/#primaryimage\"},\"image\":{\"@id\":\"https:\\\/\\\/colegioaleman.net\\\/eu\\\/impulso-profesional-eventos-exitosos-para-nuestras-estrellas-del-futuro\\\/#primaryimage\"},\"thumbnailUrl\":\"https:\\\/\\\/colegioaleman.net\\\/wp-content\\\/uploads\\\/2024\\\/03\\\/orientacion-laboral-web.jpg\",\"datePublished\":\"2024-03-08T11:52:40+00:00\",\"dateModified\":\"2024-04-15T06:36:51+00:00\",\"author\":{\"@id\":\"https:\\\/\\\/colegioaleman.net\\\/eu\\\/#\\\/schema\\\/person\\\/6bcd7d12143d885834326c35f509a440\"},\"breadcrumb\":{\"@id\":\"https:\\\/\\\/colegioaleman.net\\\/eu\\\/impulso-profesional-eventos-exitosos-para-nuestras-estrellas-del-futuro\\\/#breadcrumb\"},\"inLanguage\":\"eu-ES\",\"potentialAction\":[{\"@type\":\"ReadAction\",\"target\":[\"https:\\\/\\\/colegioaleman.net\\\/eu\\\/impulso-profesional-eventos-exitosos-para-nuestras-estrellas-del-futuro\\\/\"]}]},{\"@type\":\"ImageObject\",\"inLanguage\":\"eu-ES\",\"@id\":\"https:\\\/\\\/colegioaleman.net\\\/eu\\\/impulso-profesional-eventos-exitosos-para-nuestras-estrellas-del-futuro\\\/#primaryimage\",\"url\":\"https:\\\/\\\/colegioaleman.net\\\/wp-content\\\/uploads\\\/2024\\\/03\\\/orientacion-laboral-web.jpg\",\"contentUrl\":\"https:\\\/\\\/colegioaleman.net\\\/wp-content\\\/uploads\\\/2024\\\/03\\\/orientacion-laboral-web.jpg\",\"width\":1080,\"height\":810,\"caption\":\"xr:d:DAF-6wYKl4g:2,j:9043649076648437302,t:24030811\"},{\"@type\":\"BreadcrumbList\",\"@id\":\"https:\\\/\\\/colegioaleman.net\\\/eu\\\/impulso-profesional-eventos-exitosos-para-nuestras-estrellas-del-futuro\\\/#breadcrumb\",\"itemListElement\":[{\"@type\":\"ListItem\",\"position\":1,\"name\":\"Home\",\"item\":\"https:\\\/\\\/colegioaleman.net\\\/eu\\\/\"},{\"@type\":\"ListItem\",\"position\":2,\"name\":\"Impulso Profesional: \u00a1Eventos Exitosos para Nuestras Estrellas del Futuro!\u00bb\"}]},{\"@type\":\"WebSite\",\"@id\":\"https:\\\/\\\/colegioaleman.net\\\/eu\\\/#website\",\"url\":\"https:\\\/\\\/colegioaleman.net\\\/eu\\\/\",\"name\":\"Deutsche Schule San Sebasti&aacute;n\",\"description\":\"Colegio Alem&aacute;n San Alberto Magno\",\"potentialAction\":[{\"@type\":\"SearchAction\",\"target\":{\"@type\":\"EntryPoint\",\"urlTemplate\":\"https:\\\/\\\/colegioaleman.net\\\/eu\\\/?s={search_term_string}\"},\"query-input\":{\"@type\":\"PropertyValueSpecification\",\"valueRequired\":true,\"valueName\":\"search_term_string\"}}],\"inLanguage\":\"eu-ES\"},{\"@type\":\"Person\",\"@id\":\"https:\\\/\\\/colegioaleman.net\\\/eu\\\/#\\\/schema\\\/person\\\/6bcd7d12143d885834326c35f509a440\",\"name\":\"Comunicaci\u00f3n DS\",\"image\":{\"@type\":\"ImageObject\",\"inLanguage\":\"eu-ES\",\"@id\":\"https:\\\/\\\/secure.gravatar.com\\\/avatar\\\/4276d527a7afb9697a8e116a1f4a8676e75dca38469c7643daff85877db5147b?s=96&d=mm&r=g\",\"url\":\"https:\\\/\\\/secure.gravatar.com\\\/avatar\\\/4276d527a7afb9697a8e116a1f4a8676e75dca38469c7643daff85877db5147b?s=96&d=mm&r=g\",\"contentUrl\":\"https:\\\/\\\/secure.gravatar.com\\\/avatar\\\/4276d527a7afb9697a8e116a1f4a8676e75dca38469c7643daff85877db5147b?s=96&d=mm&r=g\",\"caption\":\"Comunicaci\u00f3n DS\"}}]}<\/script>\n<!-- \/ Yoast SEO plugin. -->","yoast_head_json":{"title":"Impulso Profesional: \u00a1Eventos Exitosos para Nuestras Estrellas del Futuro!\"","robots":{"index":"index","follow":"follow","max-snippet":"max-snippet:-1","max-image-preview":"max-image-preview:large","max-video-preview":"max-video-preview:-1"},"canonical":"https:\/\/colegioaleman.net\/eu\/impulso-profesional-eventos-exitosos-para-nuestras-estrellas-del-futuro\/","og_locale":"eu_ES","og_type":"article","og_title":"Impulso Profesional: \u00a1Eventos Exitosos para Nuestras Estrellas del Futuro!\"","og_description":"Del 5 al 8 de marzo de 2024 se llevaron a cabo en nuestro Colegio Alem\u00e1n eventos informativos sobre el futuro acad\u00e9mico y profesional de nuestro alumnado. Frau S. Tornikidou, asesora de Servicios Internacionales ZAV de la Agencia Federal de Empleo de la Rep\u00fablica Federal de Alemania, anim\u00f3 en dos conferencias al alumnado interesado de [&hellip;]","og_url":"https:\/\/colegioaleman.net\/eu\/impulso-profesional-eventos-exitosos-para-nuestras-estrellas-del-futuro\/","og_site_name":"Deutsche Schule San Sebasti&aacute;n","article_published_time":"2024-03-08T11:52:40+00:00","article_modified_time":"2024-04-15T06:36:51+00:00","og_image":[{"width":1080,"height":810,"url":"https:\/\/colegioaleman.net\/wp-content\/uploads\/2024\/03\/orientacion-laboral-web.jpg","type":"image\/jpeg"}],"author":"Comunicaci\u00f3n DS","twitter_card":"summary_large_image","twitter_misc":{"Written by":"Comunicaci\u00f3n DS","Est. reading time":"2 minutes"},"schema":{"@context":"https:\/\/schema.org","@graph":[{"@type":"NewsArticle","@id":"https:\/\/colegioaleman.net\/eu\/impulso-profesional-eventos-exitosos-para-nuestras-estrellas-del-futuro\/#article","isPartOf":{"@id":"https:\/\/colegioaleman.net\/eu\/impulso-profesional-eventos-exitosos-para-nuestras-estrellas-del-futuro\/"},"author":{"name":"Comunicaci\u00f3n DS","@id":"https:\/\/colegioaleman.net\/eu\/#\/schema\/person\/6bcd7d12143d885834326c35f509a440"},"headline":"Impulso Profesional: \u00a1Eventos Exitosos para Nuestras Estrellas del Futuro!&#8221;","datePublished":"2024-03-08T11:52:40+00:00","dateModified":"2024-04-15T06:36:51+00:00","mainEntityOfPage":{"@id":"https:\/\/colegioaleman.net\/eu\/impulso-profesional-eventos-exitosos-para-nuestras-estrellas-del-futuro\/"},"wordCount":228,"image":{"@id":"https:\/\/colegioaleman.net\/eu\/impulso-profesional-eventos-exitosos-para-nuestras-estrellas-del-futuro\/#primaryimage"},"thumbnailUrl":"https:\/\/colegioaleman.net\/wp-content\/uploads\/2024\/03\/orientacion-laboral-web.jpg","articleSection":["Bachillerato","Secundaria"],"inLanguage":"eu-ES"},{"@type":["WebPage","ItemPage"],"@id":"https:\/\/colegioaleman.net\/eu\/impulso-profesional-eventos-exitosos-para-nuestras-estrellas-del-futuro\/","url":"https:\/\/colegioaleman.net\/eu\/impulso-profesional-eventos-exitosos-para-nuestras-estrellas-del-futuro\/","name":"Impulso Profesional: \u00a1Eventos Exitosos para Nuestras Estrellas del Futuro!\"","isPartOf":{"@id":"https:\/\/colegioaleman.net\/eu\/#website"},"primaryImageOfPage":{"@id":"https:\/\/colegioaleman.net\/eu\/impulso-profesional-eventos-exitosos-para-nuestras-estrellas-del-futuro\/#primaryimage"},"image":{"@id":"https:\/\/colegioaleman.net\/eu\/impulso-profesional-eventos-exitosos-para-nuestras-estrellas-del-futuro\/#primaryimage"},"thumbnailUrl":"https:\/\/colegioaleman.net\/wp-content\/uploads\/2024\/03\/orientacion-laboral-web.jpg","datePublished":"2024-03-08T11:52:40+00:00","dateModified":"2024-04-15T06:36:51+00:00","author":{"@id":"https:\/\/colegioaleman.net\/eu\/#\/schema\/person\/6bcd7d12143d885834326c35f509a440"},"breadcrumb":{"@id":"https:\/\/colegioaleman.net\/eu\/impulso-profesional-eventos-exitosos-para-nuestras-estrellas-del-futuro\/#breadcrumb"},"inLanguage":"eu-ES","potentialAction":[{"@type":"ReadAction","target":["https:\/\/colegioaleman.net\/eu\/impulso-profesional-eventos-exitosos-para-nuestras-estrellas-del-futuro\/"]}]},{"@type":"ImageObject","inLanguage":"eu-ES","@id":"https:\/\/colegioaleman.net\/eu\/impulso-profesional-eventos-exitosos-para-nuestras-estrellas-del-futuro\/#primaryimage","url":"https:\/\/colegioaleman.net\/wp-content\/uploads\/2024\/03\/orientacion-laboral-web.jpg","contentUrl":"https:\/\/colegioaleman.net\/wp-content\/uploads\/2024\/03\/orientacion-laboral-web.jpg","width":1080,"height":810,"caption":"xr:d:DAF-6wYKl4g:2,j:9043649076648437302,t:24030811"},{"@type":"BreadcrumbList","@id":"https:\/\/colegioaleman.net\/eu\/impulso-profesional-eventos-exitosos-para-nuestras-estrellas-del-futuro\/#breadcrumb","itemListElement":[{"@type":"ListItem","position":1,"name":"Home","item":"https:\/\/colegioaleman.net\/eu\/"},{"@type":"ListItem","position":2,"name":"Impulso Profesional: \u00a1Eventos Exitosos para Nuestras Estrellas del Futuro!\u00bb"}]},{"@type":"WebSite","@id":"https:\/\/colegioaleman.net\/eu\/#website","url":"https:\/\/colegioaleman.net\/eu\/","name":"Deutsche Schule San Sebasti&aacute;n","description":"Colegio Alem&aacute;n San Alberto Magno","potentialAction":[{"@type":"SearchAction","target":{"@type":"EntryPoint","urlTemplate":"https:\/\/colegioaleman.net\/eu\/?s={search_term_string}"},"query-input":{"@type":"PropertyValueSpecification","valueRequired":true,"valueName":"search_term_string"}}],"inLanguage":"eu-ES"},{"@type":"Person","@id":"https:\/\/colegioaleman.net\/eu\/#\/schema\/person\/6bcd7d12143d885834326c35f509a440","name":"Comunicaci\u00f3n DS","image":{"@type":"ImageObject","inLanguage":"eu-ES","@id":"https:\/\/secure.gravatar.com\/avatar\/4276d527a7afb9697a8e116a1f4a8676e75dca38469c7643daff85877db5147b?s=96&d=mm&r=g","url":"https:\/\/secure.gravatar.com\/avatar\/4276d527a7afb9697a8e116a1f4a8676e75dca38469c7643daff85877db5147b?s=96&d=mm&r=g","contentUrl":"https:\/\/secure.gravatar.com\/avatar\/4276d527a7afb9697a8e116a1f4a8676e75dca38469c7643daff85877db5147b?s=96&d=mm&r=g","caption":"Comunicaci\u00f3n DS"}}]}},"_links":{"self":[{"href":"https:\/\/colegioaleman.net\/eu\/wp-json\/wp\/v2\/posts\/63472","targetHints":{"allow":["GET"]}}],"collection":[{"href":"https:\/\/colegioaleman.net\/eu\/wp-json\/wp\/v2\/posts"}],"about":[{"href":"https:\/\/colegioaleman.net\/eu\/wp-json\/wp\/v2\/types\/post"}],"author":[{"embeddable":true,"href":"https:\/\/colegioaleman.net\/eu\/wp-json\/wp\/v2\/users\/7"}],"replies":[{"embeddable":true,"href":"https:\/\/colegioaleman.net\/eu\/wp-json\/wp\/v2\/comments?post=63472"}],"version-history":[{"count":0,"href":"https:\/\/colegioaleman.net\/eu\/wp-json\/wp\/v2\/posts\/63472\/revisions"}],"wp:featuredmedia":[{"embeddable":true,"href":"https:\/\/colegioaleman.net\/eu\/wp-json\/wp\/v2\/media\/63763"}],"wp:attachment":[{"href":"https:\/\/colegioaleman.net\/eu\/wp-json\/wp\/v2\/media?parent=63472"}],"wp:term":[{"taxonomy":"category","embeddable":true,"href":"https:\/\/colegioaleman.net\/eu\/wp-json\/wp\/v2\/categories?post=63472"},{"taxonomy":"post_tag","embeddable":true,"href":"https:\/\/colegioaleman.net\/eu\/wp-json\/wp\/v2\/tags?post=63472"}],"curies":[{"name":"wp","href":"https:\/\/api.w.org\/{rel}","templated":true}]}}