{"id":66472,"date":"2024-06-03T09:06:10","date_gmt":"2024-06-03T07:06:10","guid":{"rendered":"https:\/\/colegioaleman.net\/?p=66472"},"modified":"2024-06-03T09:06:12","modified_gmt":"2024-06-03T07:06:12","slug":"el-alumnado-de-kindergarten-5-celebra-su-kindergartenfest","status":"publish","type":"post","link":"https:\/\/colegioaleman.net\/eu\/el-alumnado-de-kindergarten-5-celebra-su-kindergartenfest\/","title":{"rendered":"El alumnado de Kindergarten 5 celebra su Kindergartenfest"},"content":{"rendered":"\n<p>Este pasado viernes, el alumnado de Kindergarten 5 celebraba un d\u00eda muy especial: su <em>Abschiedsfest<\/em>, el paso de Kindergarten a Educaci\u00f3n Primaria. <\/p>\n\n\n\n<p>Por ello, el alumnado celebr\u00f3 en el sal\u00f3n de actos su <em>Kindergartenfest<\/em>\u00a0y sorprend\u00eda a sus familiares con bailes, canciones, presentaciones, poes\u00edas y sorpresas.<\/p>\n\n\n\n<p>\u00a1Gracias a todas las familias por asistir, y much\u00edsimas gracias al profesorado por hacerlo\u00a0posible!<\/p>\n\n\n\n<figure class=\"wp-block-gallery has-nested-images columns-default is-cropped wp-block-gallery-1 is-layout-flex wp-block-gallery-is-layout-flex\">\n<figure class=\"wp-block-image size-large\"><img fetchpriority=\"high\" decoding=\"async\" width=\"1024\" height=\"1024\" data-id=\"66473\" src=\"https:\/\/colegioaleman.net\/wp-content\/uploads\/1-2-1024x1024.jpg\" alt=\"\" class=\"wp-image-66473\" srcset=\"https:\/\/colegioaleman.net\/wp-content\/uploads\/1-2-1024x1024.jpg 1024w, https:\/\/colegioaleman.net\/wp-content\/uploads\/1-2-300x300.jpg 300w, https:\/\/colegioaleman.net\/wp-content\/uploads\/1-2-150x150.jpg 150w, https:\/\/colegioaleman.net\/wp-content\/uploads\/1-2-768x768.jpg 768w, https:\/\/colegioaleman.net\/wp-content\/uploads\/1-2-700x700.jpg 700w, https:\/\/colegioaleman.net\/wp-content\/uploads\/1-2.jpg 1080w\" sizes=\"(max-width: 1024px) 100vw, 1024px\" \/><\/figure>\n\n\n\n<figure class=\"wp-block-image size-large\"><img decoding=\"async\" width=\"1024\" height=\"1024\" data-id=\"66476\" src=\"https:\/\/colegioaleman.net\/wp-content\/uploads\/2-2-1024x1024.jpg\" alt=\"\" class=\"wp-image-66476\" srcset=\"https:\/\/colegioaleman.net\/wp-content\/uploads\/2-2-1024x1024.jpg 1024w, https:\/\/colegioaleman.net\/wp-content\/uploads\/2-2-300x300.jpg 300w, https:\/\/colegioaleman.net\/wp-content\/uploads\/2-2-150x150.jpg 150w, https:\/\/colegioaleman.net\/wp-content\/uploads\/2-2-768x768.jpg 768w, https:\/\/colegioaleman.net\/wp-content\/uploads\/2-2-700x700.jpg 700w, https:\/\/colegioaleman.net\/wp-content\/uploads\/2-2.jpg 1080w\" sizes=\"(max-width: 1024px) 100vw, 1024px\" \/><\/figure>\n\n\n\n<figure class=\"wp-block-image size-large\"><img decoding=\"async\" width=\"1024\" height=\"1024\" data-id=\"66478\" src=\"https:\/\/colegioaleman.net\/wp-content\/uploads\/3-2-1024x1024.jpg\" alt=\"\" class=\"wp-image-66478\" srcset=\"https:\/\/colegioaleman.net\/wp-content\/uploads\/3-2-1024x1024.jpg 1024w, https:\/\/colegioaleman.net\/wp-content\/uploads\/3-2-300x300.jpg 300w, https:\/\/colegioaleman.net\/wp-content\/uploads\/3-2-150x150.jpg 150w, https:\/\/colegioaleman.net\/wp-content\/uploads\/3-2-768x768.jpg 768w, https:\/\/colegioaleman.net\/wp-content\/uploads\/3-2-700x700.jpg 700w, https:\/\/colegioaleman.net\/wp-content\/uploads\/3-2.jpg 1080w\" sizes=\"(max-width: 1024px) 100vw, 1024px\" \/><\/figure>\n\n\n\n<figure class=\"wp-block-image size-large\"><img loading=\"lazy\" decoding=\"async\" width=\"1024\" height=\"1024\" data-id=\"66482\" src=\"https:\/\/colegioaleman.net\/wp-content\/uploads\/4-2-1024x1024.jpg\" alt=\"\" class=\"wp-image-66482\" srcset=\"https:\/\/colegioaleman.net\/wp-content\/uploads\/4-2-1024x1024.jpg 1024w, https:\/\/colegioaleman.net\/wp-content\/uploads\/4-2-300x300.jpg 300w, https:\/\/colegioaleman.net\/wp-content\/uploads\/4-2-150x150.jpg 150w, https:\/\/colegioaleman.net\/wp-content\/uploads\/4-2-768x768.jpg 768w, https:\/\/colegioaleman.net\/wp-content\/uploads\/4-2-700x700.jpg 700w, https:\/\/colegioaleman.net\/wp-content\/uploads\/4-2.jpg 1080w\" sizes=\"(max-width: 1024px) 100vw, 1024px\" \/><\/figure>\n\n\n\n<figure class=\"wp-block-image size-large\"><img loading=\"lazy\" decoding=\"async\" width=\"1024\" height=\"1024\" data-id=\"66485\" src=\"https:\/\/colegioaleman.net\/wp-content\/uploads\/5-2-1024x1024.jpg\" alt=\"\" class=\"wp-image-66485\" srcset=\"https:\/\/colegioaleman.net\/wp-content\/uploads\/5-2-1024x1024.jpg 1024w, https:\/\/colegioaleman.net\/wp-content\/uploads\/5-2-300x300.jpg 300w, https:\/\/colegioaleman.net\/wp-content\/uploads\/5-2-150x150.jpg 150w, https:\/\/colegioaleman.net\/wp-content\/uploads\/5-2-768x768.jpg 768w, https:\/\/colegioaleman.net\/wp-content\/uploads\/5-2-700x700.jpg 700w, https:\/\/colegioaleman.net\/wp-content\/uploads\/5-2.jpg 1080w\" sizes=\"(max-width: 1024px) 100vw, 1024px\" \/><\/figure>\n\n\n\n<figure class=\"wp-block-image size-large\"><img loading=\"lazy\" decoding=\"async\" width=\"1024\" height=\"1024\" data-id=\"66488\" src=\"https:\/\/colegioaleman.net\/wp-content\/uploads\/6-2-1024x1024.jpg\" alt=\"\" class=\"wp-image-66488\" srcset=\"https:\/\/colegioaleman.net\/wp-content\/uploads\/6-2-1024x1024.jpg 1024w, https:\/\/colegioaleman.net\/wp-content\/uploads\/6-2-300x300.jpg 300w, https:\/\/colegioaleman.net\/wp-content\/uploads\/6-2-150x150.jpg 150w, https:\/\/colegioaleman.net\/wp-content\/uploads\/6-2-768x768.jpg 768w, https:\/\/colegioaleman.net\/wp-content\/uploads\/6-2-700x700.jpg 700w, https:\/\/colegioaleman.net\/wp-content\/uploads\/6-2.jpg 1080w\" sizes=\"(max-width: 1024px) 100vw, 1024px\" \/><\/figure>\n\n\n\n<figure class=\"wp-block-image size-large\"><img loading=\"lazy\" decoding=\"async\" width=\"1024\" height=\"1024\" data-id=\"66491\" src=\"https:\/\/colegioaleman.net\/wp-content\/uploads\/7-2-1024x1024.jpg\" alt=\"\" class=\"wp-image-66491\" srcset=\"https:\/\/colegioaleman.net\/wp-content\/uploads\/7-2-1024x1024.jpg 1024w, https:\/\/colegioaleman.net\/wp-content\/uploads\/7-2-300x300.jpg 300w, https:\/\/colegioaleman.net\/wp-content\/uploads\/7-2-150x150.jpg 150w, https:\/\/colegioaleman.net\/wp-content\/uploads\/7-2-768x768.jpg 768w, https:\/\/colegioaleman.net\/wp-content\/uploads\/7-2-700x700.jpg 700w, https:\/\/colegioaleman.net\/wp-content\/uploads\/7-2.jpg 1080w\" sizes=\"(max-width: 1024px) 100vw, 1024px\" \/><\/figure>\n\n\n\n<figure class=\"wp-block-image size-large\"><img loading=\"lazy\" decoding=\"async\" width=\"1024\" height=\"1024\" data-id=\"66494\" src=\"https:\/\/colegioaleman.net\/wp-content\/uploads\/8-2-1024x1024.jpg\" alt=\"\" class=\"wp-image-66494\" srcset=\"https:\/\/colegioaleman.net\/wp-content\/uploads\/8-2-1024x1024.jpg 1024w, https:\/\/colegioaleman.net\/wp-content\/uploads\/8-2-300x300.jpg 300w, https:\/\/colegioaleman.net\/wp-content\/uploads\/8-2-150x150.jpg 150w, https:\/\/colegioaleman.net\/wp-content\/uploads\/8-2-768x768.jpg 768w, https:\/\/colegioaleman.net\/wp-content\/uploads\/8-2-700x700.jpg 700w, https:\/\/colegioaleman.net\/wp-content\/uploads\/8-2.jpg 1080w\" sizes=\"(max-width: 1024px) 100vw, 1024px\" \/><\/figure>\n\n\n\n<figure class=\"wp-block-image size-large\"><img loading=\"lazy\" decoding=\"async\" width=\"1024\" height=\"1024\" data-id=\"66497\" src=\"https:\/\/colegioaleman.net\/wp-content\/uploads\/9-1-1024x1024.jpg\" alt=\"\" class=\"wp-image-66497\" srcset=\"https:\/\/colegioaleman.net\/wp-content\/uploads\/9-1-1024x1024.jpg 1024w, https:\/\/colegioaleman.net\/wp-content\/uploads\/9-1-300x300.jpg 300w, https:\/\/colegioaleman.net\/wp-content\/uploads\/9-1-150x150.jpg 150w, https:\/\/colegioaleman.net\/wp-content\/uploads\/9-1-768x768.jpg 768w, https:\/\/colegioaleman.net\/wp-content\/uploads\/9-1-700x700.jpg 700w, https:\/\/colegioaleman.net\/wp-content\/uploads\/9-1.jpg 1080w\" sizes=\"(max-width: 1024px) 100vw, 1024px\" \/><\/figure>\n\n\n\n<figure class=\"wp-block-image size-large\"><img loading=\"lazy\" decoding=\"async\" width=\"1024\" height=\"1024\" data-id=\"66500\" src=\"https:\/\/colegioaleman.net\/wp-content\/uploads\/10-1-1024x1024.jpg\" alt=\"\" class=\"wp-image-66500\" srcset=\"https:\/\/colegioaleman.net\/wp-content\/uploads\/10-1-1024x1024.jpg 1024w, https:\/\/colegioaleman.net\/wp-content\/uploads\/10-1-300x300.jpg 300w, https:\/\/colegioaleman.net\/wp-content\/uploads\/10-1-150x150.jpg 150w, https:\/\/colegioaleman.net\/wp-content\/uploads\/10-1-768x768.jpg 768w, https:\/\/colegioaleman.net\/wp-content\/uploads\/10-1-700x700.jpg 700w, https:\/\/colegioaleman.net\/wp-content\/uploads\/10-1.jpg 1080w\" sizes=\"(max-width: 1024px) 100vw, 1024px\" \/><\/figure>\n\n\n\n<figure class=\"wp-block-image size-large\"><img loading=\"lazy\" decoding=\"async\" width=\"1024\" height=\"1024\" data-id=\"66503\" src=\"https:\/\/colegioaleman.net\/wp-content\/uploads\/11-1024x1024.jpg\" alt=\"\" class=\"wp-image-66503\" srcset=\"https:\/\/colegioaleman.net\/wp-content\/uploads\/11-1024x1024.jpg 1024w, https:\/\/colegioaleman.net\/wp-content\/uploads\/11-300x300.jpg 300w, https:\/\/colegioaleman.net\/wp-content\/uploads\/11-150x150.jpg 150w, https:\/\/colegioaleman.net\/wp-content\/uploads\/11-768x768.jpg 768w, https:\/\/colegioaleman.net\/wp-content\/uploads\/11-700x700.jpg 700w, https:\/\/colegioaleman.net\/wp-content\/uploads\/11.jpg 1080w\" sizes=\"(max-width: 1024px) 100vw, 1024px\" \/><\/figure>\n\n\n\n<figure class=\"wp-block-image size-large\"><img loading=\"lazy\" decoding=\"async\" width=\"1024\" height=\"1024\" data-id=\"66509\" src=\"https:\/\/colegioaleman.net\/wp-content\/uploads\/13-1024x1024.jpg\" alt=\"\" class=\"wp-image-66509\" srcset=\"https:\/\/colegioaleman.net\/wp-content\/uploads\/13-1024x1024.jpg 1024w, https:\/\/colegioaleman.net\/wp-content\/uploads\/13-300x300.jpg 300w, https:\/\/colegioaleman.net\/wp-content\/uploads\/13-150x150.jpg 150w, https:\/\/colegioaleman.net\/wp-content\/uploads\/13-768x768.jpg 768w, https:\/\/colegioaleman.net\/wp-content\/uploads\/13-700x700.jpg 700w, https:\/\/colegioaleman.net\/wp-content\/uploads\/13.jpg 1080w\" sizes=\"(max-width: 1024px) 100vw, 1024px\" \/><\/figure>\n\n\n\n<figure class=\"wp-block-image size-large\"><img loading=\"lazy\" decoding=\"async\" width=\"1024\" height=\"1024\" data-id=\"66512\" src=\"https:\/\/colegioaleman.net\/wp-content\/uploads\/14-1024x1024.jpg\" alt=\"\" class=\"wp-image-66512\" srcset=\"https:\/\/colegioaleman.net\/wp-content\/uploads\/14-1024x1024.jpg 1024w, https:\/\/colegioaleman.net\/wp-content\/uploads\/14-300x300.jpg 300w, https:\/\/colegioaleman.net\/wp-content\/uploads\/14-150x150.jpg 150w, https:\/\/colegioaleman.net\/wp-content\/uploads\/14-768x768.jpg 768w, https:\/\/colegioaleman.net\/wp-content\/uploads\/14-700x700.jpg 700w, https:\/\/colegioaleman.net\/wp-content\/uploads\/14.jpg 1080w\" sizes=\"(max-width: 1024px) 100vw, 1024px\" \/><\/figure>\n\n\n\n<figure class=\"wp-block-image size-large\"><img loading=\"lazy\" decoding=\"async\" width=\"1024\" height=\"1024\" data-id=\"66513\" src=\"https:\/\/colegioaleman.net\/wp-content\/uploads\/15-1024x1024.jpg\" alt=\"\" class=\"wp-image-66513\" srcset=\"https:\/\/colegioaleman.net\/wp-content\/uploads\/15-1024x1024.jpg 1024w, https:\/\/colegioaleman.net\/wp-content\/uploads\/15-300x300.jpg 300w, https:\/\/colegioaleman.net\/wp-content\/uploads\/15-150x150.jpg 150w, https:\/\/colegioaleman.net\/wp-content\/uploads\/15-768x768.jpg 768w, https:\/\/colegioaleman.net\/wp-content\/uploads\/15-700x700.jpg 700w, https:\/\/colegioaleman.net\/wp-content\/uploads\/15.jpg 1080w\" sizes=\"(max-width: 1024px) 100vw, 1024px\" \/><\/figure>\n\n\n\n<figure class=\"wp-block-image size-large\"><img loading=\"lazy\" decoding=\"async\" width=\"1024\" height=\"1024\" data-id=\"66527\" src=\"https:\/\/colegioaleman.net\/wp-content\/uploads\/16-1024x1024.jpg\" alt=\"\" class=\"wp-image-66527\" srcset=\"https:\/\/colegioaleman.net\/wp-content\/uploads\/16-1024x1024.jpg 1024w, https:\/\/colegioaleman.net\/wp-content\/uploads\/16-300x300.jpg 300w, https:\/\/colegioaleman.net\/wp-content\/uploads\/16-150x150.jpg 150w, https:\/\/colegioaleman.net\/wp-content\/uploads\/16-768x768.jpg 768w, https:\/\/colegioaleman.net\/wp-content\/uploads\/16-700x700.jpg 700w, https:\/\/colegioaleman.net\/wp-content\/uploads\/16.jpg 1080w\" sizes=\"(max-width: 1024px) 100vw, 1024px\" \/><\/figure>\n\n\n\n<figure class=\"wp-block-image size-large\"><img loading=\"lazy\" decoding=\"async\" width=\"1024\" height=\"1024\" data-id=\"66518\" src=\"https:\/\/colegioaleman.net\/wp-content\/uploads\/17-1024x1024.jpg\" alt=\"\" class=\"wp-image-66518\" srcset=\"https:\/\/colegioaleman.net\/wp-content\/uploads\/17-1024x1024.jpg 1024w, https:\/\/colegioaleman.net\/wp-content\/uploads\/17-300x300.jpg 300w, https:\/\/colegioaleman.net\/wp-content\/uploads\/17-150x150.jpg 150w, https:\/\/colegioaleman.net\/wp-content\/uploads\/17-768x768.jpg 768w, https:\/\/colegioaleman.net\/wp-content\/uploads\/17-700x700.jpg 700w, https:\/\/colegioaleman.net\/wp-content\/uploads\/17.jpg 1080w\" sizes=\"(max-width: 1024px) 100vw, 1024px\" \/><\/figure>\n\n\n\n<figure class=\"wp-block-image size-large\"><img loading=\"lazy\" decoding=\"async\" width=\"1024\" height=\"1024\" data-id=\"66521\" src=\"https:\/\/colegioaleman.net\/wp-content\/uploads\/18-1024x1024.jpg\" alt=\"\" class=\"wp-image-66521\" srcset=\"https:\/\/colegioaleman.net\/wp-content\/uploads\/18-1024x1024.jpg 1024w, https:\/\/colegioaleman.net\/wp-content\/uploads\/18-300x300.jpg 300w, https:\/\/colegioaleman.net\/wp-content\/uploads\/18-150x150.jpg 150w, https:\/\/colegioaleman.net\/wp-content\/uploads\/18-768x768.jpg 768w, https:\/\/colegioaleman.net\/wp-content\/uploads\/18-700x700.jpg 700w, https:\/\/colegioaleman.net\/wp-content\/uploads\/18.jpg 1080w\" sizes=\"(max-width: 1024px) 100vw, 1024px\" \/><\/figure>\n\n\n\n<figure class=\"wp-block-image size-large\"><img loading=\"lazy\" decoding=\"async\" width=\"1024\" height=\"1024\" data-id=\"66524\" src=\"https:\/\/colegioaleman.net\/wp-content\/uploads\/19-1024x1024.jpg\" alt=\"\" class=\"wp-image-66524\" srcset=\"https:\/\/colegioaleman.net\/wp-content\/uploads\/19-1024x1024.jpg 1024w, https:\/\/colegioaleman.net\/wp-content\/uploads\/19-300x300.jpg 300w, https:\/\/colegioaleman.net\/wp-content\/uploads\/19-150x150.jpg 150w, https:\/\/colegioaleman.net\/wp-content\/uploads\/19-768x768.jpg 768w, https:\/\/colegioaleman.net\/wp-content\/uploads\/19-700x700.jpg 700w, https:\/\/colegioaleman.net\/wp-content\/uploads\/19.jpg 1080w\" sizes=\"(max-width: 1024px) 100vw, 1024px\" \/><\/figure>\n<\/figure>\n","protected":false},"excerpt":{"rendered":"<p>Este pasado viernes, el alumnado de Kindergarten 5 celebraba un d\u00eda muy especial: su Abschiedsfest, el paso de Kindergarten a Educaci\u00f3n Primaria. Por ello, el alumnado celebr\u00f3 en el sal\u00f3n de actos su Kindergartenfest\u00a0y sorprend\u00eda a sus familiares con bailes, canciones, presentaciones, poes\u00edas y sorpresas. \u00a1Gracias a todas las familias por asistir, y much\u00edsimas gracias [&hellip;]<\/p>\n","protected":false},"author":7,"featured_media":66530,"comment_status":"closed","ping_status":"closed","sticky":false,"template":"","format":"standard","meta":{"site-sidebar-layout":"default","site-content-layout":"","ast-site-content-layout":"default","site-content-style":"default","site-sidebar-style":"default","ast-global-header-display":"","ast-banner-title-visibility":"","ast-main-header-display":"","ast-hfb-above-header-display":"","ast-hfb-below-header-display":"","ast-hfb-mobile-header-display":"","site-post-title":"","ast-breadcrumbs-content":"","ast-featured-img":"disabled","footer-sml-layout":"","ast-disable-related-posts":"","theme-transparent-header-meta":"","adv-header-id-meta":"","stick-header-meta":"","header-above-stick-meta":"","header-main-stick-meta":"","header-below-stick-meta":"","astra-migrate-meta-layouts":"set","ast-page-background-enabled":"default","ast-page-background-meta":{"desktop":{"background-color":"var(--ast-global-color-4)","background-image":"","background-repeat":"repeat","background-position":"center center","background-size":"auto","background-attachment":"scroll","background-type":"","background-media":"","overlay-type":"","overlay-color":"","overlay-opacity":"","overlay-gradient":""},"tablet":{"background-color":"","background-image":"","background-repeat":"repeat","background-position":"center center","background-size":"auto","background-attachment":"scroll","background-type":"","background-media":"","overlay-type":"","overlay-color":"","overlay-opacity":"","overlay-gradient":""},"mobile":{"background-color":"","background-image":"","background-repeat":"repeat","background-position":"center center","background-size":"auto","background-attachment":"scroll","background-type":"","background-media":"","overlay-type":"","overlay-color":"","overlay-opacity":"","overlay-gradient":""}},"ast-content-background-meta":{"desktop":{"background-color":"var(--ast-global-color-5)","background-image":"","background-repeat":"repeat","background-position":"center center","background-size":"auto","background-attachment":"scroll","background-type":"","background-media":"","overlay-type":"","overlay-color":"","overlay-opacity":"","overlay-gradient":""},"tablet":{"background-color":"var(--ast-global-color-5)","background-image":"","background-repeat":"repeat","background-position":"center center","background-size":"auto","background-attachment":"scroll","background-type":"","background-media":"","overlay-type":"","overlay-color":"","overlay-opacity":"","overlay-gradient":""},"mobile":{"background-color":"var(--ast-global-color-5)","background-image":"","background-repeat":"repeat","background-position":"center center","background-size":"auto","background-attachment":"scroll","background-type":"","background-media":"","overlay-type":"","overlay-color":"","overlay-opacity":"","overlay-gradient":""}},"footnotes":""},"categories":[51],"tags":[],"class_list":["post-66472","post","type-post","status-publish","format-standard","has-post-thumbnail","hentry","category-kindergarten"],"yoast_head":"<!-- This site is optimized with the Yoast SEO plugin v27.4 - https:\/\/yoast.com\/product\/yoast-seo-wordpress\/ -->\n<title>El alumnado de Kindergarten 5 celebra su Kindergartenfest<\/title>\n<meta name=\"robots\" content=\"index, follow, max-snippet:-1, max-image-preview:large, max-video-preview:-1\" \/>\n<link rel=\"canonical\" href=\"https:\/\/colegioaleman.net\/eu\/el-alumnado-de-kindergarten-5-celebra-su-kindergartenfest\/\" \/>\n<meta property=\"og:locale\" content=\"eu_ES\" \/>\n<meta property=\"og:type\" content=\"article\" \/>\n<meta property=\"og:title\" content=\"El alumnado de Kindergarten 5 celebra su Kindergartenfest\" \/>\n<meta property=\"og:description\" content=\"Este pasado viernes, el alumnado de Kindergarten 5 celebraba un d\u00eda muy especial: su Abschiedsfest, el paso de Kindergarten a Educaci\u00f3n Primaria. Por ello, el alumnado celebr\u00f3 en el sal\u00f3n de actos su Kindergartenfest\u00a0y sorprend\u00eda a sus familiares con bailes, canciones, presentaciones, poes\u00edas y sorpresas. \u00a1Gracias a todas las familias por asistir, y much\u00edsimas gracias [&hellip;]\" \/>\n<meta property=\"og:url\" content=\"https:\/\/colegioaleman.net\/eu\/el-alumnado-de-kindergarten-5-celebra-su-kindergartenfest\/\" \/>\n<meta property=\"og:site_name\" content=\"Deutsche Schule San Sebasti&aacute;n\" \/>\n<meta property=\"article:published_time\" content=\"2024-06-03T07:06:10+00:00\" \/>\n<meta property=\"article:modified_time\" content=\"2024-06-03T07:06:12+00:00\" \/>\n<meta property=\"og:image\" content=\"https:\/\/colegioaleman.net\/wp-content\/uploads\/PORTADA-kindergartenfest.jpg\" \/>\n\t<meta property=\"og:image:width\" content=\"1080\" \/>\n\t<meta property=\"og:image:height\" content=\"810\" \/>\n\t<meta property=\"og:image:type\" content=\"image\/jpeg\" \/>\n<meta name=\"author\" content=\"Comunicaci\u00f3n DS\" \/>\n<meta name=\"twitter:card\" content=\"summary_large_image\" \/>\n<meta name=\"twitter:label1\" content=\"Written by\" \/>\n\t<meta name=\"twitter:data1\" content=\"Comunicaci\u00f3n DS\" \/>\n\t<meta name=\"twitter:label2\" content=\"Est. reading time\" \/>\n\t<meta name=\"twitter:data2\" content=\"5 minutes\" \/>\n<script type=\"application\/ld+json\" class=\"yoast-schema-graph\">{\"@context\":\"https:\\\/\\\/schema.org\",\"@graph\":[{\"@type\":\"NewsArticle\",\"@id\":\"https:\\\/\\\/colegioaleman.net\\\/eu\\\/el-alumnado-de-kindergarten-5-celebra-su-kindergartenfest\\\/#article\",\"isPartOf\":{\"@id\":\"https:\\\/\\\/colegioaleman.net\\\/eu\\\/el-alumnado-de-kindergarten-5-celebra-su-kindergartenfest\\\/\"},\"author\":{\"name\":\"Comunicaci\u00f3n DS\",\"@id\":\"https:\\\/\\\/colegioaleman.net\\\/eu\\\/#\\\/schema\\\/person\\\/6bcd7d12143d885834326c35f509a440\"},\"headline\":\"El alumnado de Kindergarten 5 celebra su Kindergartenfest\",\"datePublished\":\"2024-06-03T07:06:10+00:00\",\"dateModified\":\"2024-06-03T07:06:12+00:00\",\"mainEntityOfPage\":{\"@id\":\"https:\\\/\\\/colegioaleman.net\\\/eu\\\/el-alumnado-de-kindergarten-5-celebra-su-kindergartenfest\\\/\"},\"wordCount\":73,\"image\":{\"@id\":\"https:\\\/\\\/colegioaleman.net\\\/eu\\\/el-alumnado-de-kindergarten-5-celebra-su-kindergartenfest\\\/#primaryimage\"},\"thumbnailUrl\":\"https:\\\/\\\/colegioaleman.net\\\/wp-content\\\/uploads\\\/PORTADA-kindergartenfest.jpg\",\"articleSection\":[\"Kindergarten\"],\"inLanguage\":\"eu-ES\"},{\"@type\":[\"WebPage\",\"ItemPage\"],\"@id\":\"https:\\\/\\\/colegioaleman.net\\\/eu\\\/el-alumnado-de-kindergarten-5-celebra-su-kindergartenfest\\\/\",\"url\":\"https:\\\/\\\/colegioaleman.net\\\/eu\\\/el-alumnado-de-kindergarten-5-celebra-su-kindergartenfest\\\/\",\"name\":\"El alumnado de Kindergarten 5 celebra su Kindergartenfest\",\"isPartOf\":{\"@id\":\"https:\\\/\\\/colegioaleman.net\\\/eu\\\/#website\"},\"primaryImageOfPage\":{\"@id\":\"https:\\\/\\\/colegioaleman.net\\\/eu\\\/el-alumnado-de-kindergarten-5-celebra-su-kindergartenfest\\\/#primaryimage\"},\"image\":{\"@id\":\"https:\\\/\\\/colegioaleman.net\\\/eu\\\/el-alumnado-de-kindergarten-5-celebra-su-kindergartenfest\\\/#primaryimage\"},\"thumbnailUrl\":\"https:\\\/\\\/colegioaleman.net\\\/wp-content\\\/uploads\\\/PORTADA-kindergartenfest.jpg\",\"datePublished\":\"2024-06-03T07:06:10+00:00\",\"dateModified\":\"2024-06-03T07:06:12+00:00\",\"author\":{\"@id\":\"https:\\\/\\\/colegioaleman.net\\\/eu\\\/#\\\/schema\\\/person\\\/6bcd7d12143d885834326c35f509a440\"},\"breadcrumb\":{\"@id\":\"https:\\\/\\\/colegioaleman.net\\\/eu\\\/el-alumnado-de-kindergarten-5-celebra-su-kindergartenfest\\\/#breadcrumb\"},\"inLanguage\":\"eu-ES\",\"potentialAction\":[{\"@type\":\"ReadAction\",\"target\":[\"https:\\\/\\\/colegioaleman.net\\\/eu\\\/el-alumnado-de-kindergarten-5-celebra-su-kindergartenfest\\\/\"]}]},{\"@type\":\"ImageObject\",\"inLanguage\":\"eu-ES\",\"@id\":\"https:\\\/\\\/colegioaleman.net\\\/eu\\\/el-alumnado-de-kindergarten-5-celebra-su-kindergartenfest\\\/#primaryimage\",\"url\":\"https:\\\/\\\/colegioaleman.net\\\/wp-content\\\/uploads\\\/PORTADA-kindergartenfest.jpg\",\"contentUrl\":\"https:\\\/\\\/colegioaleman.net\\\/wp-content\\\/uploads\\\/PORTADA-kindergartenfest.jpg\",\"width\":1080,\"height\":810},{\"@type\":\"BreadcrumbList\",\"@id\":\"https:\\\/\\\/colegioaleman.net\\\/eu\\\/el-alumnado-de-kindergarten-5-celebra-su-kindergartenfest\\\/#breadcrumb\",\"itemListElement\":[{\"@type\":\"ListItem\",\"position\":1,\"name\":\"Home\",\"item\":\"https:\\\/\\\/colegioaleman.net\\\/eu\\\/\"},{\"@type\":\"ListItem\",\"position\":2,\"name\":\"El alumnado de Kindergarten 5 celebra su Kindergartenfest\"}]},{\"@type\":\"WebSite\",\"@id\":\"https:\\\/\\\/colegioaleman.net\\\/eu\\\/#website\",\"url\":\"https:\\\/\\\/colegioaleman.net\\\/eu\\\/\",\"name\":\"Deutsche Schule San Sebasti&aacute;n\",\"description\":\"Colegio Alem&aacute;n San Alberto Magno\",\"potentialAction\":[{\"@type\":\"SearchAction\",\"target\":{\"@type\":\"EntryPoint\",\"urlTemplate\":\"https:\\\/\\\/colegioaleman.net\\\/eu\\\/?s={search_term_string}\"},\"query-input\":{\"@type\":\"PropertyValueSpecification\",\"valueRequired\":true,\"valueName\":\"search_term_string\"}}],\"inLanguage\":\"eu-ES\"},{\"@type\":\"Person\",\"@id\":\"https:\\\/\\\/colegioaleman.net\\\/eu\\\/#\\\/schema\\\/person\\\/6bcd7d12143d885834326c35f509a440\",\"name\":\"Comunicaci\u00f3n DS\",\"image\":{\"@type\":\"ImageObject\",\"inLanguage\":\"eu-ES\",\"@id\":\"https:\\\/\\\/secure.gravatar.com\\\/avatar\\\/4276d527a7afb9697a8e116a1f4a8676e75dca38469c7643daff85877db5147b?s=96&d=mm&r=g\",\"url\":\"https:\\\/\\\/secure.gravatar.com\\\/avatar\\\/4276d527a7afb9697a8e116a1f4a8676e75dca38469c7643daff85877db5147b?s=96&d=mm&r=g\",\"contentUrl\":\"https:\\\/\\\/secure.gravatar.com\\\/avatar\\\/4276d527a7afb9697a8e116a1f4a8676e75dca38469c7643daff85877db5147b?s=96&d=mm&r=g\",\"caption\":\"Comunicaci\u00f3n DS\"}}]}<\/script>\n<!-- \/ Yoast SEO plugin. -->","yoast_head_json":{"title":"El alumnado de Kindergarten 5 celebra su Kindergartenfest","robots":{"index":"index","follow":"follow","max-snippet":"max-snippet:-1","max-image-preview":"max-image-preview:large","max-video-preview":"max-video-preview:-1"},"canonical":"https:\/\/colegioaleman.net\/eu\/el-alumnado-de-kindergarten-5-celebra-su-kindergartenfest\/","og_locale":"eu_ES","og_type":"article","og_title":"El alumnado de Kindergarten 5 celebra su Kindergartenfest","og_description":"Este pasado viernes, el alumnado de Kindergarten 5 celebraba un d\u00eda muy especial: su Abschiedsfest, el paso de Kindergarten a Educaci\u00f3n Primaria. Por ello, el alumnado celebr\u00f3 en el sal\u00f3n de actos su Kindergartenfest\u00a0y sorprend\u00eda a sus familiares con bailes, canciones, presentaciones, poes\u00edas y sorpresas. \u00a1Gracias a todas las familias por asistir, y much\u00edsimas gracias [&hellip;]","og_url":"https:\/\/colegioaleman.net\/eu\/el-alumnado-de-kindergarten-5-celebra-su-kindergartenfest\/","og_site_name":"Deutsche Schule San Sebasti&aacute;n","article_published_time":"2024-06-03T07:06:10+00:00","article_modified_time":"2024-06-03T07:06:12+00:00","og_image":[{"width":1080,"height":810,"url":"https:\/\/colegioaleman.net\/wp-content\/uploads\/PORTADA-kindergartenfest.jpg","type":"image\/jpeg"}],"author":"Comunicaci\u00f3n DS","twitter_card":"summary_large_image","twitter_misc":{"Written by":"Comunicaci\u00f3n DS","Est. reading time":"5 minutes"},"schema":{"@context":"https:\/\/schema.org","@graph":[{"@type":"NewsArticle","@id":"https:\/\/colegioaleman.net\/eu\/el-alumnado-de-kindergarten-5-celebra-su-kindergartenfest\/#article","isPartOf":{"@id":"https:\/\/colegioaleman.net\/eu\/el-alumnado-de-kindergarten-5-celebra-su-kindergartenfest\/"},"author":{"name":"Comunicaci\u00f3n DS","@id":"https:\/\/colegioaleman.net\/eu\/#\/schema\/person\/6bcd7d12143d885834326c35f509a440"},"headline":"El alumnado de Kindergarten 5 celebra su Kindergartenfest","datePublished":"2024-06-03T07:06:10+00:00","dateModified":"2024-06-03T07:06:12+00:00","mainEntityOfPage":{"@id":"https:\/\/colegioaleman.net\/eu\/el-alumnado-de-kindergarten-5-celebra-su-kindergartenfest\/"},"wordCount":73,"image":{"@id":"https:\/\/colegioaleman.net\/eu\/el-alumnado-de-kindergarten-5-celebra-su-kindergartenfest\/#primaryimage"},"thumbnailUrl":"https:\/\/colegioaleman.net\/wp-content\/uploads\/PORTADA-kindergartenfest.jpg","articleSection":["Kindergarten"],"inLanguage":"eu-ES"},{"@type":["WebPage","ItemPage"],"@id":"https:\/\/colegioaleman.net\/eu\/el-alumnado-de-kindergarten-5-celebra-su-kindergartenfest\/","url":"https:\/\/colegioaleman.net\/eu\/el-alumnado-de-kindergarten-5-celebra-su-kindergartenfest\/","name":"El alumnado de Kindergarten 5 celebra su Kindergartenfest","isPartOf":{"@id":"https:\/\/colegioaleman.net\/eu\/#website"},"primaryImageOfPage":{"@id":"https:\/\/colegioaleman.net\/eu\/el-alumnado-de-kindergarten-5-celebra-su-kindergartenfest\/#primaryimage"},"image":{"@id":"https:\/\/colegioaleman.net\/eu\/el-alumnado-de-kindergarten-5-celebra-su-kindergartenfest\/#primaryimage"},"thumbnailUrl":"https:\/\/colegioaleman.net\/wp-content\/uploads\/PORTADA-kindergartenfest.jpg","datePublished":"2024-06-03T07:06:10+00:00","dateModified":"2024-06-03T07:06:12+00:00","author":{"@id":"https:\/\/colegioaleman.net\/eu\/#\/schema\/person\/6bcd7d12143d885834326c35f509a440"},"breadcrumb":{"@id":"https:\/\/colegioaleman.net\/eu\/el-alumnado-de-kindergarten-5-celebra-su-kindergartenfest\/#breadcrumb"},"inLanguage":"eu-ES","potentialAction":[{"@type":"ReadAction","target":["https:\/\/colegioaleman.net\/eu\/el-alumnado-de-kindergarten-5-celebra-su-kindergartenfest\/"]}]},{"@type":"ImageObject","inLanguage":"eu-ES","@id":"https:\/\/colegioaleman.net\/eu\/el-alumnado-de-kindergarten-5-celebra-su-kindergartenfest\/#primaryimage","url":"https:\/\/colegioaleman.net\/wp-content\/uploads\/PORTADA-kindergartenfest.jpg","contentUrl":"https:\/\/colegioaleman.net\/wp-content\/uploads\/PORTADA-kindergartenfest.jpg","width":1080,"height":810},{"@type":"BreadcrumbList","@id":"https:\/\/colegioaleman.net\/eu\/el-alumnado-de-kindergarten-5-celebra-su-kindergartenfest\/#breadcrumb","itemListElement":[{"@type":"ListItem","position":1,"name":"Home","item":"https:\/\/colegioaleman.net\/eu\/"},{"@type":"ListItem","position":2,"name":"El alumnado de Kindergarten 5 celebra su Kindergartenfest"}]},{"@type":"WebSite","@id":"https:\/\/colegioaleman.net\/eu\/#website","url":"https:\/\/colegioaleman.net\/eu\/","name":"Deutsche Schule San Sebasti&aacute;n","description":"Colegio Alem&aacute;n San Alberto Magno","potentialAction":[{"@type":"SearchAction","target":{"@type":"EntryPoint","urlTemplate":"https:\/\/colegioaleman.net\/eu\/?s={search_term_string}"},"query-input":{"@type":"PropertyValueSpecification","valueRequired":true,"valueName":"search_term_string"}}],"inLanguage":"eu-ES"},{"@type":"Person","@id":"https:\/\/colegioaleman.net\/eu\/#\/schema\/person\/6bcd7d12143d885834326c35f509a440","name":"Comunicaci\u00f3n DS","image":{"@type":"ImageObject","inLanguage":"eu-ES","@id":"https:\/\/secure.gravatar.com\/avatar\/4276d527a7afb9697a8e116a1f4a8676e75dca38469c7643daff85877db5147b?s=96&d=mm&r=g","url":"https:\/\/secure.gravatar.com\/avatar\/4276d527a7afb9697a8e116a1f4a8676e75dca38469c7643daff85877db5147b?s=96&d=mm&r=g","contentUrl":"https:\/\/secure.gravatar.com\/avatar\/4276d527a7afb9697a8e116a1f4a8676e75dca38469c7643daff85877db5147b?s=96&d=mm&r=g","caption":"Comunicaci\u00f3n DS"}}]}},"_links":{"self":[{"href":"https:\/\/colegioaleman.net\/eu\/wp-json\/wp\/v2\/posts\/66472","targetHints":{"allow":["GET"]}}],"collection":[{"href":"https:\/\/colegioaleman.net\/eu\/wp-json\/wp\/v2\/posts"}],"about":[{"href":"https:\/\/colegioaleman.net\/eu\/wp-json\/wp\/v2\/types\/post"}],"author":[{"embeddable":true,"href":"https:\/\/colegioaleman.net\/eu\/wp-json\/wp\/v2\/users\/7"}],"replies":[{"embeddable":true,"href":"https:\/\/colegioaleman.net\/eu\/wp-json\/wp\/v2\/comments?post=66472"}],"version-history":[{"count":0,"href":"https:\/\/colegioaleman.net\/eu\/wp-json\/wp\/v2\/posts\/66472\/revisions"}],"wp:featuredmedia":[{"embeddable":true,"href":"https:\/\/colegioaleman.net\/eu\/wp-json\/wp\/v2\/media\/66530"}],"wp:attachment":[{"href":"https:\/\/colegioaleman.net\/eu\/wp-json\/wp\/v2\/media?parent=66472"}],"wp:term":[{"taxonomy":"category","embeddable":true,"href":"https:\/\/colegioaleman.net\/eu\/wp-json\/wp\/v2\/categories?post=66472"},{"taxonomy":"post_tag","embeddable":true,"href":"https:\/\/colegioaleman.net\/eu\/wp-json\/wp\/v2\/tags?post=66472"}],"curies":[{"name":"wp","href":"https:\/\/api.w.org\/{rel}","templated":true}]}}