{"id":69643,"date":"2025-03-21T15:31:20","date_gmt":"2025-03-21T14:31:20","guid":{"rendered":"https:\/\/colegioaleman.net\/?p=69643"},"modified":"2025-03-21T15:31:22","modified_gmt":"2025-03-21T14:31:22","slug":"sommer-camp-2025-en-deutsche-schule","status":"publish","type":"post","link":"https:\/\/colegioaleman.net\/eu\/sommer-camp-2025-en-deutsche-schule\/","title":{"rendered":"Sommer Camp 2025 en Deutsche Schule"},"content":{"rendered":"\n<p>\u00a1Ya est\u00e1n abiertas las inscripciones para el Sommer Camp 2025 para ni\u00f1os y ni\u00f1as de 2 a 12 a\u00f1os!<\/p>\n\n\n\n<p>Deutsche Schule San Sebasti\u00e1n organiza con Tilin Talan unas colonias veraniegas donde la diversi\u00f3n est\u00e1 asegurada. <\/p>\n\n\n\n<p>Las inscripciones permanecer\u00e1n abiertas <strong>hasta el d\u00eda 31 de mayo <\/strong>de 2025.<\/p>\n\n\n\n<p><a href=\"https:\/\/colegioaleman.net\/wp-content\/uploads\/Sommer-Camp-DS-Tilin-Talan-2025-1.pdf\">Toda la informaci\u00f3n y formulario de inscripci\u00f3n aqu\u00ed. <\/a><\/p>\n\n\n\n<figure class=\"wp-block-image size-large\"><a href=\"https:\/\/colegioaleman.net\/wp-content\/uploads\/Sommer-Camp-DS-Tilin-Talan-2025-1.pdf\" target=\"_blank\" rel=\" noreferrer noopener\"><img fetchpriority=\"high\" decoding=\"async\" width=\"724\" height=\"1024\" src=\"https:\/\/colegioaleman.net\/wp-content\/uploads\/CASTELLANO-724x1024.jpg\" alt=\"\" class=\"wp-image-69647\" srcset=\"https:\/\/colegioaleman.net\/wp-content\/uploads\/CASTELLANO-724x1024.jpg 724w, https:\/\/colegioaleman.net\/wp-content\/uploads\/CASTELLANO-212x300.jpg 212w, https:\/\/colegioaleman.net\/wp-content\/uploads\/CASTELLANO-768x1086.jpg 768w, https:\/\/colegioaleman.net\/wp-content\/uploads\/CASTELLANO-1086x1536.jpg 1086w, https:\/\/colegioaleman.net\/wp-content\/uploads\/CASTELLANO-1448x2048.jpg 1448w, https:\/\/colegioaleman.net\/wp-content\/uploads\/CASTELLANO.jpg 1587w\" sizes=\"(max-width: 724px) 100vw, 724px\" \/><\/a><\/figure>\n\n\n\n<figure class=\"wp-block-image size-large\"><a href=\"https:\/\/colegioaleman.net\/wp-content\/uploads\/Sommer-Camp-DS-Tilin-Talan-2025-1.pdf\" target=\"_blank\" rel=\" noreferrer noopener\"><img decoding=\"async\" width=\"724\" height=\"1024\" src=\"https:\/\/colegioaleman.net\/wp-content\/uploads\/ALEMAN-724x1024.jpg\" alt=\"\" class=\"wp-image-69654\" srcset=\"https:\/\/colegioaleman.net\/wp-content\/uploads\/ALEMAN-724x1024.jpg 724w, https:\/\/colegioaleman.net\/wp-content\/uploads\/ALEMAN-212x300.jpg 212w, https:\/\/colegioaleman.net\/wp-content\/uploads\/ALEMAN-768x1086.jpg 768w, https:\/\/colegioaleman.net\/wp-content\/uploads\/ALEMAN-1086x1536.jpg 1086w, https:\/\/colegioaleman.net\/wp-content\/uploads\/ALEMAN-1448x2048.jpg 1448w, https:\/\/colegioaleman.net\/wp-content\/uploads\/ALEMAN.jpg 1587w\" sizes=\"(max-width: 724px) 100vw, 724px\" \/><\/a><\/figure>\n","protected":false},"excerpt":{"rendered":"<p>\u00a1Ya est\u00e1n abiertas las inscripciones para el Sommer Camp 2025 para ni\u00f1os y ni\u00f1as de 2 a 12 a\u00f1os! Deutsche Schule San Sebasti\u00e1n organiza con Tilin Talan unas colonias veraniegas donde la diversi\u00f3n est\u00e1 asegurada. Las inscripciones permanecer\u00e1n abiertas hasta el d\u00eda 31 de mayo de 2025. Toda la informaci\u00f3n y formulario de inscripci\u00f3n aqu\u00ed.<\/p>\n","protected":false},"author":7,"featured_media":69650,"comment_status":"closed","ping_status":"closed","sticky":false,"template":"","format":"standard","meta":{"site-sidebar-layout":"default","site-content-layout":"","ast-site-content-layout":"default","site-content-style":"default","site-sidebar-style":"default","ast-global-header-display":"","ast-banner-title-visibility":"","ast-main-header-display":"","ast-hfb-above-header-display":"","ast-hfb-below-header-display":"","ast-hfb-mobile-header-display":"","site-post-title":"","ast-breadcrumbs-content":"","ast-featured-img":"disabled","footer-sml-layout":"","ast-disable-related-posts":"","theme-transparent-header-meta":"","adv-header-id-meta":"","stick-header-meta":"","header-above-stick-meta":"","header-main-stick-meta":"","header-below-stick-meta":"","astra-migrate-meta-layouts":"set","ast-page-background-enabled":"default","ast-page-background-meta":{"desktop":{"background-color":"var(--ast-global-color-4)","background-image":"","background-repeat":"repeat","background-position":"center center","background-size":"auto","background-attachment":"scroll","background-type":"","background-media":"","overlay-type":"","overlay-color":"","overlay-opacity":"","overlay-gradient":""},"tablet":{"background-color":"","background-image":"","background-repeat":"repeat","background-position":"center center","background-size":"auto","background-attachment":"scroll","background-type":"","background-media":"","overlay-type":"","overlay-color":"","overlay-opacity":"","overlay-gradient":""},"mobile":{"background-color":"","background-image":"","background-repeat":"repeat","background-position":"center center","background-size":"auto","background-attachment":"scroll","background-type":"","background-media":"","overlay-type":"","overlay-color":"","overlay-opacity":"","overlay-gradient":""}},"ast-content-background-meta":{"desktop":{"background-color":"var(--ast-global-color-5)","background-image":"","background-repeat":"repeat","background-position":"center center","background-size":"auto","background-attachment":"scroll","background-type":"","background-media":"","overlay-type":"","overlay-color":"","overlay-opacity":"","overlay-gradient":""},"tablet":{"background-color":"var(--ast-global-color-5)","background-image":"","background-repeat":"repeat","background-position":"center center","background-size":"auto","background-attachment":"scroll","background-type":"","background-media":"","overlay-type":"","overlay-color":"","overlay-opacity":"","overlay-gradient":""},"mobile":{"background-color":"var(--ast-global-color-5)","background-image":"","background-repeat":"repeat","background-position":"center center","background-size":"auto","background-attachment":"scroll","background-type":"","background-media":"","overlay-type":"","overlay-color":"","overlay-opacity":"","overlay-gradient":""}},"footnotes":""},"categories":[22],"tags":[],"class_list":["post-69643","post","type-post","status-publish","format-standard","has-post-thumbnail","hentry","category-noticias"],"yoast_head":"<!-- This site is optimized with the Yoast SEO plugin v27.4 - https:\/\/yoast.com\/product\/yoast-seo-wordpress\/ -->\n<title>Sommer Camp 2025 en Deutsche Schule<\/title>\n<meta name=\"description\" content=\"Deutsche Schule San Sebasti\u00e1n organiza con Tilin Talan unas colonias veraniegas donde la diversi\u00f3n est\u00e1 asegurada.\" \/>\n<meta name=\"robots\" content=\"index, follow, max-snippet:-1, max-image-preview:large, max-video-preview:-1\" \/>\n<link rel=\"canonical\" href=\"https:\/\/colegioaleman.net\/eu\/sommer-camp-2025-en-deutsche-schule\/\" \/>\n<meta property=\"og:locale\" content=\"eu_ES\" \/>\n<meta property=\"og:type\" content=\"article\" \/>\n<meta property=\"og:title\" content=\"Sommer Camp 2025 en Deutsche Schule\" \/>\n<meta property=\"og:description\" content=\"Deutsche Schule San Sebasti\u00e1n organiza con Tilin Talan unas colonias veraniegas donde la diversi\u00f3n est\u00e1 asegurada.\" \/>\n<meta property=\"og:url\" content=\"https:\/\/colegioaleman.net\/eu\/sommer-camp-2025-en-deutsche-schule\/\" \/>\n<meta property=\"og:site_name\" content=\"Deutsche Schule San Sebasti&aacute;n\" \/>\n<meta property=\"article:published_time\" content=\"2025-03-21T14:31:20+00:00\" \/>\n<meta property=\"article:modified_time\" content=\"2025-03-21T14:31:22+00:00\" \/>\n<meta property=\"og:image\" content=\"https:\/\/colegioaleman.net\/wp-content\/uploads\/sommer-camp-2025-blog.jpg\" \/>\n\t<meta property=\"og:image:width\" content=\"1080\" \/>\n\t<meta property=\"og:image:height\" content=\"800\" \/>\n\t<meta property=\"og:image:type\" content=\"image\/jpeg\" \/>\n<meta name=\"author\" content=\"Comunicaci\u00f3n DS\" \/>\n<meta name=\"twitter:card\" content=\"summary_large_image\" \/>\n<meta name=\"twitter:label1\" content=\"Written by\" \/>\n\t<meta name=\"twitter:data1\" content=\"Comunicaci\u00f3n DS\" \/>\n\t<meta name=\"twitter:label2\" content=\"Est. reading time\" \/>\n\t<meta name=\"twitter:data2\" content=\"1 minute\" \/>\n<script type=\"application\/ld+json\" class=\"yoast-schema-graph\">{\"@context\":\"https:\\\/\\\/schema.org\",\"@graph\":[{\"@type\":\"NewsArticle\",\"@id\":\"https:\\\/\\\/colegioaleman.net\\\/eu\\\/sommer-camp-2025-en-deutsche-schule\\\/#article\",\"isPartOf\":{\"@id\":\"https:\\\/\\\/colegioaleman.net\\\/eu\\\/sommer-camp-2025-en-deutsche-schule\\\/\"},\"author\":{\"name\":\"Comunicaci\u00f3n DS\",\"@id\":\"https:\\\/\\\/colegioaleman.net\\\/eu\\\/#\\\/schema\\\/person\\\/6bcd7d12143d885834326c35f509a440\"},\"headline\":\"Sommer Camp 2025 en Deutsche Schule\",\"datePublished\":\"2025-03-21T14:31:20+00:00\",\"dateModified\":\"2025-03-21T14:31:22+00:00\",\"mainEntityOfPage\":{\"@id\":\"https:\\\/\\\/colegioaleman.net\\\/eu\\\/sommer-camp-2025-en-deutsche-schule\\\/\"},\"wordCount\":65,\"image\":{\"@id\":\"https:\\\/\\\/colegioaleman.net\\\/eu\\\/sommer-camp-2025-en-deutsche-schule\\\/#primaryimage\"},\"thumbnailUrl\":\"https:\\\/\\\/colegioaleman.net\\\/wp-content\\\/uploads\\\/sommer-camp-2025-blog.jpg\",\"articleSection\":[\"Novedades DS\"],\"inLanguage\":\"eu-ES\"},{\"@type\":[\"WebPage\",\"ItemPage\"],\"@id\":\"https:\\\/\\\/colegioaleman.net\\\/eu\\\/sommer-camp-2025-en-deutsche-schule\\\/\",\"url\":\"https:\\\/\\\/colegioaleman.net\\\/eu\\\/sommer-camp-2025-en-deutsche-schule\\\/\",\"name\":\"Sommer Camp 2025 en Deutsche Schule\",\"isPartOf\":{\"@id\":\"https:\\\/\\\/colegioaleman.net\\\/eu\\\/#website\"},\"primaryImageOfPage\":{\"@id\":\"https:\\\/\\\/colegioaleman.net\\\/eu\\\/sommer-camp-2025-en-deutsche-schule\\\/#primaryimage\"},\"image\":{\"@id\":\"https:\\\/\\\/colegioaleman.net\\\/eu\\\/sommer-camp-2025-en-deutsche-schule\\\/#primaryimage\"},\"thumbnailUrl\":\"https:\\\/\\\/colegioaleman.net\\\/wp-content\\\/uploads\\\/sommer-camp-2025-blog.jpg\",\"datePublished\":\"2025-03-21T14:31:20+00:00\",\"dateModified\":\"2025-03-21T14:31:22+00:00\",\"author\":{\"@id\":\"https:\\\/\\\/colegioaleman.net\\\/eu\\\/#\\\/schema\\\/person\\\/6bcd7d12143d885834326c35f509a440\"},\"description\":\"Deutsche Schule San Sebasti\u00e1n organiza con Tilin Talan unas colonias veraniegas donde la diversi\u00f3n est\u00e1 asegurada.\",\"breadcrumb\":{\"@id\":\"https:\\\/\\\/colegioaleman.net\\\/eu\\\/sommer-camp-2025-en-deutsche-schule\\\/#breadcrumb\"},\"inLanguage\":\"eu-ES\",\"potentialAction\":[{\"@type\":\"ReadAction\",\"target\":[\"https:\\\/\\\/colegioaleman.net\\\/eu\\\/sommer-camp-2025-en-deutsche-schule\\\/\"]}]},{\"@type\":\"ImageObject\",\"inLanguage\":\"eu-ES\",\"@id\":\"https:\\\/\\\/colegioaleman.net\\\/eu\\\/sommer-camp-2025-en-deutsche-schule\\\/#primaryimage\",\"url\":\"https:\\\/\\\/colegioaleman.net\\\/wp-content\\\/uploads\\\/sommer-camp-2025-blog.jpg\",\"contentUrl\":\"https:\\\/\\\/colegioaleman.net\\\/wp-content\\\/uploads\\\/sommer-camp-2025-blog.jpg\",\"width\":1080,\"height\":800},{\"@type\":\"BreadcrumbList\",\"@id\":\"https:\\\/\\\/colegioaleman.net\\\/eu\\\/sommer-camp-2025-en-deutsche-schule\\\/#breadcrumb\",\"itemListElement\":[{\"@type\":\"ListItem\",\"position\":1,\"name\":\"Home\",\"item\":\"https:\\\/\\\/colegioaleman.net\\\/eu\\\/\"},{\"@type\":\"ListItem\",\"position\":2,\"name\":\"Sommer Camp 2025 en Deutsche Schule\"}]},{\"@type\":\"WebSite\",\"@id\":\"https:\\\/\\\/colegioaleman.net\\\/eu\\\/#website\",\"url\":\"https:\\\/\\\/colegioaleman.net\\\/eu\\\/\",\"name\":\"Deutsche Schule San Sebasti&aacute;n\",\"description\":\"Colegio Alem&aacute;n San Alberto Magno\",\"potentialAction\":[{\"@type\":\"SearchAction\",\"target\":{\"@type\":\"EntryPoint\",\"urlTemplate\":\"https:\\\/\\\/colegioaleman.net\\\/eu\\\/?s={search_term_string}\"},\"query-input\":{\"@type\":\"PropertyValueSpecification\",\"valueRequired\":true,\"valueName\":\"search_term_string\"}}],\"inLanguage\":\"eu-ES\"},{\"@type\":\"Person\",\"@id\":\"https:\\\/\\\/colegioaleman.net\\\/eu\\\/#\\\/schema\\\/person\\\/6bcd7d12143d885834326c35f509a440\",\"name\":\"Comunicaci\u00f3n DS\",\"image\":{\"@type\":\"ImageObject\",\"inLanguage\":\"eu-ES\",\"@id\":\"https:\\\/\\\/secure.gravatar.com\\\/avatar\\\/4276d527a7afb9697a8e116a1f4a8676e75dca38469c7643daff85877db5147b?s=96&d=mm&r=g\",\"url\":\"https:\\\/\\\/secure.gravatar.com\\\/avatar\\\/4276d527a7afb9697a8e116a1f4a8676e75dca38469c7643daff85877db5147b?s=96&d=mm&r=g\",\"contentUrl\":\"https:\\\/\\\/secure.gravatar.com\\\/avatar\\\/4276d527a7afb9697a8e116a1f4a8676e75dca38469c7643daff85877db5147b?s=96&d=mm&r=g\",\"caption\":\"Comunicaci\u00f3n DS\"}}]}<\/script>\n<!-- \/ Yoast SEO plugin. -->","yoast_head_json":{"title":"Sommer Camp 2025 en Deutsche Schule","description":"Deutsche Schule San Sebasti\u00e1n organiza con Tilin Talan unas colonias veraniegas donde la diversi\u00f3n est\u00e1 asegurada.","robots":{"index":"index","follow":"follow","max-snippet":"max-snippet:-1","max-image-preview":"max-image-preview:large","max-video-preview":"max-video-preview:-1"},"canonical":"https:\/\/colegioaleman.net\/eu\/sommer-camp-2025-en-deutsche-schule\/","og_locale":"eu_ES","og_type":"article","og_title":"Sommer Camp 2025 en Deutsche Schule","og_description":"Deutsche Schule San Sebasti\u00e1n organiza con Tilin Talan unas colonias veraniegas donde la diversi\u00f3n est\u00e1 asegurada.","og_url":"https:\/\/colegioaleman.net\/eu\/sommer-camp-2025-en-deutsche-schule\/","og_site_name":"Deutsche Schule San Sebasti&aacute;n","article_published_time":"2025-03-21T14:31:20+00:00","article_modified_time":"2025-03-21T14:31:22+00:00","og_image":[{"width":1080,"height":800,"url":"https:\/\/colegioaleman.net\/wp-content\/uploads\/sommer-camp-2025-blog.jpg","type":"image\/jpeg"}],"author":"Comunicaci\u00f3n DS","twitter_card":"summary_large_image","twitter_misc":{"Written by":"Comunicaci\u00f3n DS","Est. reading time":"1 minute"},"schema":{"@context":"https:\/\/schema.org","@graph":[{"@type":"NewsArticle","@id":"https:\/\/colegioaleman.net\/eu\/sommer-camp-2025-en-deutsche-schule\/#article","isPartOf":{"@id":"https:\/\/colegioaleman.net\/eu\/sommer-camp-2025-en-deutsche-schule\/"},"author":{"name":"Comunicaci\u00f3n DS","@id":"https:\/\/colegioaleman.net\/eu\/#\/schema\/person\/6bcd7d12143d885834326c35f509a440"},"headline":"Sommer Camp 2025 en Deutsche Schule","datePublished":"2025-03-21T14:31:20+00:00","dateModified":"2025-03-21T14:31:22+00:00","mainEntityOfPage":{"@id":"https:\/\/colegioaleman.net\/eu\/sommer-camp-2025-en-deutsche-schule\/"},"wordCount":65,"image":{"@id":"https:\/\/colegioaleman.net\/eu\/sommer-camp-2025-en-deutsche-schule\/#primaryimage"},"thumbnailUrl":"https:\/\/colegioaleman.net\/wp-content\/uploads\/sommer-camp-2025-blog.jpg","articleSection":["Novedades DS"],"inLanguage":"eu-ES"},{"@type":["WebPage","ItemPage"],"@id":"https:\/\/colegioaleman.net\/eu\/sommer-camp-2025-en-deutsche-schule\/","url":"https:\/\/colegioaleman.net\/eu\/sommer-camp-2025-en-deutsche-schule\/","name":"Sommer Camp 2025 en Deutsche Schule","isPartOf":{"@id":"https:\/\/colegioaleman.net\/eu\/#website"},"primaryImageOfPage":{"@id":"https:\/\/colegioaleman.net\/eu\/sommer-camp-2025-en-deutsche-schule\/#primaryimage"},"image":{"@id":"https:\/\/colegioaleman.net\/eu\/sommer-camp-2025-en-deutsche-schule\/#primaryimage"},"thumbnailUrl":"https:\/\/colegioaleman.net\/wp-content\/uploads\/sommer-camp-2025-blog.jpg","datePublished":"2025-03-21T14:31:20+00:00","dateModified":"2025-03-21T14:31:22+00:00","author":{"@id":"https:\/\/colegioaleman.net\/eu\/#\/schema\/person\/6bcd7d12143d885834326c35f509a440"},"description":"Deutsche Schule San Sebasti\u00e1n organiza con Tilin Talan unas colonias veraniegas donde la diversi\u00f3n est\u00e1 asegurada.","breadcrumb":{"@id":"https:\/\/colegioaleman.net\/eu\/sommer-camp-2025-en-deutsche-schule\/#breadcrumb"},"inLanguage":"eu-ES","potentialAction":[{"@type":"ReadAction","target":["https:\/\/colegioaleman.net\/eu\/sommer-camp-2025-en-deutsche-schule\/"]}]},{"@type":"ImageObject","inLanguage":"eu-ES","@id":"https:\/\/colegioaleman.net\/eu\/sommer-camp-2025-en-deutsche-schule\/#primaryimage","url":"https:\/\/colegioaleman.net\/wp-content\/uploads\/sommer-camp-2025-blog.jpg","contentUrl":"https:\/\/colegioaleman.net\/wp-content\/uploads\/sommer-camp-2025-blog.jpg","width":1080,"height":800},{"@type":"BreadcrumbList","@id":"https:\/\/colegioaleman.net\/eu\/sommer-camp-2025-en-deutsche-schule\/#breadcrumb","itemListElement":[{"@type":"ListItem","position":1,"name":"Home","item":"https:\/\/colegioaleman.net\/eu\/"},{"@type":"ListItem","position":2,"name":"Sommer Camp 2025 en Deutsche Schule"}]},{"@type":"WebSite","@id":"https:\/\/colegioaleman.net\/eu\/#website","url":"https:\/\/colegioaleman.net\/eu\/","name":"Deutsche Schule San Sebasti&aacute;n","description":"Colegio Alem&aacute;n San Alberto Magno","potentialAction":[{"@type":"SearchAction","target":{"@type":"EntryPoint","urlTemplate":"https:\/\/colegioaleman.net\/eu\/?s={search_term_string}"},"query-input":{"@type":"PropertyValueSpecification","valueRequired":true,"valueName":"search_term_string"}}],"inLanguage":"eu-ES"},{"@type":"Person","@id":"https:\/\/colegioaleman.net\/eu\/#\/schema\/person\/6bcd7d12143d885834326c35f509a440","name":"Comunicaci\u00f3n DS","image":{"@type":"ImageObject","inLanguage":"eu-ES","@id":"https:\/\/secure.gravatar.com\/avatar\/4276d527a7afb9697a8e116a1f4a8676e75dca38469c7643daff85877db5147b?s=96&d=mm&r=g","url":"https:\/\/secure.gravatar.com\/avatar\/4276d527a7afb9697a8e116a1f4a8676e75dca38469c7643daff85877db5147b?s=96&d=mm&r=g","contentUrl":"https:\/\/secure.gravatar.com\/avatar\/4276d527a7afb9697a8e116a1f4a8676e75dca38469c7643daff85877db5147b?s=96&d=mm&r=g","caption":"Comunicaci\u00f3n DS"}}]}},"_links":{"self":[{"href":"https:\/\/colegioaleman.net\/eu\/wp-json\/wp\/v2\/posts\/69643","targetHints":{"allow":["GET"]}}],"collection":[{"href":"https:\/\/colegioaleman.net\/eu\/wp-json\/wp\/v2\/posts"}],"about":[{"href":"https:\/\/colegioaleman.net\/eu\/wp-json\/wp\/v2\/types\/post"}],"author":[{"embeddable":true,"href":"https:\/\/colegioaleman.net\/eu\/wp-json\/wp\/v2\/users\/7"}],"replies":[{"embeddable":true,"href":"https:\/\/colegioaleman.net\/eu\/wp-json\/wp\/v2\/comments?post=69643"}],"version-history":[{"count":0,"href":"https:\/\/colegioaleman.net\/eu\/wp-json\/wp\/v2\/posts\/69643\/revisions"}],"wp:featuredmedia":[{"embeddable":true,"href":"https:\/\/colegioaleman.net\/eu\/wp-json\/wp\/v2\/media\/69650"}],"wp:attachment":[{"href":"https:\/\/colegioaleman.net\/eu\/wp-json\/wp\/v2\/media?parent=69643"}],"wp:term":[{"taxonomy":"category","embeddable":true,"href":"https:\/\/colegioaleman.net\/eu\/wp-json\/wp\/v2\/categories?post=69643"},{"taxonomy":"post_tag","embeddable":true,"href":"https:\/\/colegioaleman.net\/eu\/wp-json\/wp\/v2\/tags?post=69643"}],"curies":[{"name":"wp","href":"https:\/\/api.w.org\/{rel}","templated":true}]}}