{"id":70627,"date":"2025-06-17T14:50:38","date_gmt":"2025-06-17T12:50:38","guid":{"rendered":"https:\/\/colegioaleman.net\/?p=70627"},"modified":"2025-06-17T14:50:40","modified_gmt":"2025-06-17T12:50:40","slug":"ciudad-playa-historia-y-tres-paises-nuestro-viaje-de-estudios-2025","status":"publish","type":"post","link":"https:\/\/colegioaleman.net\/eu\/ciudad-playa-historia-y-tres-paises-nuestro-viaje-de-estudios-2025\/","title":{"rendered":"Ciudad, playa, historia \u2013 \u00a1y tres pa\u00edses! Nuestro viaje de estudios 2025"},"content":{"rendered":"\n<p>Del 8 al 17 de junio, el alumnado de 1\u00ba de Bachillerato realiz\u00f3 su viaje de estudios \u2013 \u00a1y qu\u00e9 viaje!<\/p>\n\n\n\n<p>Cuatro noches en M\u00fanich: historia conmovedora en el Centro de Documentaci\u00f3n del Nazismo y en el campo de concentraci\u00f3n de Dachau, vistas panor\u00e1micas desde el Parque Ol\u00edmpico, momentos de descanso en el Jard\u00edn Ingl\u00e9s y cocina t\u00edpica en cervecer\u00edas tradicionales como el K\u00f6niglicher Hirschgarten. Tambi\u00e9n visitamos BMW Welt, el Palacio de Nymphenburg y realizamos una visita guiada con nuestro coordinador de viaje, el Sr. Graefe \u2013 adem\u00e1s, compartimos paseos por la ciudad junto a la profesora Fanninger.<\/p>\n\n\n\n<p>Despu\u00e9s fuimos a Lindau: tres noches a orillas del lago de Constanza. All\u00ed hicimos una ruta en bicicleta, pasamos tiempo en la playa de Nonnenhorn y ascendimos al monte Pf\u00e4nder, en Austria.<\/p>\n\n\n\n<p>Y a\u00fan quedaban sorpresas en el regreso: visitamos la espectacular cascada del Rin en Schaffhausen e hicimos una breve pero inolvidable parada en el lago Lem\u00e1n.<\/p>\n\n\n\n<p>As\u00ed recorrimos tres pa\u00edses germanoparlantes: Alemania, Austria y Suiza.<\/p>\n\n\n\n<p>Resumen del alumnado: una experiencia inolvidable, completa y enriquecedora.<\/p>\n\n\n\n<figure class=\"wp-block-gallery has-nested-images columns-default is-cropped wp-block-gallery-1 is-layout-flex wp-block-gallery-is-layout-flex\">\n<figure class=\"wp-block-image size-large\"><img fetchpriority=\"high\" decoding=\"async\" width=\"1024\" height=\"759\" data-id=\"70707\" src=\"https:\/\/colegioaleman.net\/wp-content\/uploads\/1-57-1024x759.jpg\" alt=\"\" class=\"wp-image-70707\" srcset=\"https:\/\/colegioaleman.net\/wp-content\/uploads\/1-57-1024x759.jpg 1024w, https:\/\/colegioaleman.net\/wp-content\/uploads\/1-57-300x222.jpg 300w, https:\/\/colegioaleman.net\/wp-content\/uploads\/1-57-768x569.jpg 768w, https:\/\/colegioaleman.net\/wp-content\/uploads\/1-57.jpg 1080w\" sizes=\"(max-width: 1024px) 100vw, 1024px\" \/><\/figure>\n\n\n\n<figure class=\"wp-block-image size-large\"><img decoding=\"async\" width=\"1024\" height=\"759\" data-id=\"70709\" src=\"https:\/\/colegioaleman.net\/wp-content\/uploads\/2-57-1024x759.jpg\" alt=\"\" class=\"wp-image-70709\" srcset=\"https:\/\/colegioaleman.net\/wp-content\/uploads\/2-57-1024x759.jpg 1024w, https:\/\/colegioaleman.net\/wp-content\/uploads\/2-57-300x222.jpg 300w, https:\/\/colegioaleman.net\/wp-content\/uploads\/2-57-768x569.jpg 768w, https:\/\/colegioaleman.net\/wp-content\/uploads\/2-57.jpg 1080w\" sizes=\"(max-width: 1024px) 100vw, 1024px\" \/><\/figure>\n\n\n\n<figure class=\"wp-block-image size-large\"><img decoding=\"async\" width=\"1024\" height=\"759\" data-id=\"70710\" src=\"https:\/\/colegioaleman.net\/wp-content\/uploads\/3-55-1024x759.jpg\" alt=\"\" class=\"wp-image-70710\" srcset=\"https:\/\/colegioaleman.net\/wp-content\/uploads\/3-55-1024x759.jpg 1024w, https:\/\/colegioaleman.net\/wp-content\/uploads\/3-55-300x222.jpg 300w, https:\/\/colegioaleman.net\/wp-content\/uploads\/3-55-768x569.jpg 768w, https:\/\/colegioaleman.net\/wp-content\/uploads\/3-55.jpg 1080w\" sizes=\"(max-width: 1024px) 100vw, 1024px\" \/><\/figure>\n\n\n\n<figure class=\"wp-block-image size-large\"><img loading=\"lazy\" decoding=\"async\" width=\"1024\" height=\"759\" data-id=\"70714\" src=\"https:\/\/colegioaleman.net\/wp-content\/uploads\/4-53-1024x759.jpg\" alt=\"\" class=\"wp-image-70714\" srcset=\"https:\/\/colegioaleman.net\/wp-content\/uploads\/4-53-1024x759.jpg 1024w, https:\/\/colegioaleman.net\/wp-content\/uploads\/4-53-300x222.jpg 300w, https:\/\/colegioaleman.net\/wp-content\/uploads\/4-53-768x569.jpg 768w, https:\/\/colegioaleman.net\/wp-content\/uploads\/4-53.jpg 1080w\" sizes=\"(max-width: 1024px) 100vw, 1024px\" \/><\/figure>\n\n\n\n<figure class=\"wp-block-image size-large\"><img loading=\"lazy\" decoding=\"async\" width=\"1024\" height=\"759\" data-id=\"70720\" src=\"https:\/\/colegioaleman.net\/wp-content\/uploads\/5-52-1024x759.jpg\" alt=\"\" class=\"wp-image-70720\" srcset=\"https:\/\/colegioaleman.net\/wp-content\/uploads\/5-52-1024x759.jpg 1024w, https:\/\/colegioaleman.net\/wp-content\/uploads\/5-52-300x222.jpg 300w, https:\/\/colegioaleman.net\/wp-content\/uploads\/5-52-768x569.jpg 768w, https:\/\/colegioaleman.net\/wp-content\/uploads\/5-52.jpg 1080w\" sizes=\"(max-width: 1024px) 100vw, 1024px\" \/><\/figure>\n\n\n\n<figure class=\"wp-block-image size-large\"><img loading=\"lazy\" decoding=\"async\" width=\"1024\" height=\"759\" data-id=\"70716\" src=\"https:\/\/colegioaleman.net\/wp-content\/uploads\/6-48-1024x759.jpg\" alt=\"\" class=\"wp-image-70716\" srcset=\"https:\/\/colegioaleman.net\/wp-content\/uploads\/6-48-1024x759.jpg 1024w, https:\/\/colegioaleman.net\/wp-content\/uploads\/6-48-300x222.jpg 300w, https:\/\/colegioaleman.net\/wp-content\/uploads\/6-48-768x569.jpg 768w, https:\/\/colegioaleman.net\/wp-content\/uploads\/6-48.jpg 1080w\" sizes=\"(max-width: 1024px) 100vw, 1024px\" \/><\/figure>\n\n\n\n<figure class=\"wp-block-image size-large\"><img loading=\"lazy\" decoding=\"async\" width=\"1024\" height=\"759\" data-id=\"70721\" src=\"https:\/\/colegioaleman.net\/wp-content\/uploads\/7-40-1024x759.jpg\" alt=\"\" class=\"wp-image-70721\" srcset=\"https:\/\/colegioaleman.net\/wp-content\/uploads\/7-40-1024x759.jpg 1024w, https:\/\/colegioaleman.net\/wp-content\/uploads\/7-40-300x222.jpg 300w, https:\/\/colegioaleman.net\/wp-content\/uploads\/7-40-768x569.jpg 768w, https:\/\/colegioaleman.net\/wp-content\/uploads\/7-40.jpg 1080w\" sizes=\"(max-width: 1024px) 100vw, 1024px\" \/><\/figure>\n\n\n\n<figure class=\"wp-block-image size-large\"><img loading=\"lazy\" decoding=\"async\" width=\"1024\" height=\"759\" data-id=\"70722\" src=\"https:\/\/colegioaleman.net\/wp-content\/uploads\/8-38-1024x759.jpg\" alt=\"\" class=\"wp-image-70722\" srcset=\"https:\/\/colegioaleman.net\/wp-content\/uploads\/8-38-1024x759.jpg 1024w, https:\/\/colegioaleman.net\/wp-content\/uploads\/8-38-300x222.jpg 300w, https:\/\/colegioaleman.net\/wp-content\/uploads\/8-38-768x569.jpg 768w, https:\/\/colegioaleman.net\/wp-content\/uploads\/8-38.jpg 1080w\" sizes=\"(max-width: 1024px) 100vw, 1024px\" \/><\/figure>\n\n\n\n<figure class=\"wp-block-image size-large\"><img loading=\"lazy\" decoding=\"async\" width=\"1024\" height=\"759\" data-id=\"70735\" src=\"https:\/\/colegioaleman.net\/wp-content\/uploads\/9-34-1024x759.jpg\" alt=\"\" class=\"wp-image-70735\" srcset=\"https:\/\/colegioaleman.net\/wp-content\/uploads\/9-34-1024x759.jpg 1024w, https:\/\/colegioaleman.net\/wp-content\/uploads\/9-34-300x222.jpg 300w, https:\/\/colegioaleman.net\/wp-content\/uploads\/9-34-768x569.jpg 768w, https:\/\/colegioaleman.net\/wp-content\/uploads\/9-34.jpg 1080w\" sizes=\"(max-width: 1024px) 100vw, 1024px\" \/><\/figure>\n\n\n\n<figure class=\"wp-block-image size-large\"><img loading=\"lazy\" decoding=\"async\" width=\"1024\" height=\"759\" data-id=\"70729\" src=\"https:\/\/colegioaleman.net\/wp-content\/uploads\/10-32-1024x759.jpg\" alt=\"\" class=\"wp-image-70729\" srcset=\"https:\/\/colegioaleman.net\/wp-content\/uploads\/10-32-1024x759.jpg 1024w, https:\/\/colegioaleman.net\/wp-content\/uploads\/10-32-300x222.jpg 300w, https:\/\/colegioaleman.net\/wp-content\/uploads\/10-32-768x569.jpg 768w, https:\/\/colegioaleman.net\/wp-content\/uploads\/10-32.jpg 1080w\" sizes=\"(max-width: 1024px) 100vw, 1024px\" \/><\/figure>\n\n\n\n<figure class=\"wp-block-image size-large\"><img loading=\"lazy\" decoding=\"async\" width=\"1024\" height=\"759\" data-id=\"70731\" src=\"https:\/\/colegioaleman.net\/wp-content\/uploads\/11-27-1024x759.jpg\" alt=\"\" class=\"wp-image-70731\" srcset=\"https:\/\/colegioaleman.net\/wp-content\/uploads\/11-27-1024x759.jpg 1024w, https:\/\/colegioaleman.net\/wp-content\/uploads\/11-27-300x222.jpg 300w, https:\/\/colegioaleman.net\/wp-content\/uploads\/11-27-768x569.jpg 768w, https:\/\/colegioaleman.net\/wp-content\/uploads\/11-27.jpg 1080w\" sizes=\"(max-width: 1024px) 100vw, 1024px\" \/><\/figure>\n\n\n\n<figure class=\"wp-block-image size-large\"><img loading=\"lazy\" decoding=\"async\" width=\"1024\" height=\"759\" data-id=\"70733\" src=\"https:\/\/colegioaleman.net\/wp-content\/uploads\/12-25-1024x759.jpg\" alt=\"\" class=\"wp-image-70733\" srcset=\"https:\/\/colegioaleman.net\/wp-content\/uploads\/12-25-1024x759.jpg 1024w, https:\/\/colegioaleman.net\/wp-content\/uploads\/12-25-300x222.jpg 300w, https:\/\/colegioaleman.net\/wp-content\/uploads\/12-25-768x569.jpg 768w, https:\/\/colegioaleman.net\/wp-content\/uploads\/12-25.jpg 1080w\" sizes=\"(max-width: 1024px) 100vw, 1024px\" \/><\/figure>\n\n\n\n<figure class=\"wp-block-image size-large\"><img loading=\"lazy\" decoding=\"async\" width=\"1024\" height=\"759\" data-id=\"70746\" src=\"https:\/\/colegioaleman.net\/wp-content\/uploads\/13-24-1024x759.jpg\" alt=\"\" class=\"wp-image-70746\" srcset=\"https:\/\/colegioaleman.net\/wp-content\/uploads\/13-24-1024x759.jpg 1024w, https:\/\/colegioaleman.net\/wp-content\/uploads\/13-24-300x222.jpg 300w, https:\/\/colegioaleman.net\/wp-content\/uploads\/13-24-768x569.jpg 768w, https:\/\/colegioaleman.net\/wp-content\/uploads\/13-24.jpg 1080w\" sizes=\"(max-width: 1024px) 100vw, 1024px\" \/><\/figure>\n\n\n\n<figure class=\"wp-block-image size-large\"><img loading=\"lazy\" decoding=\"async\" width=\"1024\" height=\"759\" data-id=\"70739\" src=\"https:\/\/colegioaleman.net\/wp-content\/uploads\/14-24-1024x759.jpg\" alt=\"\" class=\"wp-image-70739\" srcset=\"https:\/\/colegioaleman.net\/wp-content\/uploads\/14-24-1024x759.jpg 1024w, https:\/\/colegioaleman.net\/wp-content\/uploads\/14-24-300x222.jpg 300w, https:\/\/colegioaleman.net\/wp-content\/uploads\/14-24-768x569.jpg 768w, https:\/\/colegioaleman.net\/wp-content\/uploads\/14-24.jpg 1080w\" sizes=\"(max-width: 1024px) 100vw, 1024px\" \/><\/figure>\n\n\n\n<figure class=\"wp-block-image size-large\"><img loading=\"lazy\" decoding=\"async\" width=\"1024\" height=\"759\" data-id=\"70773\" src=\"https:\/\/colegioaleman.net\/wp-content\/uploads\/15-24-1024x759.jpg\" alt=\"\" class=\"wp-image-70773\" srcset=\"https:\/\/colegioaleman.net\/wp-content\/uploads\/15-24-1024x759.jpg 1024w, https:\/\/colegioaleman.net\/wp-content\/uploads\/15-24-300x222.jpg 300w, https:\/\/colegioaleman.net\/wp-content\/uploads\/15-24-768x569.jpg 768w, https:\/\/colegioaleman.net\/wp-content\/uploads\/15-24.jpg 1080w\" sizes=\"(max-width: 1024px) 100vw, 1024px\" \/><\/figure>\n\n\n\n<figure class=\"wp-block-image size-large\"><img loading=\"lazy\" decoding=\"async\" width=\"1024\" height=\"759\" data-id=\"70742\" src=\"https:\/\/colegioaleman.net\/wp-content\/uploads\/16-23-1024x759.jpg\" alt=\"\" class=\"wp-image-70742\" srcset=\"https:\/\/colegioaleman.net\/wp-content\/uploads\/16-23-1024x759.jpg 1024w, https:\/\/colegioaleman.net\/wp-content\/uploads\/16-23-300x222.jpg 300w, https:\/\/colegioaleman.net\/wp-content\/uploads\/16-23-768x569.jpg 768w, https:\/\/colegioaleman.net\/wp-content\/uploads\/16-23.jpg 1080w\" sizes=\"(max-width: 1024px) 100vw, 1024px\" \/><\/figure>\n\n\n\n<figure class=\"wp-block-image size-large\"><img loading=\"lazy\" decoding=\"async\" width=\"1024\" height=\"759\" data-id=\"70740\" src=\"https:\/\/colegioaleman.net\/wp-content\/uploads\/17-22-1024x759.jpg\" alt=\"\" class=\"wp-image-70740\" srcset=\"https:\/\/colegioaleman.net\/wp-content\/uploads\/17-22-1024x759.jpg 1024w, https:\/\/colegioaleman.net\/wp-content\/uploads\/17-22-300x222.jpg 300w, https:\/\/colegioaleman.net\/wp-content\/uploads\/17-22-768x569.jpg 768w, https:\/\/colegioaleman.net\/wp-content\/uploads\/17-22.jpg 1080w\" sizes=\"(max-width: 1024px) 100vw, 1024px\" \/><\/figure>\n\n\n\n<figure class=\"wp-block-image size-large\"><img loading=\"lazy\" decoding=\"async\" width=\"1024\" height=\"759\" data-id=\"70751\" src=\"https:\/\/colegioaleman.net\/wp-content\/uploads\/18-22-1024x759.jpg\" alt=\"\" class=\"wp-image-70751\" srcset=\"https:\/\/colegioaleman.net\/wp-content\/uploads\/18-22-1024x759.jpg 1024w, https:\/\/colegioaleman.net\/wp-content\/uploads\/18-22-300x222.jpg 300w, https:\/\/colegioaleman.net\/wp-content\/uploads\/18-22-768x569.jpg 768w, https:\/\/colegioaleman.net\/wp-content\/uploads\/18-22.jpg 1080w\" sizes=\"(max-width: 1024px) 100vw, 1024px\" \/><\/figure>\n\n\n\n<figure class=\"wp-block-image size-large\"><img loading=\"lazy\" decoding=\"async\" width=\"1024\" height=\"759\" data-id=\"70752\" src=\"https:\/\/colegioaleman.net\/wp-content\/uploads\/19-22-1024x759.jpg\" alt=\"\" class=\"wp-image-70752\" srcset=\"https:\/\/colegioaleman.net\/wp-content\/uploads\/19-22-1024x759.jpg 1024w, https:\/\/colegioaleman.net\/wp-content\/uploads\/19-22-300x222.jpg 300w, https:\/\/colegioaleman.net\/wp-content\/uploads\/19-22-768x569.jpg 768w, https:\/\/colegioaleman.net\/wp-content\/uploads\/19-22.jpg 1080w\" sizes=\"(max-width: 1024px) 100vw, 1024px\" \/><\/figure>\n\n\n\n<figure class=\"wp-block-image size-large\"><img loading=\"lazy\" decoding=\"async\" width=\"1024\" height=\"759\" data-id=\"70754\" src=\"https:\/\/colegioaleman.net\/wp-content\/uploads\/20-21-1024x759.jpg\" alt=\"\" class=\"wp-image-70754\" srcset=\"https:\/\/colegioaleman.net\/wp-content\/uploads\/20-21-1024x759.jpg 1024w, https:\/\/colegioaleman.net\/wp-content\/uploads\/20-21-300x222.jpg 300w, https:\/\/colegioaleman.net\/wp-content\/uploads\/20-21-768x569.jpg 768w, https:\/\/colegioaleman.net\/wp-content\/uploads\/20-21.jpg 1080w\" sizes=\"(max-width: 1024px) 100vw, 1024px\" \/><\/figure>\n\n\n\n<figure class=\"wp-block-image size-large\"><img loading=\"lazy\" decoding=\"async\" width=\"1024\" height=\"759\" data-id=\"70760\" src=\"https:\/\/colegioaleman.net\/wp-content\/uploads\/21-22-1024x759.jpg\" alt=\"\" class=\"wp-image-70760\" srcset=\"https:\/\/colegioaleman.net\/wp-content\/uploads\/21-22-1024x759.jpg 1024w, https:\/\/colegioaleman.net\/wp-content\/uploads\/21-22-300x222.jpg 300w, https:\/\/colegioaleman.net\/wp-content\/uploads\/21-22-768x569.jpg 768w, https:\/\/colegioaleman.net\/wp-content\/uploads\/21-22.jpg 1080w\" sizes=\"(max-width: 1024px) 100vw, 1024px\" \/><\/figure>\n\n\n\n<figure class=\"wp-block-image size-large\"><img loading=\"lazy\" decoding=\"async\" width=\"1024\" height=\"759\" data-id=\"70769\" src=\"https:\/\/colegioaleman.net\/wp-content\/uploads\/22-19-1024x759.jpg\" alt=\"\" class=\"wp-image-70769\" srcset=\"https:\/\/colegioaleman.net\/wp-content\/uploads\/22-19-1024x759.jpg 1024w, https:\/\/colegioaleman.net\/wp-content\/uploads\/22-19-300x222.jpg 300w, https:\/\/colegioaleman.net\/wp-content\/uploads\/22-19-768x569.jpg 768w, https:\/\/colegioaleman.net\/wp-content\/uploads\/22-19.jpg 1080w\" sizes=\"(max-width: 1024px) 100vw, 1024px\" \/><\/figure>\n\n\n\n<figure class=\"wp-block-image size-large\"><img loading=\"lazy\" decoding=\"async\" width=\"1024\" height=\"759\" data-id=\"70765\" src=\"https:\/\/colegioaleman.net\/wp-content\/uploads\/23-18-1024x759.jpg\" alt=\"\" class=\"wp-image-70765\" srcset=\"https:\/\/colegioaleman.net\/wp-content\/uploads\/23-18-1024x759.jpg 1024w, https:\/\/colegioaleman.net\/wp-content\/uploads\/23-18-300x222.jpg 300w, https:\/\/colegioaleman.net\/wp-content\/uploads\/23-18-768x569.jpg 768w, https:\/\/colegioaleman.net\/wp-content\/uploads\/23-18.jpg 1080w\" sizes=\"(max-width: 1024px) 100vw, 1024px\" \/><\/figure>\n\n\n\n<figure class=\"wp-block-image size-large\"><img loading=\"lazy\" decoding=\"async\" width=\"1024\" height=\"759\" data-id=\"70779\" src=\"https:\/\/colegioaleman.net\/wp-content\/uploads\/24-17-1024x759.jpg\" alt=\"\" class=\"wp-image-70779\" srcset=\"https:\/\/colegioaleman.net\/wp-content\/uploads\/24-17-1024x759.jpg 1024w, https:\/\/colegioaleman.net\/wp-content\/uploads\/24-17-300x222.jpg 300w, https:\/\/colegioaleman.net\/wp-content\/uploads\/24-17-768x569.jpg 768w, https:\/\/colegioaleman.net\/wp-content\/uploads\/24-17.jpg 1080w\" sizes=\"(max-width: 1024px) 100vw, 1024px\" \/><\/figure>\n\n\n\n<figure class=\"wp-block-image size-large\"><img loading=\"lazy\" decoding=\"async\" width=\"1024\" height=\"759\" data-id=\"70762\" src=\"https:\/\/colegioaleman.net\/wp-content\/uploads\/25-17-1024x759.jpg\" alt=\"\" class=\"wp-image-70762\" srcset=\"https:\/\/colegioaleman.net\/wp-content\/uploads\/25-17-1024x759.jpg 1024w, https:\/\/colegioaleman.net\/wp-content\/uploads\/25-17-300x222.jpg 300w, https:\/\/colegioaleman.net\/wp-content\/uploads\/25-17-768x569.jpg 768w, https:\/\/colegioaleman.net\/wp-content\/uploads\/25-17.jpg 1080w\" sizes=\"(max-width: 1024px) 100vw, 1024px\" \/><\/figure>\n\n\n\n<figure class=\"wp-block-image size-large\"><img loading=\"lazy\" decoding=\"async\" width=\"1024\" height=\"759\" data-id=\"70766\" src=\"https:\/\/colegioaleman.net\/wp-content\/uploads\/26-16-1024x759.jpg\" alt=\"\" class=\"wp-image-70766\" srcset=\"https:\/\/colegioaleman.net\/wp-content\/uploads\/26-16-1024x759.jpg 1024w, https:\/\/colegioaleman.net\/wp-content\/uploads\/26-16-300x222.jpg 300w, https:\/\/colegioaleman.net\/wp-content\/uploads\/26-16-768x569.jpg 768w, https:\/\/colegioaleman.net\/wp-content\/uploads\/26-16.jpg 1080w\" sizes=\"(max-width: 1024px) 100vw, 1024px\" \/><\/figure>\n\n\n\n<figure class=\"wp-block-image size-large\"><img loading=\"lazy\" decoding=\"async\" width=\"1024\" height=\"759\" data-id=\"70774\" src=\"https:\/\/colegioaleman.net\/wp-content\/uploads\/27-16-1024x759.jpg\" alt=\"\" class=\"wp-image-70774\" srcset=\"https:\/\/colegioaleman.net\/wp-content\/uploads\/27-16-1024x759.jpg 1024w, https:\/\/colegioaleman.net\/wp-content\/uploads\/27-16-300x222.jpg 300w, https:\/\/colegioaleman.net\/wp-content\/uploads\/27-16-768x569.jpg 768w, https:\/\/colegioaleman.net\/wp-content\/uploads\/27-16.jpg 1080w\" sizes=\"(max-width: 1024px) 100vw, 1024px\" \/><\/figure>\n<\/figure>\n","protected":false},"excerpt":{"rendered":"<p>Del 8 al 17 de junio, el alumnado de 1\u00ba de Bachillerato realiz\u00f3 su viaje de estudios \u2013 \u00a1y qu\u00e9 viaje! Cuatro noches en M\u00fanich: historia conmovedora en el Centro de Documentaci\u00f3n del Nazismo y en el campo de concentraci\u00f3n de Dachau, vistas panor\u00e1micas desde el Parque Ol\u00edmpico, momentos de descanso en el Jard\u00edn Ingl\u00e9s [&hellip;]<\/p>\n","protected":false},"author":7,"featured_media":70709,"comment_status":"closed","ping_status":"closed","sticky":false,"template":"","format":"standard","meta":{"site-sidebar-layout":"default","site-content-layout":"","ast-site-content-layout":"default","site-content-style":"default","site-sidebar-style":"default","ast-global-header-display":"","ast-banner-title-visibility":"","ast-main-header-display":"","ast-hfb-above-header-display":"","ast-hfb-below-header-display":"","ast-hfb-mobile-header-display":"","site-post-title":"","ast-breadcrumbs-content":"","ast-featured-img":"disabled","footer-sml-layout":"","ast-disable-related-posts":"","theme-transparent-header-meta":"","adv-header-id-meta":"","stick-header-meta":"","header-above-stick-meta":"","header-main-stick-meta":"","header-below-stick-meta":"","astra-migrate-meta-layouts":"set","ast-page-background-enabled":"default","ast-page-background-meta":{"desktop":{"background-color":"var(--ast-global-color-4)","background-image":"","background-repeat":"repeat","background-position":"center center","background-size":"auto","background-attachment":"scroll","background-type":"","background-media":"","overlay-type":"","overlay-color":"","overlay-opacity":"","overlay-gradient":""},"tablet":{"background-color":"","background-image":"","background-repeat":"repeat","background-position":"center center","background-size":"auto","background-attachment":"scroll","background-type":"","background-media":"","overlay-type":"","overlay-color":"","overlay-opacity":"","overlay-gradient":""},"mobile":{"background-color":"","background-image":"","background-repeat":"repeat","background-position":"center center","background-size":"auto","background-attachment":"scroll","background-type":"","background-media":"","overlay-type":"","overlay-color":"","overlay-opacity":"","overlay-gradient":""}},"ast-content-background-meta":{"desktop":{"background-color":"var(--ast-global-color-5)","background-image":"","background-repeat":"repeat","background-position":"center center","background-size":"auto","background-attachment":"scroll","background-type":"","background-media":"","overlay-type":"","overlay-color":"","overlay-opacity":"","overlay-gradient":""},"tablet":{"background-color":"var(--ast-global-color-5)","background-image":"","background-repeat":"repeat","background-position":"center center","background-size":"auto","background-attachment":"scroll","background-type":"","background-media":"","overlay-type":"","overlay-color":"","overlay-opacity":"","overlay-gradient":""},"mobile":{"background-color":"var(--ast-global-color-5)","background-image":"","background-repeat":"repeat","background-position":"center center","background-size":"auto","background-attachment":"scroll","background-type":"","background-media":"","overlay-type":"","overlay-color":"","overlay-opacity":"","overlay-gradient":""}},"footnotes":""},"categories":[74],"tags":[],"class_list":["post-70627","post","type-post","status-publish","format-standard","has-post-thumbnail","hentry","category-bachillerato"],"yoast_head":"<!-- This site is optimized with the Yoast SEO plugin v27.4 - https:\/\/yoast.com\/product\/yoast-seo-wordpress\/ -->\n<title>Viaje de estudios 1\u00ba Bachillerato Deutsche Schule San Sebasti\u00e1n<\/title>\n<meta name=\"description\" content=\"Del 8 al 17 de junio, el alumnado de 1\u00ba de Bachillerato realiz\u00f3 su viaje de estudios por Alemania, Austria y Suiza.\" \/>\n<meta name=\"robots\" content=\"index, follow, max-snippet:-1, max-image-preview:large, max-video-preview:-1\" \/>\n<link rel=\"canonical\" href=\"https:\/\/colegioaleman.net\/eu\/ciudad-playa-historia-y-tres-paises-nuestro-viaje-de-estudios-2025\/\" \/>\n<meta property=\"og:locale\" content=\"eu_ES\" \/>\n<meta property=\"og:type\" content=\"article\" \/>\n<meta property=\"og:title\" content=\"Viaje de estudios 1\u00ba Bachillerato Deutsche Schule San Sebasti\u00e1n\" \/>\n<meta property=\"og:description\" content=\"Del 8 al 17 de junio, el alumnado de 1\u00ba de Bachillerato realiz\u00f3 su viaje de estudios por Alemania, Austria y Suiza.\" \/>\n<meta property=\"og:url\" content=\"https:\/\/colegioaleman.net\/eu\/ciudad-playa-historia-y-tres-paises-nuestro-viaje-de-estudios-2025\/\" \/>\n<meta property=\"og:site_name\" content=\"Deutsche Schule San Sebasti&aacute;n\" \/>\n<meta property=\"article:published_time\" content=\"2025-06-17T12:50:38+00:00\" \/>\n<meta property=\"article:modified_time\" content=\"2025-06-17T12:50:40+00:00\" \/>\n<meta property=\"og:image\" content=\"https:\/\/colegioaleman.net\/wp-content\/uploads\/2-57.jpg\" \/>\n\t<meta property=\"og:image:width\" content=\"1080\" \/>\n\t<meta property=\"og:image:height\" content=\"800\" \/>\n\t<meta property=\"og:image:type\" content=\"image\/jpeg\" \/>\n<meta name=\"author\" content=\"Comunicaci\u00f3n DS\" \/>\n<meta name=\"twitter:card\" content=\"summary_large_image\" \/>\n<meta name=\"twitter:label1\" content=\"Written by\" \/>\n\t<meta name=\"twitter:data1\" content=\"Comunicaci\u00f3n DS\" \/>\n\t<meta name=\"twitter:label2\" content=\"Est. reading time\" \/>\n\t<meta name=\"twitter:data2\" content=\"1 minute\" \/>\n<script type=\"application\/ld+json\" class=\"yoast-schema-graph\">{\"@context\":\"https:\\\/\\\/schema.org\",\"@graph\":[{\"@type\":\"NewsArticle\",\"@id\":\"https:\\\/\\\/colegioaleman.net\\\/eu\\\/ciudad-playa-historia-y-tres-paises-nuestro-viaje-de-estudios-2025\\\/#article\",\"isPartOf\":{\"@id\":\"https:\\\/\\\/colegioaleman.net\\\/eu\\\/ciudad-playa-historia-y-tres-paises-nuestro-viaje-de-estudios-2025\\\/\"},\"author\":{\"name\":\"Comunicaci\u00f3n DS\",\"@id\":\"https:\\\/\\\/colegioaleman.net\\\/eu\\\/#\\\/schema\\\/person\\\/6bcd7d12143d885834326c35f509a440\"},\"headline\":\"Ciudad, playa, historia \u2013 \u00a1y tres pa\u00edses! Nuestro viaje de estudios 2025\",\"datePublished\":\"2025-06-17T12:50:38+00:00\",\"dateModified\":\"2025-06-17T12:50:40+00:00\",\"mainEntityOfPage\":{\"@id\":\"https:\\\/\\\/colegioaleman.net\\\/eu\\\/ciudad-playa-historia-y-tres-paises-nuestro-viaje-de-estudios-2025\\\/\"},\"wordCount\":197,\"image\":{\"@id\":\"https:\\\/\\\/colegioaleman.net\\\/eu\\\/ciudad-playa-historia-y-tres-paises-nuestro-viaje-de-estudios-2025\\\/#primaryimage\"},\"thumbnailUrl\":\"https:\\\/\\\/colegioaleman.net\\\/wp-content\\\/uploads\\\/2-57.jpg\",\"articleSection\":[\"Bachillerato\"],\"inLanguage\":\"eu-ES\"},{\"@type\":[\"WebPage\",\"ItemPage\"],\"@id\":\"https:\\\/\\\/colegioaleman.net\\\/eu\\\/ciudad-playa-historia-y-tres-paises-nuestro-viaje-de-estudios-2025\\\/\",\"url\":\"https:\\\/\\\/colegioaleman.net\\\/eu\\\/ciudad-playa-historia-y-tres-paises-nuestro-viaje-de-estudios-2025\\\/\",\"name\":\"Viaje de estudios 1\u00ba Bachillerato Deutsche Schule San Sebasti\u00e1n\",\"isPartOf\":{\"@id\":\"https:\\\/\\\/colegioaleman.net\\\/eu\\\/#website\"},\"primaryImageOfPage\":{\"@id\":\"https:\\\/\\\/colegioaleman.net\\\/eu\\\/ciudad-playa-historia-y-tres-paises-nuestro-viaje-de-estudios-2025\\\/#primaryimage\"},\"image\":{\"@id\":\"https:\\\/\\\/colegioaleman.net\\\/eu\\\/ciudad-playa-historia-y-tres-paises-nuestro-viaje-de-estudios-2025\\\/#primaryimage\"},\"thumbnailUrl\":\"https:\\\/\\\/colegioaleman.net\\\/wp-content\\\/uploads\\\/2-57.jpg\",\"datePublished\":\"2025-06-17T12:50:38+00:00\",\"dateModified\":\"2025-06-17T12:50:40+00:00\",\"author\":{\"@id\":\"https:\\\/\\\/colegioaleman.net\\\/eu\\\/#\\\/schema\\\/person\\\/6bcd7d12143d885834326c35f509a440\"},\"description\":\"Del 8 al 17 de junio, el alumnado de 1\u00ba de Bachillerato realiz\u00f3 su viaje de estudios por Alemania, Austria y Suiza.\",\"breadcrumb\":{\"@id\":\"https:\\\/\\\/colegioaleman.net\\\/eu\\\/ciudad-playa-historia-y-tres-paises-nuestro-viaje-de-estudios-2025\\\/#breadcrumb\"},\"inLanguage\":\"eu-ES\",\"potentialAction\":[{\"@type\":\"ReadAction\",\"target\":[\"https:\\\/\\\/colegioaleman.net\\\/eu\\\/ciudad-playa-historia-y-tres-paises-nuestro-viaje-de-estudios-2025\\\/\"]}]},{\"@type\":\"ImageObject\",\"inLanguage\":\"eu-ES\",\"@id\":\"https:\\\/\\\/colegioaleman.net\\\/eu\\\/ciudad-playa-historia-y-tres-paises-nuestro-viaje-de-estudios-2025\\\/#primaryimage\",\"url\":\"https:\\\/\\\/colegioaleman.net\\\/wp-content\\\/uploads\\\/2-57.jpg\",\"contentUrl\":\"https:\\\/\\\/colegioaleman.net\\\/wp-content\\\/uploads\\\/2-57.jpg\",\"width\":1080,\"height\":800},{\"@type\":\"BreadcrumbList\",\"@id\":\"https:\\\/\\\/colegioaleman.net\\\/eu\\\/ciudad-playa-historia-y-tres-paises-nuestro-viaje-de-estudios-2025\\\/#breadcrumb\",\"itemListElement\":[{\"@type\":\"ListItem\",\"position\":1,\"name\":\"Home\",\"item\":\"https:\\\/\\\/colegioaleman.net\\\/eu\\\/\"},{\"@type\":\"ListItem\",\"position\":2,\"name\":\"Ciudad, playa, historia \u2013 \u00a1y tres pa\u00edses! Nuestro viaje de estudios 2025\"}]},{\"@type\":\"WebSite\",\"@id\":\"https:\\\/\\\/colegioaleman.net\\\/eu\\\/#website\",\"url\":\"https:\\\/\\\/colegioaleman.net\\\/eu\\\/\",\"name\":\"Deutsche Schule San Sebasti&aacute;n\",\"description\":\"Colegio Alem&aacute;n San Alberto Magno\",\"potentialAction\":[{\"@type\":\"SearchAction\",\"target\":{\"@type\":\"EntryPoint\",\"urlTemplate\":\"https:\\\/\\\/colegioaleman.net\\\/eu\\\/?s={search_term_string}\"},\"query-input\":{\"@type\":\"PropertyValueSpecification\",\"valueRequired\":true,\"valueName\":\"search_term_string\"}}],\"inLanguage\":\"eu-ES\"},{\"@type\":\"Person\",\"@id\":\"https:\\\/\\\/colegioaleman.net\\\/eu\\\/#\\\/schema\\\/person\\\/6bcd7d12143d885834326c35f509a440\",\"name\":\"Comunicaci\u00f3n DS\",\"image\":{\"@type\":\"ImageObject\",\"inLanguage\":\"eu-ES\",\"@id\":\"https:\\\/\\\/secure.gravatar.com\\\/avatar\\\/4276d527a7afb9697a8e116a1f4a8676e75dca38469c7643daff85877db5147b?s=96&d=mm&r=g\",\"url\":\"https:\\\/\\\/secure.gravatar.com\\\/avatar\\\/4276d527a7afb9697a8e116a1f4a8676e75dca38469c7643daff85877db5147b?s=96&d=mm&r=g\",\"contentUrl\":\"https:\\\/\\\/secure.gravatar.com\\\/avatar\\\/4276d527a7afb9697a8e116a1f4a8676e75dca38469c7643daff85877db5147b?s=96&d=mm&r=g\",\"caption\":\"Comunicaci\u00f3n DS\"}}]}<\/script>\n<!-- \/ Yoast SEO plugin. -->","yoast_head_json":{"title":"Viaje de estudios 1\u00ba Bachillerato Deutsche Schule San Sebasti\u00e1n","description":"Del 8 al 17 de junio, el alumnado de 1\u00ba de Bachillerato realiz\u00f3 su viaje de estudios por Alemania, Austria y Suiza.","robots":{"index":"index","follow":"follow","max-snippet":"max-snippet:-1","max-image-preview":"max-image-preview:large","max-video-preview":"max-video-preview:-1"},"canonical":"https:\/\/colegioaleman.net\/eu\/ciudad-playa-historia-y-tres-paises-nuestro-viaje-de-estudios-2025\/","og_locale":"eu_ES","og_type":"article","og_title":"Viaje de estudios 1\u00ba Bachillerato Deutsche Schule San Sebasti\u00e1n","og_description":"Del 8 al 17 de junio, el alumnado de 1\u00ba de Bachillerato realiz\u00f3 su viaje de estudios por Alemania, Austria y Suiza.","og_url":"https:\/\/colegioaleman.net\/eu\/ciudad-playa-historia-y-tres-paises-nuestro-viaje-de-estudios-2025\/","og_site_name":"Deutsche Schule San Sebasti&aacute;n","article_published_time":"2025-06-17T12:50:38+00:00","article_modified_time":"2025-06-17T12:50:40+00:00","og_image":[{"width":1080,"height":800,"url":"https:\/\/colegioaleman.net\/wp-content\/uploads\/2-57.jpg","type":"image\/jpeg"}],"author":"Comunicaci\u00f3n DS","twitter_card":"summary_large_image","twitter_misc":{"Written by":"Comunicaci\u00f3n DS","Est. reading time":"1 minute"},"schema":{"@context":"https:\/\/schema.org","@graph":[{"@type":"NewsArticle","@id":"https:\/\/colegioaleman.net\/eu\/ciudad-playa-historia-y-tres-paises-nuestro-viaje-de-estudios-2025\/#article","isPartOf":{"@id":"https:\/\/colegioaleman.net\/eu\/ciudad-playa-historia-y-tres-paises-nuestro-viaje-de-estudios-2025\/"},"author":{"name":"Comunicaci\u00f3n DS","@id":"https:\/\/colegioaleman.net\/eu\/#\/schema\/person\/6bcd7d12143d885834326c35f509a440"},"headline":"Ciudad, playa, historia \u2013 \u00a1y tres pa\u00edses! Nuestro viaje de estudios 2025","datePublished":"2025-06-17T12:50:38+00:00","dateModified":"2025-06-17T12:50:40+00:00","mainEntityOfPage":{"@id":"https:\/\/colegioaleman.net\/eu\/ciudad-playa-historia-y-tres-paises-nuestro-viaje-de-estudios-2025\/"},"wordCount":197,"image":{"@id":"https:\/\/colegioaleman.net\/eu\/ciudad-playa-historia-y-tres-paises-nuestro-viaje-de-estudios-2025\/#primaryimage"},"thumbnailUrl":"https:\/\/colegioaleman.net\/wp-content\/uploads\/2-57.jpg","articleSection":["Bachillerato"],"inLanguage":"eu-ES"},{"@type":["WebPage","ItemPage"],"@id":"https:\/\/colegioaleman.net\/eu\/ciudad-playa-historia-y-tres-paises-nuestro-viaje-de-estudios-2025\/","url":"https:\/\/colegioaleman.net\/eu\/ciudad-playa-historia-y-tres-paises-nuestro-viaje-de-estudios-2025\/","name":"Viaje de estudios 1\u00ba Bachillerato Deutsche Schule San Sebasti\u00e1n","isPartOf":{"@id":"https:\/\/colegioaleman.net\/eu\/#website"},"primaryImageOfPage":{"@id":"https:\/\/colegioaleman.net\/eu\/ciudad-playa-historia-y-tres-paises-nuestro-viaje-de-estudios-2025\/#primaryimage"},"image":{"@id":"https:\/\/colegioaleman.net\/eu\/ciudad-playa-historia-y-tres-paises-nuestro-viaje-de-estudios-2025\/#primaryimage"},"thumbnailUrl":"https:\/\/colegioaleman.net\/wp-content\/uploads\/2-57.jpg","datePublished":"2025-06-17T12:50:38+00:00","dateModified":"2025-06-17T12:50:40+00:00","author":{"@id":"https:\/\/colegioaleman.net\/eu\/#\/schema\/person\/6bcd7d12143d885834326c35f509a440"},"description":"Del 8 al 17 de junio, el alumnado de 1\u00ba de Bachillerato realiz\u00f3 su viaje de estudios por Alemania, Austria y Suiza.","breadcrumb":{"@id":"https:\/\/colegioaleman.net\/eu\/ciudad-playa-historia-y-tres-paises-nuestro-viaje-de-estudios-2025\/#breadcrumb"},"inLanguage":"eu-ES","potentialAction":[{"@type":"ReadAction","target":["https:\/\/colegioaleman.net\/eu\/ciudad-playa-historia-y-tres-paises-nuestro-viaje-de-estudios-2025\/"]}]},{"@type":"ImageObject","inLanguage":"eu-ES","@id":"https:\/\/colegioaleman.net\/eu\/ciudad-playa-historia-y-tres-paises-nuestro-viaje-de-estudios-2025\/#primaryimage","url":"https:\/\/colegioaleman.net\/wp-content\/uploads\/2-57.jpg","contentUrl":"https:\/\/colegioaleman.net\/wp-content\/uploads\/2-57.jpg","width":1080,"height":800},{"@type":"BreadcrumbList","@id":"https:\/\/colegioaleman.net\/eu\/ciudad-playa-historia-y-tres-paises-nuestro-viaje-de-estudios-2025\/#breadcrumb","itemListElement":[{"@type":"ListItem","position":1,"name":"Home","item":"https:\/\/colegioaleman.net\/eu\/"},{"@type":"ListItem","position":2,"name":"Ciudad, playa, historia \u2013 \u00a1y tres pa\u00edses! Nuestro viaje de estudios 2025"}]},{"@type":"WebSite","@id":"https:\/\/colegioaleman.net\/eu\/#website","url":"https:\/\/colegioaleman.net\/eu\/","name":"Deutsche Schule San Sebasti&aacute;n","description":"Colegio Alem&aacute;n San Alberto Magno","potentialAction":[{"@type":"SearchAction","target":{"@type":"EntryPoint","urlTemplate":"https:\/\/colegioaleman.net\/eu\/?s={search_term_string}"},"query-input":{"@type":"PropertyValueSpecification","valueRequired":true,"valueName":"search_term_string"}}],"inLanguage":"eu-ES"},{"@type":"Person","@id":"https:\/\/colegioaleman.net\/eu\/#\/schema\/person\/6bcd7d12143d885834326c35f509a440","name":"Comunicaci\u00f3n DS","image":{"@type":"ImageObject","inLanguage":"eu-ES","@id":"https:\/\/secure.gravatar.com\/avatar\/4276d527a7afb9697a8e116a1f4a8676e75dca38469c7643daff85877db5147b?s=96&d=mm&r=g","url":"https:\/\/secure.gravatar.com\/avatar\/4276d527a7afb9697a8e116a1f4a8676e75dca38469c7643daff85877db5147b?s=96&d=mm&r=g","contentUrl":"https:\/\/secure.gravatar.com\/avatar\/4276d527a7afb9697a8e116a1f4a8676e75dca38469c7643daff85877db5147b?s=96&d=mm&r=g","caption":"Comunicaci\u00f3n DS"}}]}},"_links":{"self":[{"href":"https:\/\/colegioaleman.net\/eu\/wp-json\/wp\/v2\/posts\/70627","targetHints":{"allow":["GET"]}}],"collection":[{"href":"https:\/\/colegioaleman.net\/eu\/wp-json\/wp\/v2\/posts"}],"about":[{"href":"https:\/\/colegioaleman.net\/eu\/wp-json\/wp\/v2\/types\/post"}],"author":[{"embeddable":true,"href":"https:\/\/colegioaleman.net\/eu\/wp-json\/wp\/v2\/users\/7"}],"replies":[{"embeddable":true,"href":"https:\/\/colegioaleman.net\/eu\/wp-json\/wp\/v2\/comments?post=70627"}],"version-history":[{"count":1,"href":"https:\/\/colegioaleman.net\/eu\/wp-json\/wp\/v2\/posts\/70627\/revisions"}],"predecessor-version":[{"id":70782,"href":"https:\/\/colegioaleman.net\/eu\/wp-json\/wp\/v2\/posts\/70627\/revisions\/70782"}],"wp:featuredmedia":[{"embeddable":true,"href":"https:\/\/colegioaleman.net\/eu\/wp-json\/wp\/v2\/media\/70709"}],"wp:attachment":[{"href":"https:\/\/colegioaleman.net\/eu\/wp-json\/wp\/v2\/media?parent=70627"}],"wp:term":[{"taxonomy":"category","embeddable":true,"href":"https:\/\/colegioaleman.net\/eu\/wp-json\/wp\/v2\/categories?post=70627"},{"taxonomy":"post_tag","embeddable":true,"href":"https:\/\/colegioaleman.net\/eu\/wp-json\/wp\/v2\/tags?post=70627"}],"curies":[{"name":"wp","href":"https:\/\/api.w.org\/{rel}","templated":true}]}}